{"id":29684,"date":"2020-09-01T19:47:00","date_gmt":"2020-09-01T23:47:00","guid":{"rendered":"http:\/\/blogdalucianaoliveira.com.br\/blog\/?p=29684"},"modified":"2020-09-01T19:47:04","modified_gmt":"2020-09-01T23:47:04","slug":"podcast-ppkast-fala-sobre-o-midia-ativismo-e-a-sua-importancia-durante-o-periodo-de-isolamento-social","status":"publish","type":"post","link":"http:\/\/blogdalucianaoliveira.com.br\/blog\/2020\/09\/01\/podcast-ppkast-fala-sobre-o-midia-ativismo-e-a-sua-importancia-durante-o-periodo-de-isolamento-social\/","title":{"rendered":"PODCAST: PPKAST Fala sobre o m\u00eddia ativismo e a sua import\u00e2ncia durante o per\u00edodo de isolamento social"},"content":{"rendered":"\n<figure class=\"wp-block-image size-large\"><img data-recalc-dims=\"1\" loading=\"lazy\" decoding=\"async\" width=\"600\" height=\"261\" data-attachment-id=\"29685\" data-permalink=\"http:\/\/blogdalucianaoliveira.com.br\/blog\/2020\/09\/01\/podcast-ppkast-fala-sobre-o-midia-ativismo-e-a-sua-importancia-durante-o-periodo-de-isolamento-social\/383b19fd-633c-42cc-8d3b-5c739764741c\/\" data-orig-file=\"https:\/\/i0.wp.com\/blogdalucianaoliveira.com.br\/blog\/wp-content\/uploads\/2020\/09\/383B19FD-633C-42CC-8D3B-5C739764741C.jpeg?fit=677%2C295\" data-orig-size=\"677,295\" data-comments-opened=\"0\" data-image-meta=\"{&quot;aperture&quot;:&quot;0&quot;,&quot;credit&quot;:&quot;&quot;,&quot;camera&quot;:&quot;&quot;,&quot;caption&quot;:&quot;&quot;,&quot;created_timestamp&quot;:&quot;0&quot;,&quot;copyright&quot;:&quot;&quot;,&quot;focal_length&quot;:&quot;0&quot;,&quot;iso&quot;:&quot;0&quot;,&quot;shutter_speed&quot;:&quot;0&quot;,&quot;title&quot;:&quot;&quot;,&quot;orientation&quot;:&quot;1&quot;}\" data-image-title=\"383B19FD-633C-42CC-8D3B-5C739764741C\" data-image-description=\"\" data-image-caption=\"\" data-medium-file=\"https:\/\/i0.wp.com\/blogdalucianaoliveira.com.br\/blog\/wp-content\/uploads\/2020\/09\/383B19FD-633C-42CC-8D3B-5C739764741C.jpeg?fit=300%2C131\" data-large-file=\"https:\/\/i0.wp.com\/blogdalucianaoliveira.com.br\/blog\/wp-content\/uploads\/2020\/09\/383B19FD-633C-42CC-8D3B-5C739764741C.jpeg?fit=600%2C261\" src=\"https:\/\/i0.wp.com\/blogdalucianaoliveira.com.br\/blog\/wp-content\/uploads\/2020\/09\/383B19FD-633C-42CC-8D3B-5C739764741C.jpeg?resize=600%2C261\" alt=\"\" class=\"wp-image-29685\" srcset=\"https:\/\/i0.wp.com\/blogdalucianaoliveira.com.br\/blog\/wp-content\/uploads\/2020\/09\/383B19FD-633C-42CC-8D3B-5C739764741C.jpeg?w=677 677w, https:\/\/i0.wp.com\/blogdalucianaoliveira.com.br\/blog\/wp-content\/uploads\/2020\/09\/383B19FD-633C-42CC-8D3B-5C739764741C.jpeg?resize=300%2C131 300w\" sizes=\"auto, (max-width: 600px) 100vw, 600px\" \/><\/figure>\n\n\n\n<p>Na pr\u00f3xima ter\u00e7a-feira, dia 08 de setembro, o PPKast \u2013 podcast portovelhense produzido e apresentado por mulheres \u2013 d\u00e1 continuidade a s\u00e9rie Mulheres na Pandemia com um tema latente em \u00e9poca de pandemia: o ativismo midi\u00e1tico.<\/p>\n\n\n\n<!--more-->\n\n\n\n<p>Produzido e apresentado por Carolina Zemuner e Izabela Lima, o terceiro epis\u00f3dio da s\u00e9rie convida a jornalista Luciana Oliveira para uma reflex\u00e3o a respeito da sua atua\u00e7\u00e3o enquanto m\u00eddia livrista, os desafios encontrados em denunciar crimes ambientais e outras arbitrariedades; e os poss\u00edveis caminhos para a defesa e reafirma\u00e7\u00e3o da democracia brasileira.<\/p>\n\n\n\n<p>Luciana Oliveira \u00e9 jornalista, bacharel em Direito, atuou como rep\u00f3rter, \u00e2ncora de telejornal, chefe de reda\u00e7\u00e3o e de assessoria. Atualmente, como m\u00eddia ativista, publica mat\u00e9rias diariamente no &amp;quot;Blog da Luciana Oliveira&amp;quot;. Tamb\u00e9m \u00e9 colunista no Brasil 247 e da p\u00e1gina Gente de opini\u00e3o.<\/p>\n\n\n\n<p>Este e outros epis\u00f3dios estar\u00e3o dispon\u00edveis gratuitamente no Spotify e Youtube nos<br>endere\u00e7os registrados abaixo.<\/p>\n\n\n\n<p>Servi\u00e7o: Lan\u00e7amento do novo epis\u00f3dio da s\u00e9rie \u201cMulheres na Quarentena\u201d, do PPKast \u2013 um podcast feminista<br>Quando? 08\/09\/2020<br>Onde?<br>Spotify:&nbsp;https:\/\/open.spotify.com\/show\/1AEpicaWOruQUKVyzbF4DN?si=HyrCUPzpQn<br>ufsRbVmIa3tA<br>Youtube:&nbsp;https:\/\/www.youtube.com\/channel\/UC6vxuvNkk6_CHQ0o-_e2nvA<br>Quanto? Gratuito<br>Classifica\u00e7\u00e3o indicativa: 14 anos<br>Produ\u00e7\u00e3o e Apresenta\u00e7\u00e3o: Carolina Zemuner e Izabela Lima<br>Produ\u00e7\u00e3o e Edi\u00e7\u00e3o: Virg\u00ednia Duan<br>Porto Velho \u2013 RO<br>Contato<br>E-mail:&nbsp;contatoppkast@gmail.com<\/p>\n","protected":false},"excerpt":{"rendered":"<p>Na pr\u00f3xima ter\u00e7a-feira, dia 08 de setembro, o PPKast \u2013 podcast portovelhense produzido e apresentado por mulheres \u2013 d\u00e1 continuidade a s\u00e9rie Mulheres na Pandemia com um tema latente em \u00e9poca de pandemia: o ativismo midi\u00e1tico.<\/p>\n","protected":false},"author":1,"featured_media":0,"comment_status":"closed","ping_status":"open","sticky":false,"template":"","format":"standard","meta":{"_exactmetrics_skip_tracking":false,"_exactmetrics_sitenote_active":false,"_exactmetrics_sitenote_note":"","_exactmetrics_sitenote_category":0,"jetpack_post_was_ever_published":false,"_jetpack_newsletter_access":"","_jetpack_dont_email_post_to_subs":false,"_jetpack_newsletter_tier_id":0,"_jetpack_memberships_contains_paywalled_content":false,"_jetpack_memberships_contains_paid_content":false,"footnotes":"","jetpack_publicize_message":"","jetpack_publicize_feature_enabled":true,"jetpack_social_post_already_shared":true,"jetpack_social_options":{"image_generator_settings":{"template":"highway","enabled":false},"version":2}},"categories":[1],"tags":[],"class_list":["post-29684","post","type-post","status-publish","format-standard","hentry","category-notas"],"jetpack_publicize_connections":[],"jetpack_sharing_enabled":true,"jetpack_featured_media_url":"","jetpack_shortlink":"https:\/\/wp.me\/p7wKYW-7IM","jetpack-related-posts":[],"_links":{"self":[{"href":"http:\/\/blogdalucianaoliveira.com.br\/blog\/wp-json\/wp\/v2\/posts\/29684","targetHints":{"allow":["GET"]}}],"collection":[{"href":"http:\/\/blogdalucianaoliveira.com.br\/blog\/wp-json\/wp\/v2\/posts"}],"about":[{"href":"http:\/\/blogdalucianaoliveira.com.br\/blog\/wp-json\/wp\/v2\/types\/post"}],"author":[{"embeddable":true,"href":"http:\/\/blogdalucianaoliveira.com.br\/blog\/wp-json\/wp\/v2\/users\/1"}],"replies":[{"embeddable":true,"href":"http:\/\/blogdalucianaoliveira.com.br\/blog\/wp-json\/wp\/v2\/comments?post=29684"}],"version-history":[{"count":1,"href":"http:\/\/blogdalucianaoliveira.com.br\/blog\/wp-json\/wp\/v2\/posts\/29684\/revisions"}],"predecessor-version":[{"id":29686,"href":"http:\/\/blogdalucianaoliveira.com.br\/blog\/wp-json\/wp\/v2\/posts\/29684\/revisions\/29686"}],"wp:attachment":[{"href":"http:\/\/blogdalucianaoliveira.com.br\/blog\/wp-json\/wp\/v2\/media?parent=29684"}],"wp:term":[{"taxonomy":"category","embeddable":true,"href":"http:\/\/blogdalucianaoliveira.com.br\/blog\/wp-json\/wp\/v2\/categories?post=29684"},{"taxonomy":"post_tag","embeddable":true,"href":"http:\/\/blogdalucianaoliveira.com.br\/blog\/wp-json\/wp\/v2\/tags?post=29684"}],"curies":[{"name":"wp","href":"https:\/\/api.w.org\/{rel}","templated":true}]}}