{"id":29687,"date":"2020-09-02T19:33:04","date_gmt":"2020-09-02T23:33:04","guid":{"rendered":"http:\/\/blogdalucianaoliveira.com.br\/blog\/?p=29687"},"modified":"2020-09-02T19:33:12","modified_gmt":"2020-09-02T23:33:12","slug":"especialistas-criticam-fala-de-bolsonaro-sobre-nao-poder-obrigar-ninguem-a-tomar-vacina","status":"publish","type":"post","link":"http:\/\/blogdalucianaoliveira.com.br\/blog\/2020\/09\/02\/especialistas-criticam-fala-de-bolsonaro-sobre-nao-poder-obrigar-ninguem-a-tomar-vacina\/","title":{"rendered":"Especialistas criticam fala de Bolsonaro sobre n\u00e3o poder &#8216;obrigar ningu\u00e9m a tomar vacina&#8217;"},"content":{"rendered":"\n<figure class=\"wp-block-image size-large\"><img data-recalc-dims=\"1\" loading=\"lazy\" decoding=\"async\" width=\"426\" height=\"240\" data-attachment-id=\"29688\" data-permalink=\"http:\/\/blogdalucianaoliveira.com.br\/blog\/2020\/09\/02\/especialistas-criticam-fala-de-bolsonaro-sobre-nao-poder-obrigar-ninguem-a-tomar-vacina\/image-2-17\/\" data-orig-file=\"https:\/\/i0.wp.com\/blogdalucianaoliveira.com.br\/blog\/wp-content\/uploads\/2020\/09\/image-2.jpeg?fit=426%2C240\" data-orig-size=\"426,240\" data-comments-opened=\"0\" data-image-meta=\"{&quot;aperture&quot;:&quot;0&quot;,&quot;credit&quot;:&quot;&quot;,&quot;camera&quot;:&quot;&quot;,&quot;caption&quot;:&quot;&quot;,&quot;created_timestamp&quot;:&quot;0&quot;,&quot;copyright&quot;:&quot;&quot;,&quot;focal_length&quot;:&quot;0&quot;,&quot;iso&quot;:&quot;0&quot;,&quot;shutter_speed&quot;:&quot;0&quot;,&quot;title&quot;:&quot;&quot;,&quot;orientation&quot;:&quot;0&quot;}\" data-image-title=\"image-2\" data-image-description=\"\" data-image-caption=\"\" data-medium-file=\"https:\/\/i0.wp.com\/blogdalucianaoliveira.com.br\/blog\/wp-content\/uploads\/2020\/09\/image-2.jpeg?fit=300%2C169\" data-large-file=\"https:\/\/i0.wp.com\/blogdalucianaoliveira.com.br\/blog\/wp-content\/uploads\/2020\/09\/image-2.jpeg?fit=426%2C240\" src=\"https:\/\/i0.wp.com\/blogdalucianaoliveira.com.br\/blog\/wp-content\/uploads\/2020\/09\/image-2.jpeg?resize=426%2C240\" alt=\"\" class=\"wp-image-29688\" srcset=\"https:\/\/i0.wp.com\/blogdalucianaoliveira.com.br\/blog\/wp-content\/uploads\/2020\/09\/image-2.jpeg?w=426 426w, https:\/\/i0.wp.com\/blogdalucianaoliveira.com.br\/blog\/wp-content\/uploads\/2020\/09\/image-2.jpeg?resize=300%2C169 300w\" sizes=\"auto, (max-width: 426px) 100vw, 426px\" \/><\/figure>\n\n\n\n<h4 class=\"wp-block-heading\">Presidente deu declara\u00e7\u00e3o a apoiadora no Alvorada, mas lei de fevereiro prev\u00ea vacina\u00e7\u00e3o compuls\u00f3ria. Entidades dizem que fala p\u00f5e em risco ades\u00e3o \u00e0 futura vacina contra a Covid-19.<\/h4>\n\n\n\n<!--more-->\n\n\n\n<p>Por Raquel Honorato, TV Globo<\/p>\n\n\n\n<p>Entidades e especialistas reagiram, nesta quarta-feira (2), \u00e0 declara\u00e7\u00e3o do presidente<a href=\"https:\/\/g1.globo.com\/politica\/politico\/jair-bolsonaro\/\">Jair Bolsonaro<\/a>&nbsp;de que ningu\u00e9m poderia ser obrigado a tomar vacinas. A frase foi dita no momento em que as esperan\u00e7as da comunidade cient\u00edfica se voltam para a descoberta de&nbsp;<a href=\"https:\/\/g1.globo.com\/bemestar\/vacina\/noticia\/2020\/08\/31\/a-imensa-logistica-por-tras-da-futura-vacina-contra-covid-19.ghtml\">vacinas eficazes<\/a>&nbsp;para frear o avan\u00e7o da&nbsp;<a href=\"https:\/\/g1.globo.com\/bemestar\/coronavirus\/\">pandemia do novo coronav\u00edrus.<\/a><\/p>\n\n\n\n<p>Bolsonaro deu a declara\u00e7\u00e3o na \u00faltima segunda (31), em conversa com apoiadores na porta do Pal\u00e1cio da Alvorada. Uma mulher, que se identificou como profissional de sa\u00fade, disse a Jair Bolsonaro que era preciso cuidado com as vacinas em desenvolvimento contra a Covid-19.&nbsp;<\/p>\n\n\n\n<p>Em resposta, o presidente disse que &#8220;ningu\u00e9m pode obrigar ningu\u00e9m&#8221; a receber a vacina.&nbsp;<\/p>\n\n\n\n<p>Na ter\u00e7a (1\u00ba), a Secretaria de Comunica\u00e7\u00e3o da Presid\u00eancia da Rep\u00fablica divulgou pe\u00e7a publicit\u00e1ria com a mesma mensagem. A imagem repetia a frase de Bolsonaro e dizia que &#8220;o governo do Brasil preza pela liberdade dos brasileiros&#8221;.&nbsp;<\/p>\n\n\n\n<p>Na tarde desta quarta-feira (2), a Secom tamb\u00e9m fez a seguinte publica\u00e7\u00e3o: &#8220;Pesquisas revelam que cerca de 90% dos brasileiros tomar\u00e3o vacina contra a Covid-19. Assim, o governo federal estabeleceu parcerias e investir\u00e1 pesado pela vacina. Por\u00e9m, o Brasil \u00e9 uma democracia, o governo \u00e9 liberal e seu presidente n\u00e3o \u00e9 um tirano.&#8221;<\/p>\n\n\n\n<p>A Sociedade Brasileira de Imuniza\u00e7\u00f5es, no entanto, lembra que a vacina\u00e7\u00e3o est\u00e1 entre os instrumentos de maior impacto positivo em sa\u00fade p\u00fablica, em todo o mundo. Ao longo da hist\u00f3ria, diz a entidade, as pol\u00edticas de vacina contribu\u00edram de forma inquestion\u00e1vel para reduzir a mortalidade e aumentar a qualidade e a expectativa de vida da popula\u00e7\u00e3o mundial.&nbsp;<\/p>\n\n\n\n<p>&#8220;N\u00f3s temos alguns exemplos muito importantes a\u00ed, que mostram o valor da vacina\u00e7\u00e3o. Um deles \u00e9 a poliomielite, n\u00e9? O \u00faltimo caso dela no Brasil foi em 1989, mas a doen\u00e7a ainda circula no mundo. Se n\u00f3s n\u00e3o tivermos coberturas vacinais adequadas, essa doen\u00e7a pode voltar&#8221;, afirma o presidente da entidade, Juarez Cunha.&nbsp;<\/p>\n\n\n\n<p>&#8220;Nos preocupa muito essa fala, at\u00e9 porque, das pr\u00f3prias principais medidas do in\u00edcio do governo, uma delas era melhorar as coberturas vacinais. Ent\u00e3o, tem um contrassenso&#8221;, completa.&nbsp;<\/p>\n\n\n\n<h2 class=\"wp-block-heading\">Risco de descr\u00e9dito<\/h2>\n\n\n\n<figure class=\"wp-block-image\"><img data-recalc-dims=\"1\" decoding=\"async\" src=\"https:\/\/i0.wp.com\/s01.video.glbimg.com\/x240\/8817040.jpg?w=600&#038;ssl=1\" alt=\"Anvisa pode diminuir prazo de 60 dias para aprovar vacina contra Covid-19\"\/><\/figure>\n\n\n\n<p>O presidente da Sociedade Brasileira de Imunologia, Ricardo Tostes Gazzinelli, tamb\u00e9m aponta riscos no posicionamento de Bolsonaro. Segundo o doutor em bioqu\u00edmica e imunologia, o descr\u00e9dito lan\u00e7ado sobre a imuniza\u00e7\u00e3o \u00e9 um problema grave.&nbsp;<\/p>\n\n\n\n<p>&#8220;De uma maneira, essa fala pode levar pessoas a n\u00e3o quererem se vacinar, n\u00e3o darem import\u00e2ncia \u00e0 vacina\u00e7\u00e3o. Ent\u00e3o, se n\u00f3s chegarmos a ter uma vacina com efic\u00e1cia significativa, isso [a fala do presidente] pode prejudicar o controle da Covid&#8221;, diz.&nbsp;<\/p>\n\n\n\n<figure class=\"wp-block-image\"><img data-recalc-dims=\"1\" decoding=\"async\" src=\"https:\/\/i0.wp.com\/s02.video.glbimg.com\/x240\/8826117.jpg?w=600&#038;ssl=1\" alt=\"'\u00c9 um desservi\u00e7o', diz pesquisadora ao comentar declara\u00e7\u00e3o de Bolsonaro sobre vacina\"\/><\/figure>\n\n\n\n<p>&#8216;\u00c9 um desservi\u00e7o&#8217;, diz pesquisadora ao comentar declara\u00e7\u00e3o de Bolsonaro sobre vacina&nbsp;<\/p>\n\n\n\n<p>A diretora da Sociedade Brasileira de Infectologia, Lessandra Michelin, lembra que \u00e9 dever das autoridades p\u00fablicas, assim como dos profissionais de sa\u00fade, conscientizar a popula\u00e7\u00e3o sobre a import\u00e2ncia da vacina\u00e7\u00e3o.<\/p>\n\n\n\n<p>&#8220;O nosso sistema de imuniza\u00e7\u00e3o \u00e9 reconhecido internacionalmente. Temos as principais vacinas para proteger a nossa popula\u00e7\u00e3o nas diversas faixas et\u00e1rias. Calend\u00e1rios vacinais para crian\u00e7as, adultos, adolescentes, gestantes e tamb\u00e9m idosos. E agora, estamos bastante ansiosos pela vacina contra a Covid e a gente sabe que a maior parte da popula\u00e7\u00e3o vai precisar fazer essa vacina&#8221;, diz Lessandra.&nbsp;<\/p>\n\n\n\n<p>A imuniza\u00e7\u00e3o contra o novo coronav\u00edrus, segundo a especialista, \u00e9 fundamental para atingir o que ficou conhecido como &#8220;imunidade de rebanho&#8221;. O termo designa a situa\u00e7\u00e3o em que a maior parte da popula\u00e7\u00e3o j\u00e1 est\u00e1 imune \u00e0 doen\u00e7a e, por isso, mesmo aqueles que se contaminam t\u00eam menor risco de passar a doen\u00e7a adiante.<\/p>\n\n\n\n<p>Em discursos desde o in\u00edcio da pandemia, Bolsonaro j\u00e1 defendeu que a maior parte da popula\u00e7\u00e3o mundial teria Covid-19 at\u00e9 que essa imunidade fosse atingida. A vacina\u00e7\u00e3o, no entanto, \u00e9 uma forma de chegar ao mesmo efeito sem que as pessoas precisem adoecer.&nbsp;<\/p>\n\n\n\n<p>&#8220;Caso uma parte da popula\u00e7\u00e3o n\u00e3o possa fazer a vacina, quem fizer j\u00e1 vai estar protegendo a maior parte das pessoas. N\u00e3o s\u00f3 a si, mas \u00e0s pessoas com quem ela convive&#8221;, explica Lessandra.&nbsp;<\/p>\n\n\n\n<h2 class=\"wp-block-heading\">Obriga\u00e7\u00e3o est\u00e1 na lei<\/h2>\n\n\n\n<figure class=\"wp-block-image\"><img data-recalc-dims=\"1\" decoding=\"async\" src=\"https:\/\/i0.wp.com\/s02.video.glbimg.com\/x240\/8821497.jpg?w=600&#038;ssl=1\" alt=\"\u2018N\u00e3o vai ser simples\u2019, diz Drauzio sobre \u2018pensamento m\u00e1gico\u2019 em rela\u00e7\u00e3o \u00e0 vacina da Covid\"\/><\/figure>\n\n\n\n<p>\u2018N\u00e3o vai ser simples\u2019, diz Drauzio sobre \u2018pensamento m\u00e1gico\u2019 em rela\u00e7\u00e3o \u00e0 vacina da Covid&nbsp;<\/p>\n\n\n\n<p>Apesar de ter dito que ningu\u00e9m pode ser obrigado a se vacinar, o pr\u00f3prio presidente Jair Bolsonaro sancionou, em fevereiro, lei que prev\u00ea a vacina\u00e7\u00e3o compuls\u00f3ria. A medida \u00e9 uma das op\u00e7\u00f5es dispon\u00edveis para as autoridades no enfrentamento da Covid-19, junto a outras a\u00e7\u00f5es de preven\u00e7\u00e3o.<\/p>\n\n\n\n<p>O texto diz, inclusive, que &#8220;as pessoas dever\u00e3o sujeitar-se ao cumprimento das medidas previstas neste artigo, e o descumprimento delas acarretar\u00e1 responsabiliza\u00e7\u00e3o, nos termos previstos em lei.\u201d&nbsp;<\/p>\n\n\n\n<p>Advogados criminalistas ouvidos pela TV Globo tamb\u00e9m afirmam que h\u00e1 mecanismos no C\u00f3digo Penal para punir quem, eventualmente, se recusar a tomar vacina. A pessoa que fizer essa escolha frente a uma doen\u00e7a grave e altamente contagiosa pode ser penalizada por &#8220;atentar contra a sa\u00fade coletiva&#8221;.&nbsp;<\/p>\n\n\n\n<h2 class=\"wp-block-heading\">Brasileiros querem a vacina<\/h2>\n\n\n\n<p>Em agosto, o site do jornal &#8220;Folha de S. Paulo&#8221; divulgou pesquisa Datafolha sobre o tema. O levantamento mostrou que 89% dos brasileiros pretendem se imunizar contra o novo coronav\u00edrus, t\u00e3o logo uma vacina eficaz esteja dispon\u00edvel.&nbsp;<\/p>\n\n\n\n<p>Na mesma pesquisa, 9% dos entrevistados disseram n\u00e3o querer a vacina, e outros 3% n\u00e3o souberam responder. O levantamento foi feito nos dias 11 e 12 de agosto e a margem de erro \u00e9 de dois pontos percentuais, para mais ou para menos.&nbsp;<\/p>\n\n\n\n<h2 class=\"wp-block-heading\">Mour\u00e3o ameniza tom<\/h2>\n\n\n\n<p>O vice-presidente Hamilton Mour\u00e3o tamb\u00e9m falou sobre o tema nesta quarta. Perguntado sobre a declara\u00e7\u00e3o de Bolsonaro, o vice amenizou o tom e tentou justificar a frase do presidente.&nbsp;<\/p>\n\n\n\n<p>&#8220;O que o presidente quis dizer na minha vis\u00e3o, n\u00e9, vamos colocar o seguinte. O presidente assinou um decreto, acho que em fevereiro, regulamentando essa quest\u00e3o da vacina. Mas voc\u00ea n\u00e3o consegue agarrar todo mundo pelo bra\u00e7o e dizer: &#8216;vai tomar vacina, n\u00e9?&#8221;&#8216;, diz Mour\u00e3o.&nbsp;<\/p>\n\n\n\n<p>&#8220;Vai cobrar cart\u00e3o de vacina de todo mundo? O camarada vai transitar na rua, &#8216;cad\u00ea seu cart\u00e3o de vacina&#8217;? Ent\u00e3o, foi isso que ele quis dizer. N\u00e3o foi nada de mais, isso a\u00ed. [&#8230;] O que ele quis colocar \u00e9 que voc\u00ea n\u00e3o consegue ter a coer\u00e7\u00e3o pra obrigar todas as pessoas a se vacinarem&#8221;, avalia o vice-presidente.<\/p>\n","protected":false},"excerpt":{"rendered":"<p>Presidente deu declara\u00e7\u00e3o a apoiadora no Alvorada, mas lei de fevereiro prev\u00ea vacina\u00e7\u00e3o compuls\u00f3ria. Entidades dizem que fala p\u00f5e em risco ades\u00e3o \u00e0 futura vacina contra a Covid-19.<\/p>\n","protected":false},"author":1,"featured_media":0,"comment_status":"closed","ping_status":"open","sticky":false,"template":"","format":"standard","meta":{"_exactmetrics_skip_tracking":false,"_exactmetrics_sitenote_active":false,"_exactmetrics_sitenote_note":"","_exactmetrics_sitenote_category":0,"jetpack_post_was_ever_published":false,"_jetpack_newsletter_access":"","_jetpack_dont_email_post_to_subs":false,"_jetpack_newsletter_tier_id":0,"_jetpack_memberships_contains_paywalled_content":false,"_jetpack_memberships_contains_paid_content":false,"footnotes":"","jetpack_publicize_message":"","jetpack_publicize_feature_enabled":true,"jetpack_social_post_already_shared":true,"jetpack_social_options":{"image_generator_settings":{"template":"highway","enabled":false},"version":2}},"categories":[1],"tags":[],"class_list":["post-29687","post","type-post","status-publish","format-standard","hentry","category-notas"],"jetpack_publicize_connections":[],"jetpack_sharing_enabled":true,"jetpack_featured_media_url":"","jetpack_shortlink":"https:\/\/wp.me\/p7wKYW-7IP","jetpack-related-posts":[],"_links":{"self":[{"href":"http:\/\/blogdalucianaoliveira.com.br\/blog\/wp-json\/wp\/v2\/posts\/29687","targetHints":{"allow":["GET"]}}],"collection":[{"href":"http:\/\/blogdalucianaoliveira.com.br\/blog\/wp-json\/wp\/v2\/posts"}],"about":[{"href":"http:\/\/blogdalucianaoliveira.com.br\/blog\/wp-json\/wp\/v2\/types\/post"}],"author":[{"embeddable":true,"href":"http:\/\/blogdalucianaoliveira.com.br\/blog\/wp-json\/wp\/v2\/users\/1"}],"replies":[{"embeddable":true,"href":"http:\/\/blogdalucianaoliveira.com.br\/blog\/wp-json\/wp\/v2\/comments?post=29687"}],"version-history":[{"count":1,"href":"http:\/\/blogdalucianaoliveira.com.br\/blog\/wp-json\/wp\/v2\/posts\/29687\/revisions"}],"predecessor-version":[{"id":29689,"href":"http:\/\/blogdalucianaoliveira.com.br\/blog\/wp-json\/wp\/v2\/posts\/29687\/revisions\/29689"}],"wp:attachment":[{"href":"http:\/\/blogdalucianaoliveira.com.br\/blog\/wp-json\/wp\/v2\/media?parent=29687"}],"wp:term":[{"taxonomy":"category","embeddable":true,"href":"http:\/\/blogdalucianaoliveira.com.br\/blog\/wp-json\/wp\/v2\/categories?post=29687"},{"taxonomy":"post_tag","embeddable":true,"href":"http:\/\/blogdalucianaoliveira.com.br\/blog\/wp-json\/wp\/v2\/tags?post=29687"}],"curies":[{"name":"wp","href":"https:\/\/api.w.org\/{rel}","templated":true}]}}