{"id":29690,"date":"2020-09-03T12:01:20","date_gmt":"2020-09-03T16:01:20","guid":{"rendered":"http:\/\/blogdalucianaoliveira.com.br\/blog\/?p=29690"},"modified":"2020-09-03T12:01:29","modified_gmt":"2020-09-03T16:01:29","slug":"tudo-pelos-600-reais","status":"publish","type":"post","link":"http:\/\/blogdalucianaoliveira.com.br\/blog\/2020\/09\/03\/tudo-pelos-600-reais\/","title":{"rendered":"TUDO PELOS 600 REAIS"},"content":{"rendered":"\n<figure class=\"wp-block-image\"><img data-recalc-dims=\"1\" decoding=\"async\" src=\"https:\/\/i0.wp.com\/piaui.folha.uol.com.br\/wp-content\/uploads\/2020\/09\/auxilio_interna_02092020.jpg?w=600&#038;ssl=1\" alt=\"\"\/><\/figure>\n\n\n\n<p>Com defesa do aux\u00edlio emergencial, deputado novato vira fen\u00f4meno nas redes sociais e bate Bolsonaro em intera\u00e7\u00f5es.<\/p>\n\n\n\n<!--more-->\n\n\n\n<p>Revista Piau\u00ed<\/p>\n\n\n\n<p>J\u00e1 passava das 18 horas quando o deputado federal Andr\u00e9 Janones (Avante-MG), 36 anos, 178.860 votos, fazia uma de suas postagens com grande alcance, na segunda-feira (31\/08). Era uma foto no Facebook em que o parlamentar aparece devorando um cachorro-quente, dando a entender que seria seu \u201calmo\u00e7o\u201d do dia: \u201cNingu\u00e9m \u00e9 de ferro! Pausa pra um cachorro quente e uma Coca Cola e depois PAU NELES!\u201d, postou na legenda.<\/p>\n\n\n\n<figure class=\"wp-block-image\"><img data-recalc-dims=\"1\" decoding=\"async\" src=\"https:\/\/i0.wp.com\/piaui.folha.uol.com.br\/wp-content\/uploads\/2020\/09\/imagem_1.png?w=600&#038;ssl=1\" alt=\"\"\/><\/figure>\n\n\n\n<p>A foto gerou 300 mil intera\u00e7\u00f5es nessa rede. A maioria dos 26 mil coment\u00e1rios foram de apoiadores. Mensagens desejando for\u00e7a e pedindo a Deus que o aben\u00e7oasse apareceram em profus\u00e3o. Uma reclama\u00e7\u00e3o perdida pedia ajuda, pois um seguidor havia tido o Bolsa Fam\u00edlia cortado. \u00c9 comum encontrar esse tipo de intera\u00e7\u00e3o: muitos benefici\u00e1rios do Bolsa Fam\u00edlia costumam ir \u00e0s redes do deputado para contar sobre suas dificuldades em conseguir o recurso.<\/p>\n\n\n\n<p>Esse recorte da popula\u00e7\u00e3o, que muitos pensam n\u00e3o ser usu\u00e1rio de redes sociais, tem em Janones um dos seus.&nbsp;De fam\u00edlia humilde,&nbsp;filho de um cadeirante e uma empregada dom\u00e9stica, ele trabalhou como cobrador de \u00f4nibus e se formou em direito gra\u00e7as a uma bolsa de estudos. Elegeu-se deputado pela primeira vez em 2018. Essa hist\u00f3ria de vida serviu \u00e0 sua causa mais recente, a defesa da manuten\u00e7\u00e3o dos 600 reais do aux\u00edlio emergencial. O post alcan\u00e7ou mais de 500 mil intera\u00e7\u00f5es no Facebook nesta segunda (31\/08).<\/p>\n\n\n\n<div class=\"wp-block-image\"><figure class=\"aligncenter\"><img data-recalc-dims=\"1\" decoding=\"async\" src=\"https:\/\/i0.wp.com\/piaui.folha.uol.com.br\/wp-content\/uploads\/2020\/09\/imagem_2.png?w=600&#038;ssl=1\" alt=\"\" class=\"wp-image-386620\"\/><\/figure><\/div>\n\n\n\n<p>A&nbsp;maioria dos coment\u00e1rios em suas publica\u00e7\u00f5es dos \u00faltimos dias (bastante tensos) mostrou apreens\u00e3o com o futuro do aux\u00edlio: \u201cQue Deus lhe proteja e d\u00ea muitas for\u00e7as pra lutar por n\u00f3s brasileiros que dependem desse dinheiro pra sobreviver.\u201d<\/p>\n\n\n\n<p><br><\/p>\n\n\n\n<p><\/p>\n","protected":false},"excerpt":{"rendered":"<p>Com defesa do aux\u00edlio emergencial, deputado novato vira fen\u00f4meno nas redes sociais e bate Bolsonaro em intera\u00e7\u00f5es.<\/p>\n","protected":false},"author":1,"featured_media":0,"comment_status":"closed","ping_status":"open","sticky":false,"template":"","format":"standard","meta":{"_exactmetrics_skip_tracking":false,"_exactmetrics_sitenote_active":false,"_exactmetrics_sitenote_note":"","_exactmetrics_sitenote_category":0,"jetpack_post_was_ever_published":false,"_jetpack_newsletter_access":"","_jetpack_dont_email_post_to_subs":false,"_jetpack_newsletter_tier_id":0,"_jetpack_memberships_contains_paywalled_content":false,"_jetpack_memberships_contains_paid_content":false,"footnotes":"","jetpack_publicize_message":"","jetpack_publicize_feature_enabled":true,"jetpack_social_post_already_shared":true,"jetpack_social_options":{"image_generator_settings":{"template":"highway","enabled":false},"version":2}},"categories":[1],"tags":[],"class_list":["post-29690","post","type-post","status-publish","format-standard","hentry","category-notas"],"jetpack_publicize_connections":[],"jetpack_sharing_enabled":true,"jetpack_featured_media_url":"","jetpack_shortlink":"https:\/\/wp.me\/p7wKYW-7IS","jetpack-related-posts":[],"_links":{"self":[{"href":"http:\/\/blogdalucianaoliveira.com.br\/blog\/wp-json\/wp\/v2\/posts\/29690","targetHints":{"allow":["GET"]}}],"collection":[{"href":"http:\/\/blogdalucianaoliveira.com.br\/blog\/wp-json\/wp\/v2\/posts"}],"about":[{"href":"http:\/\/blogdalucianaoliveira.com.br\/blog\/wp-json\/wp\/v2\/types\/post"}],"author":[{"embeddable":true,"href":"http:\/\/blogdalucianaoliveira.com.br\/blog\/wp-json\/wp\/v2\/users\/1"}],"replies":[{"embeddable":true,"href":"http:\/\/blogdalucianaoliveira.com.br\/blog\/wp-json\/wp\/v2\/comments?post=29690"}],"version-history":[{"count":1,"href":"http:\/\/blogdalucianaoliveira.com.br\/blog\/wp-json\/wp\/v2\/posts\/29690\/revisions"}],"predecessor-version":[{"id":29691,"href":"http:\/\/blogdalucianaoliveira.com.br\/blog\/wp-json\/wp\/v2\/posts\/29690\/revisions\/29691"}],"wp:attachment":[{"href":"http:\/\/blogdalucianaoliveira.com.br\/blog\/wp-json\/wp\/v2\/media?parent=29690"}],"wp:term":[{"taxonomy":"category","embeddable":true,"href":"http:\/\/blogdalucianaoliveira.com.br\/blog\/wp-json\/wp\/v2\/categories?post=29690"},{"taxonomy":"post_tag","embeddable":true,"href":"http:\/\/blogdalucianaoliveira.com.br\/blog\/wp-json\/wp\/v2\/tags?post=29690"}],"curies":[{"name":"wp","href":"https:\/\/api.w.org\/{rel}","templated":true}]}}