{"id":29692,"date":"2020-09-03T12:05:23","date_gmt":"2020-09-03T16:05:23","guid":{"rendered":"http:\/\/blogdalucianaoliveira.com.br\/blog\/?p=29692"},"modified":"2020-09-03T12:05:33","modified_gmt":"2020-09-03T16:05:33","slug":"endividamento-e-inadimplencia-crescem-no-pais-em-agosto-diz-cnc","status":"publish","type":"post","link":"http:\/\/blogdalucianaoliveira.com.br\/blog\/2020\/09\/03\/endividamento-e-inadimplencia-crescem-no-pais-em-agosto-diz-cnc\/","title":{"rendered":"Endividamento e inadimpl\u00eancia crescem no pa\u00eds em agosto, diz CNC"},"content":{"rendered":"\n<figure class=\"wp-block-image\"><img data-recalc-dims=\"1\" height=\"338\" width=\"600\" decoding=\"async\" src=\"https:\/\/i0.wp.com\/educandoseubolso.blog.br\/wp-content\/uploads\/2015\/03\/endividamento-saud%25C3%25A1vel-aprenda-1280x720.jpg?resize=600%2C338&#038;ssl=1\" alt=\"Cinco passos para o bom endividamento\"\/><\/figure>\n\n\n\n<p> Por\u00a0<a href=\"http:\/\/poliarquia.com.br\/author\/vitor-abdala-reporter-da-agencia-brasil-2\/\">Vitor Abdala Reporter da Agencia Brasil<\/a> &#8211; O percentual de fam\u00edlias endividadas (com atraso ou n\u00e3o) e inadimplentes (com contas em atraso) aumentou em agosto deste ano. O endividamento atingiu 67,5% das fam\u00edlias brasileiras, de acordo com dados divulgados hoje (3) pela Confedera\u00e7\u00e3o Nacional do Com\u00e9rcio de Bens, Servi\u00e7os e Turismo (CNC), acima dos 67,4% de julho deste ano e dos 64,8% de agosto do ano passado.<\/p>\n\n\n\n<!--more-->\n\n\n\n<p>J\u00e1 a inadimpl\u00eancia chegou a 26,7% das fam\u00edlias em agosto, percentual superior aos 26,3% de julho deste ano e aos 24,3% de agosto do ano passado.<\/p>\n\n\n\n<p>As fam\u00edlias que n\u00e3o ter\u00e3o condi\u00e7\u00f5es de pagar suas contas chegou a 12,1% acima de julho (12%) e de agosto do ano passado (9,5%).<\/p>\n\n\n\n<p>Segundo o presidente da CNC, Jos\u00e9 Roberto Tadros, as fam\u00edlias com maior renda t\u00eam aumentado a poupan\u00e7a em detrimento do consumo, principalmente de servi\u00e7os, mas as fam\u00edlias com renda mais baixa t\u00eam tido mais necessidade de cr\u00e9dito.<\/p>\n\n\n\n<p>De acordo com a CNC, embora estejam mais endividadas, as fam\u00edlias reduziram a parcela m\u00e9dia da renda comprometida com d\u00edvidas em agosto. Entre as fam\u00edlias endividadas, 21,4% afirmaram ter mais da metade da renda mensal comprometida com o pagamento destas d\u00edvidas, a terceira queda consecutiva depois de ter atingido 22,4% em abril.<br><\/p>\n","protected":false},"excerpt":{"rendered":"<p>Por\u00a0Vitor Abdala Reporter da Agencia Brasil &#8211; O percentual de fam\u00edlias endividadas (com atraso ou n\u00e3o) e inadimplentes (com contas em atraso) aumentou em agosto deste ano. O endividamento atingiu 67,5% das fam\u00edlias brasileiras, de acordo com dados divulgados hoje (3) pela Confedera\u00e7\u00e3o Nacional do Com\u00e9rcio de Bens, Servi\u00e7os e Turismo (CNC), acima dos 67,4%&#8230;<a class=\"more-link\" href=\"http:\/\/blogdalucianaoliveira.com.br\/blog\/2020\/09\/03\/endividamento-e-inadimplencia-crescem-no-pais-em-agosto-diz-cnc\/\">Continue a leitura <span class=\"meta-nav\">&raquo;<\/span><\/a><\/p>\n","protected":false},"author":1,"featured_media":0,"comment_status":"closed","ping_status":"open","sticky":false,"template":"","format":"standard","meta":{"_exactmetrics_skip_tracking":false,"_exactmetrics_sitenote_active":false,"_exactmetrics_sitenote_note":"","_exactmetrics_sitenote_category":0,"jetpack_post_was_ever_published":false,"_jetpack_newsletter_access":"","_jetpack_dont_email_post_to_subs":false,"_jetpack_newsletter_tier_id":0,"_jetpack_memberships_contains_paywalled_content":false,"_jetpack_memberships_contains_paid_content":false,"footnotes":"","jetpack_publicize_message":"","jetpack_publicize_feature_enabled":true,"jetpack_social_post_already_shared":true,"jetpack_social_options":{"image_generator_settings":{"template":"highway","enabled":false},"version":2}},"categories":[1],"tags":[],"class_list":["post-29692","post","type-post","status-publish","format-standard","hentry","category-notas"],"jetpack_publicize_connections":[],"jetpack_sharing_enabled":true,"jetpack_featured_media_url":"","jetpack_shortlink":"https:\/\/wp.me\/p7wKYW-7IU","jetpack-related-posts":[],"_links":{"self":[{"href":"http:\/\/blogdalucianaoliveira.com.br\/blog\/wp-json\/wp\/v2\/posts\/29692","targetHints":{"allow":["GET"]}}],"collection":[{"href":"http:\/\/blogdalucianaoliveira.com.br\/blog\/wp-json\/wp\/v2\/posts"}],"about":[{"href":"http:\/\/blogdalucianaoliveira.com.br\/blog\/wp-json\/wp\/v2\/types\/post"}],"author":[{"embeddable":true,"href":"http:\/\/blogdalucianaoliveira.com.br\/blog\/wp-json\/wp\/v2\/users\/1"}],"replies":[{"embeddable":true,"href":"http:\/\/blogdalucianaoliveira.com.br\/blog\/wp-json\/wp\/v2\/comments?post=29692"}],"version-history":[{"count":1,"href":"http:\/\/blogdalucianaoliveira.com.br\/blog\/wp-json\/wp\/v2\/posts\/29692\/revisions"}],"predecessor-version":[{"id":29693,"href":"http:\/\/blogdalucianaoliveira.com.br\/blog\/wp-json\/wp\/v2\/posts\/29692\/revisions\/29693"}],"wp:attachment":[{"href":"http:\/\/blogdalucianaoliveira.com.br\/blog\/wp-json\/wp\/v2\/media?parent=29692"}],"wp:term":[{"taxonomy":"category","embeddable":true,"href":"http:\/\/blogdalucianaoliveira.com.br\/blog\/wp-json\/wp\/v2\/categories?post=29692"},{"taxonomy":"post_tag","embeddable":true,"href":"http:\/\/blogdalucianaoliveira.com.br\/blog\/wp-json\/wp\/v2\/tags?post=29692"}],"curies":[{"name":"wp","href":"https:\/\/api.w.org\/{rel}","templated":true}]}}