{"id":29699,"date":"2020-09-04T17:10:32","date_gmt":"2020-09-04T21:10:32","guid":{"rendered":"http:\/\/blogdalucianaoliveira.com.br\/blog\/?p=29699"},"modified":"2020-09-04T17:10:38","modified_gmt":"2020-09-04T21:10:38","slug":"idoso-enfrenta-prefeitura-de-jaru-por-moradia-e-contra-dano-ambiental","status":"publish","type":"post","link":"http:\/\/blogdalucianaoliveira.com.br\/blog\/2020\/09\/04\/idoso-enfrenta-prefeitura-de-jaru-por-moradia-e-contra-dano-ambiental\/","title":{"rendered":"Idoso enfrenta prefeitura de Jaru por moradia e contra dano ambiental"},"content":{"rendered":"\n<figure class=\"wp-block-image size-large\"><img data-recalc-dims=\"1\" loading=\"lazy\" decoding=\"async\" width=\"600\" height=\"450\" data-attachment-id=\"29700\" data-permalink=\"http:\/\/blogdalucianaoliveira.com.br\/blog\/2020\/09\/04\/idoso-enfrenta-prefeitura-de-jaru-por-moradia-e-contra-dano-ambiental\/bras-3\/\" data-orig-file=\"https:\/\/i0.wp.com\/blogdalucianaoliveira.com.br\/blog\/wp-content\/uploads\/2020\/09\/bras.jpg?fit=640%2C480\" data-orig-size=\"640,480\" data-comments-opened=\"0\" data-image-meta=\"{&quot;aperture&quot;:&quot;0&quot;,&quot;credit&quot;:&quot;&quot;,&quot;camera&quot;:&quot;&quot;,&quot;caption&quot;:&quot;&quot;,&quot;created_timestamp&quot;:&quot;0&quot;,&quot;copyright&quot;:&quot;&quot;,&quot;focal_length&quot;:&quot;0&quot;,&quot;iso&quot;:&quot;0&quot;,&quot;shutter_speed&quot;:&quot;0&quot;,&quot;title&quot;:&quot;&quot;,&quot;orientation&quot;:&quot;0&quot;}\" data-image-title=\"bras\" data-image-description=\"\" data-image-caption=\"\" data-medium-file=\"https:\/\/i0.wp.com\/blogdalucianaoliveira.com.br\/blog\/wp-content\/uploads\/2020\/09\/bras.jpg?fit=300%2C225\" data-large-file=\"https:\/\/i0.wp.com\/blogdalucianaoliveira.com.br\/blog\/wp-content\/uploads\/2020\/09\/bras.jpg?fit=600%2C450\" src=\"https:\/\/i0.wp.com\/blogdalucianaoliveira.com.br\/blog\/wp-content\/uploads\/2020\/09\/bras.jpg?resize=600%2C450\" alt=\"\" class=\"wp-image-29700\" srcset=\"https:\/\/i0.wp.com\/blogdalucianaoliveira.com.br\/blog\/wp-content\/uploads\/2020\/09\/bras.jpg?w=640 640w, https:\/\/i0.wp.com\/blogdalucianaoliveira.com.br\/blog\/wp-content\/uploads\/2020\/09\/bras.jpg?resize=300%2C225 300w, https:\/\/i0.wp.com\/blogdalucianaoliveira.com.br\/blog\/wp-content\/uploads\/2020\/09\/bras.jpg?resize=400%2C300 400w\" sizes=\"auto, (max-width: 600px) 100vw, 600px\" \/><\/figure>\n\n\n\n<p> <strong>A obra ser\u00e1 executada pela prefeitura com associa\u00e7\u00e3o presidida por pai do prefeito. <\/strong><\/p>\n\n\n\n<!--more-->\n\n\n\n<p><strong>Por Luciana Oliveira<\/strong><\/p>\n\n\n\n<p>O que leva um homem de 68 anos a avan\u00e7ar com uma foice contra uma p\u00e1-carregadeira para salvar \u00e1rvores e a casa em que mora na beira do rio?<\/p>\n\n\n\n<p>Vamos contar a hist\u00f3ria do seu Sebasti\u00e3o Braz que h\u00e1 26 anos ocupa um peda\u00e7o de terra em \u00e1rea de preserva\u00e7\u00e3o permanente onde diz ter plantado mais de mil mudas de \u00e1rvores.<\/p>\n\n\n\n<p>Em julho deste ano ele foi levado \u00e0 delegacia depois de\nquebrar uma m\u00e1quina da prefeitura com golpes de foice.<\/p>\n\n\n\n<p>Foi liberado depois de argumentar que s\u00f3 pagaria fian\u00e7a se\na prefeitura lhe indenizasse por todas as mudas que plantou.<\/p>\n\n\n\n<p>O desespero \u00e9 porque o quintal da casa do Seu Br\u00e1z vai abrigar\numa \u00e1rea de lazer, obra da prefeitura que \u00e9 executada com recursos de uma condena\u00e7\u00e3o\n\u00e0 empresa Italac por despejar res\u00edduos poluentes no rio Jaru e igarap\u00e9\nTaribaiano.<\/p>\n\n\n\n<p>A polui\u00e7\u00e3o afetou fauna e flora e o dinheiro deve ser\nutilizado para reparar o dano ambiental.<\/p>\n\n\n\n<p>S\u00e3o mais de 2 milh\u00f5es de reais que ser\u00e3o destinados \u00e0 constru\u00e7\u00e3o do Bosque Beira Rio.<\/p>\n\n\n\n<p>A obra ser\u00e1 executada pela prefeitura com associa\u00e7\u00e3o presidida por pai do prefeito.<\/p>\n\n\n\n<p>Veja reportagem:<\/p>\n\n\n\n<figure class=\"wp-block-embed-youtube wp-block-embed is-type-video is-provider-youtube wp-embed-aspect-4-3 wp-has-aspect-ratio\"><div class=\"wp-block-embed__wrapper\">\n<div class=\"jetpack-video-wrapper\"><iframe loading=\"lazy\" title=\"Idoso enfrenta prefeitura de Jaru contra dano ambiental\" width=\"600\" height=\"450\" src=\"https:\/\/www.youtube.com\/embed\/lI5z-pyE9u4?feature=oembed\" frameborder=\"0\" allow=\"accelerometer; autoplay; clipboard-write; encrypted-media; gyroscope; picture-in-picture; web-share\" referrerpolicy=\"strict-origin-when-cross-origin\" allowfullscreen><\/iframe><\/div>\n<\/div><\/figure>\n","protected":false},"excerpt":{"rendered":"<p>A obra ser\u00e1 executada pela prefeitura com associa\u00e7\u00e3o presidida por pai do prefeito.<\/p>\n","protected":false},"author":1,"featured_media":0,"comment_status":"closed","ping_status":"open","sticky":false,"template":"","format":"standard","meta":{"_exactmetrics_skip_tracking":false,"_exactmetrics_sitenote_active":false,"_exactmetrics_sitenote_note":"","_exactmetrics_sitenote_category":0,"jetpack_post_was_ever_published":false,"_jetpack_newsletter_access":"","_jetpack_dont_email_post_to_subs":false,"_jetpack_newsletter_tier_id":0,"_jetpack_memberships_contains_paywalled_content":false,"_jetpack_memberships_contains_paid_content":false,"footnotes":"","jetpack_publicize_message":"","jetpack_publicize_feature_enabled":true,"jetpack_social_post_already_shared":true,"jetpack_social_options":{"image_generator_settings":{"template":"highway","enabled":false},"version":2}},"categories":[1],"tags":[403,402,404],"class_list":["post-29699","post","type-post","status-publish","format-standard","hentry","category-notas","tag-bosque-beira-rio","tag-jaru","tag-joao-goncalves-junior"],"jetpack_publicize_connections":[],"jetpack_sharing_enabled":true,"jetpack_featured_media_url":"","jetpack_shortlink":"https:\/\/wp.me\/p7wKYW-7J1","jetpack-related-posts":[],"_links":{"self":[{"href":"http:\/\/blogdalucianaoliveira.com.br\/blog\/wp-json\/wp\/v2\/posts\/29699","targetHints":{"allow":["GET"]}}],"collection":[{"href":"http:\/\/blogdalucianaoliveira.com.br\/blog\/wp-json\/wp\/v2\/posts"}],"about":[{"href":"http:\/\/blogdalucianaoliveira.com.br\/blog\/wp-json\/wp\/v2\/types\/post"}],"author":[{"embeddable":true,"href":"http:\/\/blogdalucianaoliveira.com.br\/blog\/wp-json\/wp\/v2\/users\/1"}],"replies":[{"embeddable":true,"href":"http:\/\/blogdalucianaoliveira.com.br\/blog\/wp-json\/wp\/v2\/comments?post=29699"}],"version-history":[{"count":1,"href":"http:\/\/blogdalucianaoliveira.com.br\/blog\/wp-json\/wp\/v2\/posts\/29699\/revisions"}],"predecessor-version":[{"id":29701,"href":"http:\/\/blogdalucianaoliveira.com.br\/blog\/wp-json\/wp\/v2\/posts\/29699\/revisions\/29701"}],"wp:attachment":[{"href":"http:\/\/blogdalucianaoliveira.com.br\/blog\/wp-json\/wp\/v2\/media?parent=29699"}],"wp:term":[{"taxonomy":"category","embeddable":true,"href":"http:\/\/blogdalucianaoliveira.com.br\/blog\/wp-json\/wp\/v2\/categories?post=29699"},{"taxonomy":"post_tag","embeddable":true,"href":"http:\/\/blogdalucianaoliveira.com.br\/blog\/wp-json\/wp\/v2\/tags?post=29699"}],"curies":[{"name":"wp","href":"https:\/\/api.w.org\/{rel}","templated":true}]}}