{"id":29702,"date":"2020-09-07T08:11:17","date_gmt":"2020-09-07T12:11:17","guid":{"rendered":"http:\/\/blogdalucianaoliveira.com.br\/blog\/?p=29702"},"modified":"2020-09-07T08:11:25","modified_gmt":"2020-09-07T12:11:25","slug":"solidariedade-virtual-e-fora-bolsonaro-marcam-o-grito-dos-excluidos-2020","status":"publish","type":"post","link":"http:\/\/blogdalucianaoliveira.com.br\/blog\/2020\/09\/07\/solidariedade-virtual-e-fora-bolsonaro-marcam-o-grito-dos-excluidos-2020\/","title":{"rendered":"Solidariedade virtual e \u201cFora Bolsonaro\u201d marcam o Grito dos Exclu\u00eddos 2020"},"content":{"rendered":"\n<figure class=\"wp-block-image size-large\"><img data-recalc-dims=\"1\" loading=\"lazy\" decoding=\"async\" width=\"600\" height=\"450\" data-attachment-id=\"29703\" data-permalink=\"http:\/\/blogdalucianaoliveira.com.br\/blog\/2020\/09\/07\/solidariedade-virtual-e-fora-bolsonaro-marcam-o-grito-dos-excluidos-2020\/image-3-16\/\" data-orig-file=\"https:\/\/i0.wp.com\/blogdalucianaoliveira.com.br\/blog\/wp-content\/uploads\/2020\/09\/image-3.jpeg?fit=800%2C600\" data-orig-size=\"800,600\" data-comments-opened=\"0\" data-image-meta=\"{&quot;aperture&quot;:&quot;0&quot;,&quot;credit&quot;:&quot;&quot;,&quot;camera&quot;:&quot;&quot;,&quot;caption&quot;:&quot;&quot;,&quot;created_timestamp&quot;:&quot;0&quot;,&quot;copyright&quot;:&quot;&quot;,&quot;focal_length&quot;:&quot;0&quot;,&quot;iso&quot;:&quot;0&quot;,&quot;shutter_speed&quot;:&quot;0&quot;,&quot;title&quot;:&quot;&quot;,&quot;orientation&quot;:&quot;0&quot;}\" data-image-title=\"image-3\" data-image-description=\"\" data-image-caption=\"\" data-medium-file=\"https:\/\/i0.wp.com\/blogdalucianaoliveira.com.br\/blog\/wp-content\/uploads\/2020\/09\/image-3.jpeg?fit=300%2C225\" data-large-file=\"https:\/\/i0.wp.com\/blogdalucianaoliveira.com.br\/blog\/wp-content\/uploads\/2020\/09\/image-3.jpeg?fit=600%2C450\" src=\"https:\/\/i0.wp.com\/blogdalucianaoliveira.com.br\/blog\/wp-content\/uploads\/2020\/09\/image-3.jpeg?resize=600%2C450\" alt=\"\" class=\"wp-image-29703\" srcset=\"https:\/\/i0.wp.com\/blogdalucianaoliveira.com.br\/blog\/wp-content\/uploads\/2020\/09\/image-3.jpeg?w=800 800w, https:\/\/i0.wp.com\/blogdalucianaoliveira.com.br\/blog\/wp-content\/uploads\/2020\/09\/image-3.jpeg?resize=300%2C225 300w, https:\/\/i0.wp.com\/blogdalucianaoliveira.com.br\/blog\/wp-content\/uploads\/2020\/09\/image-3.jpeg?resize=768%2C576 768w, https:\/\/i0.wp.com\/blogdalucianaoliveira.com.br\/blog\/wp-content\/uploads\/2020\/09\/image-3.jpeg?resize=400%2C300 400w\" sizes=\"auto, (max-width: 600px) 100vw, 600px\" \/><\/figure>\n\n\n\n<h4 class=\"wp-block-heading\">A maioria dos atos &#8211; virtuais ou n\u00e3o &#8211; da 26\u00aa edi\u00e7\u00e3o da manifesta\u00e7\u00e3o acontece nesta segunda (7)<\/h4>\n\n\n\n<!--more-->\n\n\n\n<p>Vit\u00f3ria Rocha &#8211; Brasil de Fato<\/p>\n\n\n\n<p>Sob o lema &#8220;Basta de mis\u00e9ria, preconceito e repress\u00e3o! Queremos trabalho, terra, teto e participa\u00e7\u00e3o!&#8221;, o Grito dos Exclu\u00eddos realizar\u00e1 sua 26\u00aa edi\u00e7\u00e3o em atos neste domingo (6) e&nbsp;segunda-feira (7). Em meio \u00e0 crise econ\u00f4mica e pand\u00eamica causada pelo&nbsp;<a href=\"https:\/\/www.brasildefato.com.br\/minuto-a-minuto\/coronavirus-no-brasil\" target=\"_blank\" rel=\"noreferrer noopener\">novo coronav\u00edrus<\/a>, movimentos e organiza\u00e7\u00f5es populares se unem em atividades presenciais e online, em todo o pa\u00eds, para reafirmar a luta por direitos humanos e sociais.<\/p>\n\n\n\n<p>Al\u00e9m de a\u00e7\u00f5es de solidariedade, como a distribui\u00e7\u00e3o de marmitas e o plantio de \u00e1rvores, a pauta \u201cFora, Bolsonaro\u201d tamb\u00e9m est\u00e1 presente em atividades em diversas regi\u00f5es do Brasil.&nbsp;<\/p>\n\n\n\n<p><strong>Hist\u00f3ria<\/strong><\/p>\n\n\n\n<p>O Grito dos Exclu\u00eddos surgiu em 1994, a partir do processo da 2\u00ba Semana Social Brasileira da Confer\u00eancia Nacional dos Bispos do Brasil (CNBB), e foi realizado pela primeira vez no ano seguinte, em 7 de setembro de 1995, em 170 localidades, com o lema \u201cA vida em primeiro lugar\u201d, como um contraponto ao Grito da Independ\u00eancia.<\/p>\n\n\n\n<p>\u201cMais do que uma articula\u00e7\u00e3o, o Grito \u00e9 um processo, uma manifesta\u00e7\u00e3o popular carregada de simbolismo, que integra pessoas, grupos, entidades, igrejas e movimentos sociais comprometidos com as causas dos exclu\u00eddos. Ele brota do ch\u00e3o, \u00e9 ecum\u00eanico e vivido na pr\u00e1tica das lutas populares por direitos\u201d, consta em trecho de um&nbsp;<a href=\"https:\/\/www.gritodosexcluidos.com\/historia\" target=\"_blank\" rel=\"noreferrer noopener\">documento hist\u00f3rico<\/a>&nbsp;sobre a manifesta\u00e7\u00e3o.<\/p>\n\n\n\n<p><strong>Atividades<\/strong><\/p>\n\n\n\n<p>Confira a lista de atividades que ser\u00e3o realizadas por data e localiza\u00e7\u00e3o:<\/p>\n\n\n\n<p><strong>Amazonas<\/strong><\/p>\n\n\n\n<p>06\/09, Manaus: 16h,&nbsp;<a href=\"https:\/\/www.facebook.com\/sefras.org\" target=\"_blank\" rel=\"noreferrer noopener\">transmiss\u00e3o ao vivo<\/a>&nbsp;com o tema: \u201cPerspectiva Revolucion\u00e1ria da Economia de Francisco e Clara nos dias atuais\u201d<\/p>\n\n\n\n<p><strong>Bahia<\/strong><\/p>\n\n\n\n<p>07\/09, Salvador: 15h,&nbsp;<a href=\"https:\/\/www.facebook.com\/gritosalvador\" target=\"_blank\" rel=\"noreferrer noopener\">transmiss\u00e3o ao vivo<\/a>&nbsp;<\/p>\n\n\n\n<p><strong>Cear\u00e1<\/strong><\/p>\n\n\n\n<p>07\/09, Fortaleza<\/p>\n\n\n\n<p>06\/09, Tiangu\u00e1: 16h, transmiss\u00e3o ao vivo<\/p>\n\n\n\n<p><strong>Distrito Federal<\/strong><\/p>\n\n\n\n<p>07\/09, Bras\u00edlia: 9h, Ato no gramado em frente ao Teatro Nacional, na Esplanada dos Minist\u00e9rios<\/p>\n\n\n\n<p><strong>Esp\u00edrito Santo<\/strong><\/p>\n\n\n\n<p>06\/09, Vit\u00f3ria: 19h, proje\u00e7\u00e3o Mapeada no Convento da Penha,&nbsp;<a href=\"https:\/\/www.facebook.com\/penhaconvento\" target=\"_blank\" rel=\"noreferrer noopener\">transmiss\u00e3o ao vivo<\/a>.&nbsp;<\/p>\n\n\n\n<p>07\/09, Vit\u00f3ria: 8h, celebra\u00e7\u00e3o inter-religiosa,&nbsp;<a href=\"https:\/\/www.facebook.com\/penhaconvento\" target=\"_blank\" rel=\"noreferrer noopener\">transmiss\u00e3o ao vivo<\/a>.<\/p>\n\n\n\n<p><strong>Goi\u00e1s<\/strong><\/p>\n\n\n\n<p>07\/09, Goi\u00e2nia: dia de manifesta\u00e7\u00f5es,&nbsp;<a href=\"https:\/\/www.facebook.com\/forumgoianoemdefesa\/\" target=\"_blank\" rel=\"noreferrer noopener\">transmiss\u00e3o ao vivo<\/a>, tema Queremos Trabalho, Terra, Teto e Democracia! Basta de Mis\u00e9ria, Preconceito e Repress\u00e3o!, com a participa\u00e7\u00e3o de Erm\u00ednia Maricato, Jo\u00e3o Pedro St\u00e9dile e Leonardo Boff<\/p>\n\n\n\n<p><strong>Maranh\u00e3o<\/strong><\/p>\n\n\n\n<p>07\/09, Brejo: 9h, ato na Diocese de Brejo,&nbsp;<a href=\"https:\/\/www.facebook.com\/diocesedebrejo.com.br\/\" target=\"_blank\" rel=\"noreferrer noopener\">transmiss\u00e3o ao vivo<\/a>&nbsp;()<\/p>\n\n\n\n<p>07\/09, S\u00e3o Lu\u00eds: A\u00e7\u00e3o com a popula\u00e7\u00e3o em situa\u00e7\u00e3o de rua no Mercado Central \u00e0 noite<\/p>\n\n\n\n<p><strong>Mato Grosso<\/strong><\/p>\n\n\n\n<p>07\/09, Cuiab\u00e1: 18h, celebra\u00e7\u00e3o ecum\u00eanica na Par\u00f3quia Nossa Senhora do Ros\u00e1rio e S\u00e3o Benedito,&nbsp;<a href=\"https:\/\/www.facebook.com\/fdhtmatogrosso\" target=\"_blank\" rel=\"noreferrer noopener\">transmiss\u00e3o ao vivo<\/a>.<\/p>\n\n\n\n<p><strong>Minas Gerais<\/strong><\/p>\n\n\n\n<p>07\/09, Belo Horizonte: \u00e0s 10h, qtos simb\u00f3licos em: Igreja S\u00e3o Francisco de Assis \u2013 Pampulha; Viaduto \u2013 Av. Ant\u00f4nio Carlos (pr\u00f3ximo a PPL); Viaduto \u2013 Av. Ant\u00f4nio Carlos com Av. Abrah\u00e3o Caram; Av. Amazonas (Mercado Central); Pra\u00e7a da Esta\u00e7\u00e3o<\/p>\n\n\n\n<p><strong>Par\u00e1<\/strong><\/p>\n\n\n\n<p>07\/09, Bel\u00e9m: 8h, concentra\u00e7\u00e3o do Grito na Pra\u00e7a da Rep\u00fablica, em frente ao teatro,&nbsp;<a href=\"http:\/\/(https\/\/www.facebook.com\/Grito-dos-Exclu%C3%ADdos-Bel%C3%A9m-PA-541730972558152\/\" target=\"_blank\" rel=\"noreferrer noopener\">transmiss\u00e3o ao vivo<\/a>&nbsp;pela r\u00e1dio web Idade M\u00eddia e p\u00e1gina oficial do Grito de Bel\u00e9m&nbsp;<\/p>\n\n\n\n<p><strong>Paran\u00e1<\/strong><\/p>\n\n\n\n<p>07\/09, Curitiba: 12h, missa presidida por Dom Jos\u00e9 Antonio Peruzzo, arcebispo de Curitiba,&nbsp;<a href=\"https:\/\/www.facebook.com\/arquidiocesedecuritiba\/\" target=\"_blank\" rel=\"noreferrer noopener\">transmiss\u00e3o ao vivo<\/a>&nbsp;<\/p>\n\n\n\n<p><strong>Pernambuco<\/strong><\/p>\n\n\n\n<p>07\/09, Recife: 9h, ato p\u00fablico presencial no Parque Treze de Maio<\/p>\n\n\n\n<p><strong>Rio de Janeiro<\/strong><\/p>\n\n\n\n<p>7\/9, Rio de Janeiro: 9h, ato p\u00fablico presencia, rua Uruguaiana com Av. Presidente Vargas, com fala\u00e7\u00f5es, panfletagem, marcha at\u00e9 o Museu do Amanh\u00e3 &#8211; Pra\u00e7a Mau\u00e1 com mais fala\u00e7\u00f5es, panfletagens e performances.&nbsp;Participa\u00e7\u00e3o &#8211; FIST, PCO, Comit\u00ea Fora Bolsonaro &#8211; Zona Sul\/Centro, Casanem, Sindisep-RJ, SindipetroRJ\/FNP, PDNM, Bicuda do Boz\u00f3, entre outros.<\/p>\n\n\n\n<p><strong>Rio Grande do Norte<\/strong><\/p>\n\n\n\n<p>07\/09, Mossor\u00f3: distribui\u00e7\u00e3o de cestas com alimentos e materiais de higiene, arrecadados durante a Campanha de Solidariedade, \u00e0s pessoas em situa\u00e7\u00e3o de vulnerabilidade social, entre elas imigrantes, com momentos de di\u00e1logos e encerramento com m\u00edstica.<\/p>\n\n\n\n<p><strong>Rio Grande do Sul<\/strong><\/p>\n\n\n\n<p>07\/09, S\u00e3o Leopoldo: 10h, ato simb\u00f3lico com o plantio de 80 mudas de \u00e1rvores, em mem\u00f3ria \u00e0s mais de 3,5 mil vidas perdidas na pandemia do coronav\u00edrus no Rio Grande do Sul.&nbsp;<a href=\"https:\/\/www.facebook.com\/brasildefators\/\" target=\"_blank\" rel=\"noreferrer noopener\">Transmiss\u00e3o ao vivo<\/a>&nbsp;<\/p>\n\n\n\n<p>07\/09, Caxias do Sul: 18h,&nbsp;<a href=\"https:\/\/www.facebook.com\/gritacaxias\" target=\"_blank\" rel=\"noreferrer noopener\">transmiss\u00e3o ao vivo<\/a><\/p>\n\n\n\n<p><strong>Rond\u00f4nia<\/strong><\/p>\n\n\n\n<p>7\/9, Porto Velho: amanhecer com casas com panos pretos e cartazes dos gritos; \u00e0s 17h, ato presencial cultural no Centro Pol\u00edtico Administrativo do Governo do Estado, com no m\u00e1ximo 25 pessoas, participa\u00e7\u00e3o de representantes dos povos ind\u00edgenas amea\u00e7ados nos territ\u00f3rios, que ser\u00e1 transmitido ao vivo pela p\u00e1gina da diocese.<\/p>\n\n\n\n<p><strong>Roraima<\/strong><\/p>\n\n\n\n<p>7\/9, Boa Vista: 8h, ato presencial p\u00fablico, concentra\u00e7\u00e3o do Grito na Pra\u00e7a do Centro C\u00edvico.<\/p>\n\n\n\n<p><strong>S\u00e3o Paulo<\/strong><\/p>\n\n\n\n<p>07\/09, ABC: 15h transmiss\u00e3o pelo zoom, Leitura de mensagem do Frei Betto; A hist\u00f3ria do Grito; Os exclu\u00eddos pelo racismo; Os exclu\u00eddos pelos despejos.&nbsp;<a href=\"https:\/\/us02web.zoom.us\/j\/89233244863?pwd=cnlaZk1VMXQyeUExWGhkRWpjQmRDdz09\" target=\"_blank\" rel=\"noreferrer noopener\">Transmiss\u00e3o ao vivo<\/a><\/p>\n\n\n\n<p>07\/09, Alto Tiet\u00ea: 9h, missa na catedral com a presen\u00e7a do bispo, do padre Dimas e outros para a reflex\u00e3o do Grito dos Exclu\u00eddos; Atividade do Grito, \u00e0s 11h,&nbsp;<a href=\"http:\/\/www.redelivre.online\/\" target=\"_blank\" rel=\"noreferrer noopener\">transmiss\u00e3o ao vivo<\/a>.&nbsp;<\/p>\n\n\n\n<p>07\/09, Aparecida: 9h, celebra\u00e7\u00e3o da 33\u00aa Romaria dos Trabalhadores\/as e do 26\u00ba Grito dos\/as Exclu\u00eddos\/as, presidida pelo bispo de Aparecida, Dom Orlando Brantes. Participa\u00e7\u00e3o com banners e com a tem\u00e1tica na celebra\u00e7\u00e3o. A missa ser\u00e1 transmitida pela TV Aparecida, R\u00e1dio Aparecida e Portal A 12.<\/p>\n\n\n\n<p>07\/09, Baixada Santista: 9h, atos nas 5 cidades, em espa\u00e7os p\u00fablicos,&nbsp;<a href=\"https:\/\/www.facebook.com\/GritosDosExcluidosBaixadaSantista\/\" target=\"_blank\" rel=\"noreferrer noopener\">transmiss\u00e3o ao vivo<\/a>.<\/p>\n\n\n\n<p>07\/09, Carapicu\u00edba: 10h, sa\u00edda do Parque da Aldeia com destino ao Parque Gabriel Chucre, Via Inoc\u00eancia Ser\u00e1fico<\/p>\n\n\n\n<p>06\/09, Carapicu\u00edba: 15h, \u201cOs gritos do povo por terra, teto e trabalho\u201d, com a participa\u00e7\u00e3o de Salete Carollo, assentamento Tapes MST\/RS, Darcy Costa, Coordenador MNPR, Soledad Pequena, assessora CEMIR, Arnaldo de Negri, F\u00f3rum da Sociedade Civil da Sa\u00fade e Seguridade Social e do Grito dos Exclu\u00eddos Continental.&nbsp;<a href=\"https:\/\/www.facebook.com\/PASTORAL-DA-SA%C3%9ADE-REGIONAL-SUL-1-127816873988682\/\" target=\"_blank\" rel=\"noreferrer noopener\">Transmiss\u00e3o ao vivo<\/a>.<\/p>\n\n\n\n<p>07\/09, Jundia\u00ed: 9h, a Diocese de Jundia\u00ed realiza o seu 10\u00ba Grito dos Exclu\u00eddos, com uma celebra\u00e7\u00e3o na Par\u00f3quia S\u00e3o Jos\u00e9 Parque Almerinda Chaves, com&nbsp;<a href=\"https:\/\/facebook.com\/paroquiasaojosealmerinda%20\/%20facebook.com\/diocesejundiai\" target=\"_blank\" rel=\"noreferrer noopener\">transmiss\u00e3o ao vivo<\/a>.<\/p>\n\n\n\n<p>07\/09, Osaco: pela manh\u00e3, ato simb\u00f3lico na Pra\u00e7a Helena Maria<\/p>\n\n\n\n<p>07\/09, S\u00e3o Paulo capital: 10h, ato sem caminhada na Pra\u00e7a Oswaldo Cruz, na Avenida Paulista, Fora, Bolsonaro! Queremos Trabalho, Terra, Teto e P\u00e3o!<\/p>\n\n\n\n<p><strong>Regional CNBB Nordeste 2 (AL, PE, PB, RN):<\/strong><\/p>\n\n\n\n<p>07\/09, Grito dos Exclu\u00eddos, das 9h \u00e0s 12h, 9h &#8211; Boas vindas e Abertura com Di\u00e1c. Jaime Bomfim \u2013 articulador do Setor de Pastoral Social CNBB\/NE2); M\u00edstica com Z\u00e9 Vicente; Plen\u00e1ria Os clamores do povo: gritos do Regional Nordeste 2 (cada pastoral, organismo, movimento e escola que comp\u00f5e o Regional; Exibi\u00e7\u00e3o do v\u00eddeo do Regional; 12h \u2013 Encerramento.<\/p>\n\n\n\n<p>Edi\u00e7\u00e3o: Rodrigo Dur\u00e3o Coelho<\/p>\n","protected":false},"excerpt":{"rendered":"<p>A maioria dos atos &#8211; virtuais ou n\u00e3o &#8211; da 26\u00aa edi\u00e7\u00e3o da manifesta\u00e7\u00e3o acontece nesta segunda (7)<\/p>\n","protected":false},"author":1,"featured_media":0,"comment_status":"closed","ping_status":"open","sticky":false,"template":"","format":"standard","meta":{"_exactmetrics_skip_tracking":false,"_exactmetrics_sitenote_active":false,"_exactmetrics_sitenote_note":"","_exactmetrics_sitenote_category":0,"jetpack_post_was_ever_published":false,"_jetpack_newsletter_access":"","_jetpack_dont_email_post_to_subs":false,"_jetpack_newsletter_tier_id":0,"_jetpack_memberships_contains_paywalled_content":false,"_jetpack_memberships_contains_paid_content":false,"footnotes":"","jetpack_publicize_message":"","jetpack_publicize_feature_enabled":true,"jetpack_social_post_already_shared":true,"jetpack_social_options":{"image_generator_settings":{"template":"highway","enabled":false},"version":2}},"categories":[1],"tags":[],"class_list":["post-29702","post","type-post","status-publish","format-standard","hentry","category-notas"],"jetpack_publicize_connections":[],"jetpack_sharing_enabled":true,"jetpack_featured_media_url":"","jetpack_shortlink":"https:\/\/wp.me\/p7wKYW-7J4","jetpack-related-posts":[],"_links":{"self":[{"href":"http:\/\/blogdalucianaoliveira.com.br\/blog\/wp-json\/wp\/v2\/posts\/29702","targetHints":{"allow":["GET"]}}],"collection":[{"href":"http:\/\/blogdalucianaoliveira.com.br\/blog\/wp-json\/wp\/v2\/posts"}],"about":[{"href":"http:\/\/blogdalucianaoliveira.com.br\/blog\/wp-json\/wp\/v2\/types\/post"}],"author":[{"embeddable":true,"href":"http:\/\/blogdalucianaoliveira.com.br\/blog\/wp-json\/wp\/v2\/users\/1"}],"replies":[{"embeddable":true,"href":"http:\/\/blogdalucianaoliveira.com.br\/blog\/wp-json\/wp\/v2\/comments?post=29702"}],"version-history":[{"count":1,"href":"http:\/\/blogdalucianaoliveira.com.br\/blog\/wp-json\/wp\/v2\/posts\/29702\/revisions"}],"predecessor-version":[{"id":29704,"href":"http:\/\/blogdalucianaoliveira.com.br\/blog\/wp-json\/wp\/v2\/posts\/29702\/revisions\/29704"}],"wp:attachment":[{"href":"http:\/\/blogdalucianaoliveira.com.br\/blog\/wp-json\/wp\/v2\/media?parent=29702"}],"wp:term":[{"taxonomy":"category","embeddable":true,"href":"http:\/\/blogdalucianaoliveira.com.br\/blog\/wp-json\/wp\/v2\/categories?post=29702"},{"taxonomy":"post_tag","embeddable":true,"href":"http:\/\/blogdalucianaoliveira.com.br\/blog\/wp-json\/wp\/v2\/tags?post=29702"}],"curies":[{"name":"wp","href":"https:\/\/api.w.org\/{rel}","templated":true}]}}