{"id":29708,"date":"2020-09-07T09:57:23","date_gmt":"2020-09-07T13:57:23","guid":{"rendered":"http:\/\/blogdalucianaoliveira.com.br\/blog\/?p=29708"},"modified":"2020-09-07T09:57:31","modified_gmt":"2020-09-07T13:57:31","slug":"pedro-casaldaliga-contra-todas-as-cercas","status":"publish","type":"post","link":"http:\/\/blogdalucianaoliveira.com.br\/blog\/2020\/09\/07\/pedro-casaldaliga-contra-todas-as-cercas\/","title":{"rendered":"Pedro Casald\u00e1liga: Contra Todas as Cercas"},"content":{"rendered":"\n<figure class=\"wp-block-image size-large\"><img data-recalc-dims=\"1\" loading=\"lazy\" decoding=\"async\" width=\"600\" height=\"600\" data-attachment-id=\"29709\" data-permalink=\"http:\/\/blogdalucianaoliveira.com.br\/blog\/2020\/09\/07\/pedro-casaldaliga-contra-todas-as-cercas\/image-4-15\/\" data-orig-file=\"https:\/\/i0.wp.com\/blogdalucianaoliveira.com.br\/blog\/wp-content\/uploads\/2020\/09\/image-4.jpeg?fit=750%2C750\" data-orig-size=\"750,750\" data-comments-opened=\"0\" data-image-meta=\"{&quot;aperture&quot;:&quot;0&quot;,&quot;credit&quot;:&quot;&quot;,&quot;camera&quot;:&quot;&quot;,&quot;caption&quot;:&quot;&quot;,&quot;created_timestamp&quot;:&quot;0&quot;,&quot;copyright&quot;:&quot;&quot;,&quot;focal_length&quot;:&quot;0&quot;,&quot;iso&quot;:&quot;0&quot;,&quot;shutter_speed&quot;:&quot;0&quot;,&quot;title&quot;:&quot;&quot;,&quot;orientation&quot;:&quot;0&quot;}\" data-image-title=\"image-4\" data-image-description=\"\" data-image-caption=\"\" data-medium-file=\"https:\/\/i0.wp.com\/blogdalucianaoliveira.com.br\/blog\/wp-content\/uploads\/2020\/09\/image-4.jpeg?fit=300%2C300\" data-large-file=\"https:\/\/i0.wp.com\/blogdalucianaoliveira.com.br\/blog\/wp-content\/uploads\/2020\/09\/image-4.jpeg?fit=600%2C600\" src=\"https:\/\/i0.wp.com\/blogdalucianaoliveira.com.br\/blog\/wp-content\/uploads\/2020\/09\/image-4.jpeg?resize=600%2C600\" alt=\"\" class=\"wp-image-29709\" srcset=\"https:\/\/i0.wp.com\/blogdalucianaoliveira.com.br\/blog\/wp-content\/uploads\/2020\/09\/image-4.jpeg?w=750 750w, https:\/\/i0.wp.com\/blogdalucianaoliveira.com.br\/blog\/wp-content\/uploads\/2020\/09\/image-4.jpeg?resize=300%2C300 300w, https:\/\/i0.wp.com\/blogdalucianaoliveira.com.br\/blog\/wp-content\/uploads\/2020\/09\/image-4.jpeg?resize=150%2C150 150w\" sizes=\"auto, (max-width: 600px) 100vw, 600px\" \/><\/figure>\n\n\n\n<p>No Pensar Piau\u00ed, do MST &#8211; Assim como as sementes que geram vidas, das palavras e sonhos de Pedro brotam Fidelidade, Indigna\u00e7\u00e3o e a Rebeldia. Para homenagear Dom Pedro Casald\u00e1liga ser\u00e1 realizada amanh\u00e3 \u00e0s 16 horas a\u00a0Homenagem Contra Todas as Cercas. Familiares, amigos e movimentos sociais organizaram a\u00e7\u00f5es virtuais para lembrar um m\u00eas do falecimento de Pedro Casald\u00e1liga. A transmiss\u00e3o da homenagem ser\u00e1 feita pelos canais de Facebook e Youtube da Comiss\u00e3o Pastoral da Terra (CPT), Conselho Mission\u00e1rio Indigenista (Cimi) e Movimento dos Trabalhadores Sem Terra (MST), al\u00e9m da retransmiss\u00e3o por canais de outros movimentos e da imprensa.<\/p>\n\n\n\n<!--more-->\n\n\n\n<p><br><br>Desde o primeiro dia de setembro a CPT, Cimi e MST est\u00e3o divulgando materiais e lembran\u00e7as em homenagem a Pedro \u2013 assim era acostumado a ser chamado pelos amigos e fi\u00e9is. Um religioso, que era poeta e militante do direitos humanos; com sua coragem e lealdade sempre defendeu os pobres e os povos tradicionais. Pedro nasceu em 16 de fevereiro de 1928 numa fam\u00edlia de agricultores em Balsareny, prov\u00edncia de Barcelona, na\u00a0Espanha. Em 1943 ingressou na Congrega\u00e7\u00e3o Claretiana (Congrega\u00e7\u00e3o dos Mission\u00e1rios Filhos do Imaculado Cora\u00e7\u00e3o de Maria), sendo ordenado sacerdote em 1952.<\/p>\n\n\n\n<p>Em 1968, mudou-se para o Brasil para fundar uma miss\u00e3o claretiana no Estado do Mato Grosso. O Papa Paulo VI o nomeou bispo da prelazia de S\u00e3o F\u00e9lix do Araguaia no ano de 1971, sua ordena\u00e7\u00e3o episcopal deu-se no mesmo ano pelas m\u00e3os de Dom Fernando Gomes dos Santos. Ao lado de Dom Tom\u00e1s Baldu\u00edno ajudou a fundar a CPT, o Cimi e deu apoio a&nbsp;in\u00fameros movimentos sociais e grupos da Am\u00e9rica Latina.<\/p>\n\n\n\n<p>Pedro tinha sonhos, f\u00e9 e um profundo amor a causa dos empobrecidos, oprimidos e marginalizados. Dedicou sua vida as causas dos mais pobres. A cada passo ensinou, aprendeu e assim seguir\u00e1 Pedro Casald\u00e1liga com a natureza amorosa, rebelde e solid\u00e1ria do ser humano. \u201cPedro deixou um grande legado que \u00e9 preciso preservar e cultivar\u201d, escreve Ant\u00f4nio Canuto. A homenagem busca trazer presente exatamente este legado de Pedro, quem foi ele nesta caminhada de lutas ao lado dos povos da Pachamama.<\/p>\n\n\n\n<p>Assim, fica tamb\u00e9m o chamada aos que sejam se juntar nessa grande homenagem a Pedro, compartilhe em suas redes sociais suas lembran\u00e7as e mem\u00f3rias com e de Pedro, use as hashtags&nbsp;Pedro\u00c9Semente, #PedroVive, #PedroPresente<\/p>\n","protected":false},"excerpt":{"rendered":"<p>No Pensar Piau\u00ed, do MST &#8211; Assim como as sementes que geram vidas, das palavras e sonhos de Pedro brotam Fidelidade, Indigna\u00e7\u00e3o e a Rebeldia. Para homenagear Dom Pedro Casald\u00e1liga ser\u00e1 realizada amanh\u00e3 \u00e0s 16 horas a\u00a0Homenagem Contra Todas as Cercas. Familiares, amigos e movimentos sociais organizaram a\u00e7\u00f5es virtuais para lembrar um m\u00eas do falecimento&#8230;<a class=\"more-link\" href=\"http:\/\/blogdalucianaoliveira.com.br\/blog\/2020\/09\/07\/pedro-casaldaliga-contra-todas-as-cercas\/\">Continue a leitura <span class=\"meta-nav\">&raquo;<\/span><\/a><\/p>\n","protected":false},"author":1,"featured_media":0,"comment_status":"closed","ping_status":"open","sticky":false,"template":"","format":"standard","meta":{"_exactmetrics_skip_tracking":false,"_exactmetrics_sitenote_active":false,"_exactmetrics_sitenote_note":"","_exactmetrics_sitenote_category":0,"jetpack_post_was_ever_published":false,"_jetpack_newsletter_access":"","_jetpack_dont_email_post_to_subs":false,"_jetpack_newsletter_tier_id":0,"_jetpack_memberships_contains_paywalled_content":false,"_jetpack_memberships_contains_paid_content":false,"footnotes":"","jetpack_publicize_message":"","jetpack_publicize_feature_enabled":true,"jetpack_social_post_already_shared":true,"jetpack_social_options":{"image_generator_settings":{"template":"highway","enabled":false},"version":2}},"categories":[1],"tags":[],"class_list":["post-29708","post","type-post","status-publish","format-standard","hentry","category-notas"],"jetpack_publicize_connections":[],"jetpack_sharing_enabled":true,"jetpack_featured_media_url":"","jetpack_shortlink":"https:\/\/wp.me\/p7wKYW-7Ja","jetpack-related-posts":[],"_links":{"self":[{"href":"http:\/\/blogdalucianaoliveira.com.br\/blog\/wp-json\/wp\/v2\/posts\/29708","targetHints":{"allow":["GET"]}}],"collection":[{"href":"http:\/\/blogdalucianaoliveira.com.br\/blog\/wp-json\/wp\/v2\/posts"}],"about":[{"href":"http:\/\/blogdalucianaoliveira.com.br\/blog\/wp-json\/wp\/v2\/types\/post"}],"author":[{"embeddable":true,"href":"http:\/\/blogdalucianaoliveira.com.br\/blog\/wp-json\/wp\/v2\/users\/1"}],"replies":[{"embeddable":true,"href":"http:\/\/blogdalucianaoliveira.com.br\/blog\/wp-json\/wp\/v2\/comments?post=29708"}],"version-history":[{"count":1,"href":"http:\/\/blogdalucianaoliveira.com.br\/blog\/wp-json\/wp\/v2\/posts\/29708\/revisions"}],"predecessor-version":[{"id":29710,"href":"http:\/\/blogdalucianaoliveira.com.br\/blog\/wp-json\/wp\/v2\/posts\/29708\/revisions\/29710"}],"wp:attachment":[{"href":"http:\/\/blogdalucianaoliveira.com.br\/blog\/wp-json\/wp\/v2\/media?parent=29708"}],"wp:term":[{"taxonomy":"category","embeddable":true,"href":"http:\/\/blogdalucianaoliveira.com.br\/blog\/wp-json\/wp\/v2\/categories?post=29708"},{"taxonomy":"post_tag","embeddable":true,"href":"http:\/\/blogdalucianaoliveira.com.br\/blog\/wp-json\/wp\/v2\/tags?post=29708"}],"curies":[{"name":"wp","href":"https:\/\/api.w.org\/{rel}","templated":true}]}}