{"id":29712,"date":"2020-09-07T13:14:50","date_gmt":"2020-09-07T17:14:50","guid":{"rendered":"http:\/\/blogdalucianaoliveira.com.br\/blog\/?p=29712"},"modified":"2020-09-07T13:15:00","modified_gmt":"2020-09-07T17:15:00","slug":"grito-dos-excluidos-reune-manifestantes-nas-ruas-e-redes-em-defesa-da-vida","status":"publish","type":"post","link":"http:\/\/blogdalucianaoliveira.com.br\/blog\/2020\/09\/07\/grito-dos-excluidos-reune-manifestantes-nas-ruas-e-redes-em-defesa-da-vida\/","title":{"rendered":"Grito dos Exclu\u00eddos re\u00fane manifestantes nas ruas e redes em defesa da vida"},"content":{"rendered":"\n<figure class=\"wp-block-image size-large\"><img data-recalc-dims=\"1\" loading=\"lazy\" decoding=\"async\" width=\"600\" height=\"374\" data-attachment-id=\"29713\" data-permalink=\"http:\/\/blogdalucianaoliveira.com.br\/blog\/2020\/09\/07\/grito-dos-excluidos-reune-manifestantes-nas-ruas-e-redes-em-defesa-da-vida\/a79eae1f-3d17-4f8d-9a17-7725e35ce779\/\" data-orig-file=\"https:\/\/i0.wp.com\/blogdalucianaoliveira.com.br\/blog\/wp-content\/uploads\/2020\/09\/A79EAE1F-3D17-4F8D-9A17-7725E35CE779.jpeg?fit=610%2C380\" data-orig-size=\"610,380\" data-comments-opened=\"0\" data-image-meta=\"{&quot;aperture&quot;:&quot;0&quot;,&quot;credit&quot;:&quot;&quot;,&quot;camera&quot;:&quot;&quot;,&quot;caption&quot;:&quot;&quot;,&quot;created_timestamp&quot;:&quot;0&quot;,&quot;copyright&quot;:&quot;&quot;,&quot;focal_length&quot;:&quot;0&quot;,&quot;iso&quot;:&quot;0&quot;,&quot;shutter_speed&quot;:&quot;0&quot;,&quot;title&quot;:&quot;&quot;,&quot;orientation&quot;:&quot;0&quot;}\" data-image-title=\"A79EAE1F-3D17-4F8D-9A17-7725E35CE779\" data-image-description=\"\" data-image-caption=\"\" data-medium-file=\"https:\/\/i0.wp.com\/blogdalucianaoliveira.com.br\/blog\/wp-content\/uploads\/2020\/09\/A79EAE1F-3D17-4F8D-9A17-7725E35CE779.jpeg?fit=300%2C187\" data-large-file=\"https:\/\/i0.wp.com\/blogdalucianaoliveira.com.br\/blog\/wp-content\/uploads\/2020\/09\/A79EAE1F-3D17-4F8D-9A17-7725E35CE779.jpeg?fit=600%2C374\" src=\"https:\/\/i0.wp.com\/blogdalucianaoliveira.com.br\/blog\/wp-content\/uploads\/2020\/09\/A79EAE1F-3D17-4F8D-9A17-7725E35CE779.jpeg?resize=600%2C374\" alt=\"\" class=\"wp-image-29713\" srcset=\"https:\/\/i0.wp.com\/blogdalucianaoliveira.com.br\/blog\/wp-content\/uploads\/2020\/09\/A79EAE1F-3D17-4F8D-9A17-7725E35CE779.jpeg?w=610 610w, https:\/\/i0.wp.com\/blogdalucianaoliveira.com.br\/blog\/wp-content\/uploads\/2020\/09\/A79EAE1F-3D17-4F8D-9A17-7725E35CE779.jpeg?resize=300%2C187 300w, https:\/\/i0.wp.com\/blogdalucianaoliveira.com.br\/blog\/wp-content\/uploads\/2020\/09\/A79EAE1F-3D17-4F8D-9A17-7725E35CE779.jpeg?resize=482%2C300 482w\" sizes=\"auto, (max-width: 600px) 100vw, 600px\" \/><\/figure>\n\n\n\n<p><a href=\"https:\/\/www.redebrasilatual.com.br\/cidadania\/2020\/09\/grito-dos-excluidos-ruas-redes\/\"><strong>Rede Brasil Atual<\/strong><\/a><strong>&nbsp;&#8211;&nbsp;<\/strong>Diversos s\u00e3o atos s\u00e3o realizados desde a manh\u00e3 desta segunda-feira (7) como parte da programa\u00e7\u00e3o da 26\u00aa edi\u00e7\u00e3o do Grito dos Exclu\u00eddos, que tem como lema \u201cBasta de mis\u00e9ria, preconceito e repress\u00e3o! Queremos trabalho, terra, teto e participa\u00e7\u00e3o!\u201d. A programa\u00e7\u00e3o inclui manifesta\u00e7\u00f5es em cidades de pelo menos 18 estados e no Distrito Federal.&nbsp;<\/p>\n\n\n\n<!--more-->\n\n\n\n<p>Em S\u00e3o Paulo, houve manifesta\u00e7\u00e3o na Pra\u00e7a Oswaldo Cruz, na Avenida Paulista, com o lema \u201cFora, Bolsonaro! Queremos Trabalho, Terra, Teto e P\u00e3o!\u201d. O ato foi iniciado com fala do Pastor Ariovaldo Ramos, que apontou para o que chamou de \u201cirresponsabilidade de um Estado omisso\u201d ao contestar a postura de autoridades p\u00fablicas em rela\u00e7\u00e3o \u00e0 pandemia.<\/p>\n\n\n\n<p>No Rio de Janeiro, o Grito dos Exclu\u00eddos teve uma edi\u00e7\u00e3o especial da \u201cMarmita solid\u00e1ria\u201d, com distribui\u00e7\u00e3o de 550 refei\u00e7\u00f5es na capital e no sul fluminense. Os alimentos s\u00e3o produzidos em assentamentos organizados pelo Movimento dos Trabalhadores Rurais Sem-Terra (MST) e a feijoada popular foi preparada com base na safra agroecol\u00f3gica do assentamento PDS Osvaldo de Oliveira.<\/p>\n\n\n\n<p>A\u00e7\u00e3o semelhante \u00e0 do Rio foi promovida em Curitiba, com o Sindipetro e o MST distribuindo 2 mil marmitas nos bairros de Vila Formosa, Portelinha, Jardim Santos Andrade e Pra\u00e7a Tiradentes. At\u00e9 quarta-feira (9), devem ser entregues 5 mil refei\u00e7\u00f5es na capital paranaense.<\/p>\n\n\n\n<p>Em Recife, o ato presencial contou com uma homenagem a Dom Pedro Casald\u00e1liga, bispo em\u00e9rito de S\u00e3o F\u00e9lix do Araguaia (MT) morto em 8 de agosto.<\/p>\n\n\n\n<p>Uma performance relacionada ao lema #VidasNegrasImportam foi representada por Lidi Le\u00e3o e Daniel Pereira, com maquiagem de Jos\u00e9 Regino, no ato realizado em Bras\u00edlia (DF). Instala\u00e7\u00f5es tamb\u00e9m alertaram para o sucateamento do setor da cultural no Brasil, com manifesta\u00e7\u00f5es de apoio aos profissionais da sa\u00fade.<\/p>\n\n\n\n<p>Em Fortaleza, a manifesta\u00e7\u00e3o aconteceu no Aterro da Praia de Iracema e contou com homenagem aos mortos pela pandemia de covid-19.<\/p>\n\n\n\n<p>Personalidades tamb\u00e9m se manifestaram nas redes sociais em apoio \u00e0 mobiliza\u00e7\u00e3o. \u201cO Brasil, governado por um presidente que bate contin\u00eancia pra bandeira dos EUA e tem como lema \u2018Brasil e EUA acima de tudo\u2019, infelizmente n\u00e3o tem nada a comemorar no Dia da Independ\u00eancia. Hoje n\u00e3o \u00e9 dia de festa, \u00e9 dia de luta. #gritodosexclu\u00eddos #ForaBolsonaro\u201c, postou, em seu perfil no Twitter, o ex-senador Lindbergh Farias.<\/p>\n\n\n\n<p>\u201cVamos todos gritar contra o feminic\u00eddio, o racismo e a LGBTfobia. Basta de mis\u00e9ria, preconceito e repress\u00e3o! Queremos trabalho, terra, teto, participa\u00e7\u00e3o e respeito aos direitos humanos\u201d, escreveu o deputado distrital (Psol-DF) Paulo F\u00e9lix.<\/p>\n\n\n\n<p><em>Com informa\u00e7\u00f5es do\u00a0<\/em><a href=\"https:\/\/www.brasildefato.com.br\/\"><em>Brasil de Fato<\/em><\/a><em>\u00a0e\u00a0<\/em><a href=\"https:\/\/mst.org.br\/\"><em>MST<\/em><\/a><\/p>\n\n\n\n<figure class=\"wp-block-embed-twitter wp-block-embed is-type-rich is-provider-twitter\"><div class=\"wp-block-embed__wrapper\">\n<blockquote class=\"twitter-tweet\" data-width=\"550\" data-dnt=\"true\"><p lang=\"pt\" dir=\"ltr\">O 7 de setembro tamb\u00e9m \u00e9 marcado por protestos contra o governo do presidente <a href=\"https:\/\/twitter.com\/jairbolsonaro?ref_src=twsrc%5Etfw\">@jairbolsonaro<\/a>.<br><br>No gramado entre o Teatro Nacional e o Museu, integrantes das frentes Brasil Popular e Povo Sem Medo se juntaram ao Grito dos Exclu\u00eddos, para a realiza\u00e7\u00e3o de um ato c\u00eanico perform\u00e1tico. <a href=\"https:\/\/t.co\/DQtnE9oDKn\">pic.twitter.com\/DQtnE9oDKn<\/a><\/p>&mdash; Metr\u00f3poles (@Metropoles) <a href=\"https:\/\/twitter.com\/Metropoles\/status\/1302968941866897408?ref_src=twsrc%5Etfw\">September 7, 2020<\/a><\/blockquote><script async src=\"https:\/\/platform.twitter.com\/widgets.js\" charset=\"utf-8\"><\/script>\n<\/div><\/figure>\n\n\n\n<figure class=\"wp-block-embed-twitter wp-block-embed is-type-rich is-provider-twitter\"><div class=\"wp-block-embed__wrapper\">\n<blockquote class=\"twitter-tweet\" data-width=\"550\" data-dnt=\"true\"><p lang=\"pt\" dir=\"ltr\">A a\u00e7\u00e3o, segundo organizadores, foi pela defesa da democracia brasileira e dos direitos para denunciar retrocessos sociais, econ\u00f4micos e ambientais no pa\u00eds. A manifesta\u00e7\u00e3o durou aproximadamente uma hora. Logo depois, todos foram embora. <a href=\"https:\/\/t.co\/an7OkMbLr4\">pic.twitter.com\/an7OkMbLr4<\/a><\/p>&mdash; Metr\u00f3poles (@Metropoles) <a href=\"https:\/\/twitter.com\/Metropoles\/status\/1302969582521638912?ref_src=twsrc%5Etfw\">September 7, 2020<\/a><\/blockquote><script async src=\"https:\/\/platform.twitter.com\/widgets.js\" charset=\"utf-8\"><\/script>\n<\/div><\/figure>\n","protected":false},"excerpt":{"rendered":"<p>Rede Brasil Atual&nbsp;&#8211;&nbsp;Diversos s\u00e3o atos s\u00e3o realizados desde a manh\u00e3 desta segunda-feira (7) como parte da programa\u00e7\u00e3o da 26\u00aa edi\u00e7\u00e3o do Grito dos Exclu\u00eddos, que tem como lema \u201cBasta de mis\u00e9ria, preconceito e repress\u00e3o! Queremos trabalho, terra, teto e participa\u00e7\u00e3o!\u201d. A programa\u00e7\u00e3o inclui manifesta\u00e7\u00f5es em cidades de pelo menos 18 estados e no Distrito Federal.&nbsp;<\/p>\n","protected":false},"author":1,"featured_media":0,"comment_status":"closed","ping_status":"open","sticky":false,"template":"","format":"standard","meta":{"_exactmetrics_skip_tracking":false,"_exactmetrics_sitenote_active":false,"_exactmetrics_sitenote_note":"","_exactmetrics_sitenote_category":0,"jetpack_post_was_ever_published":false,"_jetpack_newsletter_access":"","_jetpack_dont_email_post_to_subs":false,"_jetpack_newsletter_tier_id":0,"_jetpack_memberships_contains_paywalled_content":false,"_jetpack_memberships_contains_paid_content":false,"footnotes":"","jetpack_publicize_message":"","jetpack_publicize_feature_enabled":true,"jetpack_social_post_already_shared":true,"jetpack_social_options":{"image_generator_settings":{"template":"highway","enabled":false},"version":2}},"categories":[1],"tags":[],"class_list":["post-29712","post","type-post","status-publish","format-standard","hentry","category-notas"],"jetpack_publicize_connections":[],"jetpack_sharing_enabled":true,"jetpack_featured_media_url":"","jetpack_shortlink":"https:\/\/wp.me\/p7wKYW-7Je","jetpack-related-posts":[],"_links":{"self":[{"href":"http:\/\/blogdalucianaoliveira.com.br\/blog\/wp-json\/wp\/v2\/posts\/29712","targetHints":{"allow":["GET"]}}],"collection":[{"href":"http:\/\/blogdalucianaoliveira.com.br\/blog\/wp-json\/wp\/v2\/posts"}],"about":[{"href":"http:\/\/blogdalucianaoliveira.com.br\/blog\/wp-json\/wp\/v2\/types\/post"}],"author":[{"embeddable":true,"href":"http:\/\/blogdalucianaoliveira.com.br\/blog\/wp-json\/wp\/v2\/users\/1"}],"replies":[{"embeddable":true,"href":"http:\/\/blogdalucianaoliveira.com.br\/blog\/wp-json\/wp\/v2\/comments?post=29712"}],"version-history":[{"count":1,"href":"http:\/\/blogdalucianaoliveira.com.br\/blog\/wp-json\/wp\/v2\/posts\/29712\/revisions"}],"predecessor-version":[{"id":29714,"href":"http:\/\/blogdalucianaoliveira.com.br\/blog\/wp-json\/wp\/v2\/posts\/29712\/revisions\/29714"}],"wp:attachment":[{"href":"http:\/\/blogdalucianaoliveira.com.br\/blog\/wp-json\/wp\/v2\/media?parent=29712"}],"wp:term":[{"taxonomy":"category","embeddable":true,"href":"http:\/\/blogdalucianaoliveira.com.br\/blog\/wp-json\/wp\/v2\/categories?post=29712"},{"taxonomy":"post_tag","embeddable":true,"href":"http:\/\/blogdalucianaoliveira.com.br\/blog\/wp-json\/wp\/v2\/tags?post=29712"}],"curies":[{"name":"wp","href":"https:\/\/api.w.org\/{rel}","templated":true}]}}