{"id":29720,"date":"2020-09-08T16:07:38","date_gmt":"2020-09-08T20:07:38","guid":{"rendered":"http:\/\/blogdalucianaoliveira.com.br\/blog\/?p=29720"},"modified":"2020-09-08T16:07:43","modified_gmt":"2020-09-08T20:07:43","slug":"guardian-destaca-discurso-historico-de-lula-que-a-globo-escondeu","status":"publish","type":"post","link":"http:\/\/blogdalucianaoliveira.com.br\/blog\/2020\/09\/08\/guardian-destaca-discurso-historico-de-lula-que-a-globo-escondeu\/","title":{"rendered":"Guardian destaca discurso hist\u00f3rico de Lula, que a Globo escondeu"},"content":{"rendered":"\n<figure class=\"wp-block-image\"><img data-recalc-dims=\"1\" decoding=\"async\" src=\"https:\/\/i0.wp.com\/publisher-publish.s3.eu-central-1.amazonaws.com\/pb-brasil247\/swp\/jtjeq9\/media\/2020090815090_b12673f1-b08d-47c7-9ca7-4829f2a27166.jpeg?w=600&#038;ssl=1\" alt=\"The Guardian e Lula\"\/><\/figure>\n\n\n\n<p><strong>247 &#8211;\u00a0<\/strong>O jornal brit\u00e2nico\u00a0<a rel=\"noreferrer noopener\" target=\"_blank\" href=\"https:\/\/www.theguardian.com\/world\/2020\/sep\/08\/brazils-ex-president-lula-condemns-bolsonaro-over-covid-in-comeback-bid?CMP=Share_iOSApp_Other\"><em>The Guardian<\/em><\/a>destacou o discurso do ex-presidente Lula feito no 7 de setembro &#8211; dia em que se comemora a independ\u00eancia do Brasil &#8211; que\u00a0<a rel=\"noreferrer noopener\" target=\"_blank\" href=\"https:\/\/www.brasil247.com\/midia\/globo-ignora-discurso-historico-de-lula-no-7-de-setembro\">a Globo, assim como outras empresas da m\u00eddia corporativa, escondeu<\/a>. <\/p>\n\n\n\n<!--more-->\n\n\n\n<p>&#8220;Em um amplo v\u00eddeo manifesto &#8211; que aliados, advers\u00e1rios e analistas tomaram como um sinal que Lula tentaria desafiar o l\u00edder da extrema direita do Brasil nas pr\u00f3ximas elei\u00e7\u00f5es presidenciais &#8211; o esquerdista condenou a forma como Bolsonaro lidou com uma crise que matou mais de 127.000 brasileiros&#8221;, diz o Guardian.&nbsp;<\/p>\n\n\n\n<p>O grupo de comunica\u00e7\u00e3o Globo foi decisivo na campanha para o golpe de 2016, contra a ex-presidente Dilma Rousseff, e para a pris\u00e3o pol\u00edtica do ex-presidente. A empresa midi\u00e1tica ignorou por completo o discurso hist\u00f3rico de Lula, em que ele apontou os caminhos para livrar o Brasil do pesadelo atual causado pelo governo de Jair Bolsonaro.&nbsp;<\/p>\n\n\n\n<p><a target=\"_blank\" rel=\"noreferrer noopener\" href=\"https:\/\/www.brasil247.com\/midia\/gleisi-censura-a-discurso-de-lula-nas-redes-de-tv-e-um-ataque-a-democracia\">A presidenta do PT e deputada federal, Gleisi Hoffmann, denunciou a \u201ccensura\u201d<\/a>&nbsp;em suas redes sociais. \u201cGlobo e TVs ignoram pronunciamento de Lula. Inacredit\u00e1vel que o maior l\u00edder pol\u00edtico da oposi\u00e7\u00e3o seja censurado. Que democracia defendem essas redes?! Em qq outro pa\u00eds democr\u00e1tico a fala de um ex presidente, com a popularidade de Lula, seria not\u00edcia central\u201d, disse.<\/p>\n\n\n\n<p><strong>Confira abaixo o pronunciamento de Lula em v\u00eddeo e texto:<\/strong><\/p>\n\n\n\n<p> <a rel=\"noreferrer noopener\" target=\"_blank\" href=\"https:\/\/youtu.be\/mG2-OEmbf6Q\">https:\/\/youtu.be\/mG2-OEmbf6Q<\/a> <br><\/p>\n","protected":false},"excerpt":{"rendered":"<p>247 &#8211;\u00a0O jornal brit\u00e2nico\u00a0The Guardiandestacou o discurso do ex-presidente Lula feito no 7 de setembro &#8211; dia em que se comemora a independ\u00eancia do Brasil &#8211; que\u00a0a Globo, assim como outras empresas da m\u00eddia corporativa, escondeu.<\/p>\n","protected":false},"author":1,"featured_media":0,"comment_status":"closed","ping_status":"open","sticky":false,"template":"","format":"standard","meta":{"_exactmetrics_skip_tracking":false,"_exactmetrics_sitenote_active":false,"_exactmetrics_sitenote_note":"","_exactmetrics_sitenote_category":0,"jetpack_post_was_ever_published":false,"_jetpack_newsletter_access":"","_jetpack_dont_email_post_to_subs":false,"_jetpack_newsletter_tier_id":0,"_jetpack_memberships_contains_paywalled_content":false,"_jetpack_memberships_contains_paid_content":false,"footnotes":"","jetpack_publicize_message":"","jetpack_publicize_feature_enabled":true,"jetpack_social_post_already_shared":true,"jetpack_social_options":{"image_generator_settings":{"template":"highway","enabled":false},"version":2}},"categories":[1],"tags":[78],"class_list":["post-29720","post","type-post","status-publish","format-standard","hentry","category-notas","tag-lula"],"jetpack_publicize_connections":[],"jetpack_sharing_enabled":true,"jetpack_featured_media_url":"","jetpack_shortlink":"https:\/\/wp.me\/p7wKYW-7Jm","jetpack-related-posts":[],"_links":{"self":[{"href":"http:\/\/blogdalucianaoliveira.com.br\/blog\/wp-json\/wp\/v2\/posts\/29720","targetHints":{"allow":["GET"]}}],"collection":[{"href":"http:\/\/blogdalucianaoliveira.com.br\/blog\/wp-json\/wp\/v2\/posts"}],"about":[{"href":"http:\/\/blogdalucianaoliveira.com.br\/blog\/wp-json\/wp\/v2\/types\/post"}],"author":[{"embeddable":true,"href":"http:\/\/blogdalucianaoliveira.com.br\/blog\/wp-json\/wp\/v2\/users\/1"}],"replies":[{"embeddable":true,"href":"http:\/\/blogdalucianaoliveira.com.br\/blog\/wp-json\/wp\/v2\/comments?post=29720"}],"version-history":[{"count":1,"href":"http:\/\/blogdalucianaoliveira.com.br\/blog\/wp-json\/wp\/v2\/posts\/29720\/revisions"}],"predecessor-version":[{"id":29721,"href":"http:\/\/blogdalucianaoliveira.com.br\/blog\/wp-json\/wp\/v2\/posts\/29720\/revisions\/29721"}],"wp:attachment":[{"href":"http:\/\/blogdalucianaoliveira.com.br\/blog\/wp-json\/wp\/v2\/media?parent=29720"}],"wp:term":[{"taxonomy":"category","embeddable":true,"href":"http:\/\/blogdalucianaoliveira.com.br\/blog\/wp-json\/wp\/v2\/categories?post=29720"},{"taxonomy":"post_tag","embeddable":true,"href":"http:\/\/blogdalucianaoliveira.com.br\/blog\/wp-json\/wp\/v2\/tags?post=29720"}],"curies":[{"name":"wp","href":"https:\/\/api.w.org\/{rel}","templated":true}]}}