{"id":29722,"date":"2020-09-08T16:11:25","date_gmt":"2020-09-08T20:11:25","guid":{"rendered":"http:\/\/blogdalucianaoliveira.com.br\/blog\/?p=29722"},"modified":"2020-09-08T16:11:32","modified_gmt":"2020-09-08T20:11:32","slug":"no-governo-bolsonaro-numero-de-fiscais-do-ibama-despencou-e-desmatamento-disparou","status":"publish","type":"post","link":"http:\/\/blogdalucianaoliveira.com.br\/blog\/2020\/09\/08\/no-governo-bolsonaro-numero-de-fiscais-do-ibama-despencou-e-desmatamento-disparou\/","title":{"rendered":"No governo Bolsonaro, n\u00famero de fiscais do Ibama despencou e desmatamento disparou"},"content":{"rendered":"\n<figure class=\"wp-block-image\"><img data-recalc-dims=\"1\" decoding=\"async\" src=\"https:\/\/i0.wp.com\/cdn.brasildefato.com.br\/media\/46885c934c194847ecec2141d1522c06.jpg?w=600&#038;ssl=1\" alt=\"Sem concursos desde 2014, Ibama perdeu metade de seus fiscais em uma d\u00e9cada\"\/><\/figure>\n\n\n\n<h4 class=\"wp-block-heading\">Em rela\u00e7\u00e3o ao \u00faltimo ano de Lula, 2010, queda \u00e9 de 55%; com fiscaliza\u00e7\u00e3o reduzida, desmatamento avan\u00e7ou 34% em 2020<\/h4>\n\n\n\n<!--more-->\n\n\n\n<p>Igor Carvalho &#8211; Brasil de Fato | S\u00e3o Paulo (SP) <\/p>\n\n\n\n<p>O n\u00famero de fiscais do&nbsp;<a href=\"https:\/\/www.brasildefato.com.br\/pesquisar?utf8=%E2%9C%93&amp;q=ibama\" target=\"_blank\" rel=\"noreferrer noopener\">Instituto Brasileiro do Meio Ambiente e Recursos Naturais (Ibama)<\/a>&nbsp;despencou de 1.311, em 2010, para 591, em 2019, uma redu\u00e7\u00e3o de 55%. Agora, em 2020, houve um incremento de 103 servidores cocontratados pelo \u00f3rg\u00e3o para fiscaliza\u00e7\u00e3o, chegando a 694, mas ainda 47% menor em rela\u00e7\u00e3o ao in\u00edcio da \u00faltima d\u00e9cada.<\/p>\n\n\n\n<p>Verificar&nbsp;a redu\u00e7\u00e3o no n\u00famero de fiscais do Ibama foi poss\u00edvel via Lei de Acesso \u00e0 Informa\u00e7\u00e3o (LAI), atrav\u00e9s do coletivo Fiquem Sabendo e&nbsp;mostra que a queda coincide com o aumento do desmatamento no pa\u00eds, durante o governo de Jair Bolsonaro (sem partido).&nbsp;Dados do Instituto Nacional de Pesquisas Espaciais (Inpe) revelam que entre agosto de 2019 e julho de 2020, houve um aumento de 34% no n\u00famero de queimadas no pa\u00eds, em rela\u00e7\u00e3o ao mesmo per\u00edodo do ano anterior.<\/p>\n\n\n\n<p>O sistema de Detec\u00e7\u00e3o de Desmatamento em Tempo Real (Deter), que pertence ao Inpe, aponta&nbsp;que no primeiro semestre de 2020, 3.069,57 km\u00b2 foram desmatados da Amaz\u00f4nia. Um aumento de 25% em rela\u00e7\u00e3o ao mesmo per\u00edodo de 2019. Somente em junho, 1.034,4 km\u00b2 da Amaz\u00f4nia foi desflorestada, o maior registro desde 2015.<\/p>\n\n\n\n<p><a href=\"https:\/\/www.brasildefato.com.br\/2020\/09\/08\/queimadas-aumentam-em-25-as-internacoes-por-problemas-respiratorios-na-amazonia\" target=\"_blank\" rel=\"noreferrer noopener\"><strong>Leia Mais.: Queimadas aumentam em 25% as interna\u00e7\u00f5es por problemas respirat\u00f3rios na Amaz\u00f4nia<\/strong><\/a><\/p>\n\n\n\n<p>No \u00faltimo ano de governo do ex-presidente Luiz In\u00e1cio Lula da Silva (PT), 2010, o n\u00famero de fiscais era de 1.311. Desde ent\u00e3o, come\u00e7aram as redu\u00e7\u00f5es nos quadros do Ibama. Em 2011, j\u00e1 sob comando de Dilma Rousseff (PT), um recuo de 4,6%, caindo para 1255.<\/p>\n\n\n\n<p>As redu\u00e7\u00f5es t\u00edmidas s\u00e3o mantidas ano a ano at\u00e9 2019, quando o pa\u00eds \u00e9 presidido por Michel Temer (MDB), e a queda, em rela\u00e7\u00e3o a 2018, chega a 16,13%, caindo de 930 para 780 fiscais.<\/p>\n\n\n\n<p>No primeiro ano do mandato de Bolsonaro, 2019, o Ibama assiste outra queda dram\u00e1tica no n\u00famero de fiscais, 24,23%. De 780, o Ibama passa a contar com apenas 591 servidores para vigiar todo o territ\u00f3rio nacional.<\/p>\n\n\n\n<p>Insuficiente<\/p>\n\n\n\n<figure class=\"wp-block-image\"><img data-recalc-dims=\"1\" decoding=\"async\" src=\"https:\/\/i0.wp.com\/images02.brasildefato.com.br\/398942456f05aaf2526b5b6462ba446f.jpeg?w=600&#038;ssl=1\" alt=\"\"\/><\/figure>\n\n\n\n<p><br>Ano a ano, o Ibama perdeu poder de fiscaliza\u00e7\u00e3o \/ Arte: Fernando Bertholo<\/p>\n\n\n\n<p>Raoni Raj\u00e3o, professor do Departamento de Engenharia de Produ\u00e7\u00e3o da Universidade Federal de Minas Gerais (UFMG), lamenta que o Brasil tenha&nbsp;<a href=\"https:\/\/www.brasildefato.com.br\/2020\/08\/04\/ministerio-do-meio-ambiente-tenta-reduzir-meta-de-preservacao-da-amazonia\" target=\"_blank\" rel=\"noreferrer noopener\">recuado de \u00edndices positivos conquistas no come\u00e7o do s\u00e9culo.&nbsp;<\/a>\u201cA redu\u00e7\u00e3o de mais de 80% que vimos entre 2004 e 2012 [na redu\u00e7\u00e3o do desmatamento na Amaz\u00f4nia] foi resultado de dois fatores principais: cria\u00e7\u00e3o de unidades de conserva\u00e7\u00e3o em \u00e1reas chave, e aumento da capacidade do Estado de implementar a legisla\u00e7\u00e3o ambiental. Essas a\u00e7\u00f5es de comando e controle foram viabilizadas pela contrata\u00e7\u00e3o de centenas de fiscais, e o desenvolvimento de novos sistemas de monitoramento pelo Inpe\u201d.<\/p>\n\n\n\n<p>O docente alerta que desde 2014 o Ibama n\u00e3o realiza concursos para a contrata\u00e7\u00e3o de servidores e que \u201co aumento do desmatamento \u00e9 consequ\u00eancia do enfraquecimento do Ibama e outros \u00f3rg\u00e3os de controle desde ent\u00e3o.\u201d<\/p>\n\n\n\n<p>\u201cApesar dos ganhos tecnol\u00f3gicos que tivemos nos \u00faltimos anos, o n\u00famero de fiscais atualmente no IBAMA \u00e9 claramente insuficiente. Temos um pa\u00eds continental, e mesmo com o CAR (Sistema de Cadastro Ambiental) e a capacidade de monitoramento fornecida pelo Inpe muitas a\u00e7\u00f5es precisam ser realizadas no ch\u00e3o. S\u00e3o particularmente cr\u00edticas as a\u00e7\u00f5es em terras ind\u00edgenas e unidades de conserva\u00e7\u00e3o, onde o desmatamento explodiu nos \u00faltimos anos\u201d, finaliza Raj\u00e3o.<br>&nbsp;<\/p>\n\n\n\n<p>Edi\u00e7\u00e3o: Rodrigo Dur\u00e3o Coelho<a><\/a><\/p>\n","protected":false},"excerpt":{"rendered":"<p>Em rela\u00e7\u00e3o ao \u00faltimo ano de Lula, 2010, queda \u00e9 de 55%; com fiscaliza\u00e7\u00e3o reduzida, desmatamento avan\u00e7ou 34% em 2020<\/p>\n","protected":false},"author":1,"featured_media":0,"comment_status":"closed","ping_status":"open","sticky":false,"template":"","format":"standard","meta":{"_exactmetrics_skip_tracking":false,"_exactmetrics_sitenote_active":false,"_exactmetrics_sitenote_note":"","_exactmetrics_sitenote_category":0,"jetpack_post_was_ever_published":false,"_jetpack_newsletter_access":"","_jetpack_dont_email_post_to_subs":false,"_jetpack_newsletter_tier_id":0,"_jetpack_memberships_contains_paywalled_content":false,"_jetpack_memberships_contains_paid_content":false,"footnotes":"","jetpack_publicize_message":"","jetpack_publicize_feature_enabled":true,"jetpack_social_post_already_shared":true,"jetpack_social_options":{"image_generator_settings":{"template":"highway","enabled":false},"version":2}},"categories":[1],"tags":[407,406,330],"class_list":["post-29722","post","type-post","status-publish","format-standard","hentry","category-notas","tag-fiscais","tag-ibama","tag-reducao"],"jetpack_publicize_connections":[],"jetpack_sharing_enabled":true,"jetpack_featured_media_url":"","jetpack_shortlink":"https:\/\/wp.me\/p7wKYW-7Jo","jetpack-related-posts":[],"_links":{"self":[{"href":"http:\/\/blogdalucianaoliveira.com.br\/blog\/wp-json\/wp\/v2\/posts\/29722","targetHints":{"allow":["GET"]}}],"collection":[{"href":"http:\/\/blogdalucianaoliveira.com.br\/blog\/wp-json\/wp\/v2\/posts"}],"about":[{"href":"http:\/\/blogdalucianaoliveira.com.br\/blog\/wp-json\/wp\/v2\/types\/post"}],"author":[{"embeddable":true,"href":"http:\/\/blogdalucianaoliveira.com.br\/blog\/wp-json\/wp\/v2\/users\/1"}],"replies":[{"embeddable":true,"href":"http:\/\/blogdalucianaoliveira.com.br\/blog\/wp-json\/wp\/v2\/comments?post=29722"}],"version-history":[{"count":1,"href":"http:\/\/blogdalucianaoliveira.com.br\/blog\/wp-json\/wp\/v2\/posts\/29722\/revisions"}],"predecessor-version":[{"id":29723,"href":"http:\/\/blogdalucianaoliveira.com.br\/blog\/wp-json\/wp\/v2\/posts\/29722\/revisions\/29723"}],"wp:attachment":[{"href":"http:\/\/blogdalucianaoliveira.com.br\/blog\/wp-json\/wp\/v2\/media?parent=29722"}],"wp:term":[{"taxonomy":"category","embeddable":true,"href":"http:\/\/blogdalucianaoliveira.com.br\/blog\/wp-json\/wp\/v2\/categories?post=29722"},{"taxonomy":"post_tag","embeddable":true,"href":"http:\/\/blogdalucianaoliveira.com.br\/blog\/wp-json\/wp\/v2\/tags?post=29722"}],"curies":[{"name":"wp","href":"https:\/\/api.w.org\/{rel}","templated":true}]}}