{"id":29743,"date":"2020-09-11T07:50:50","date_gmt":"2020-09-11T11:50:50","guid":{"rendered":"http:\/\/blogdalucianaoliveira.com.br\/blog\/?p=29743"},"modified":"2020-09-11T07:51:58","modified_gmt":"2020-09-11T11:51:58","slug":"contrato-social-esta-rompido-diz-bid-sobre-desigualdade-na-al","status":"publish","type":"post","link":"http:\/\/blogdalucianaoliveira.com.br\/blog\/2020\/09\/11\/contrato-social-esta-rompido-diz-bid-sobre-desigualdade-na-al\/","title":{"rendered":"&#8216;Contrato social est\u00e1 rompido&#8217;, diz BID sobre desigualdade na AL"},"content":{"rendered":"\n<figure class=\"wp-block-image size-large\"><img data-recalc-dims=\"1\" loading=\"lazy\" decoding=\"async\" width=\"600\" height=\"383\" data-attachment-id=\"29745\" data-permalink=\"http:\/\/blogdalucianaoliveira.com.br\/blog\/2020\/09\/11\/contrato-social-esta-rompido-diz-bid-sobre-desigualdade-na-al\/image-8-12\/\" data-orig-file=\"https:\/\/i0.wp.com\/blogdalucianaoliveira.com.br\/blog\/wp-content\/uploads\/2020\/09\/image-8.jpeg?fit=768%2C490\" data-orig-size=\"768,490\" data-comments-opened=\"0\" data-image-meta=\"{&quot;aperture&quot;:&quot;0&quot;,&quot;credit&quot;:&quot;&quot;,&quot;camera&quot;:&quot;&quot;,&quot;caption&quot;:&quot;&quot;,&quot;created_timestamp&quot;:&quot;0&quot;,&quot;copyright&quot;:&quot;&quot;,&quot;focal_length&quot;:&quot;0&quot;,&quot;iso&quot;:&quot;0&quot;,&quot;shutter_speed&quot;:&quot;0&quot;,&quot;title&quot;:&quot;&quot;,&quot;orientation&quot;:&quot;0&quot;}\" data-image-title=\"image-8\" data-image-description=\"\" data-image-caption=\"\" data-medium-file=\"https:\/\/i0.wp.com\/blogdalucianaoliveira.com.br\/blog\/wp-content\/uploads\/2020\/09\/image-8.jpeg?fit=300%2C191\" data-large-file=\"https:\/\/i0.wp.com\/blogdalucianaoliveira.com.br\/blog\/wp-content\/uploads\/2020\/09\/image-8.jpeg?fit=600%2C383\" src=\"https:\/\/i0.wp.com\/blogdalucianaoliveira.com.br\/blog\/wp-content\/uploads\/2020\/09\/image-8.jpeg?resize=600%2C383\" alt=\"\" class=\"wp-image-29745\" srcset=\"https:\/\/i0.wp.com\/blogdalucianaoliveira.com.br\/blog\/wp-content\/uploads\/2020\/09\/image-8.jpeg?w=768 768w, https:\/\/i0.wp.com\/blogdalucianaoliveira.com.br\/blog\/wp-content\/uploads\/2020\/09\/image-8.jpeg?resize=300%2C191 300w, https:\/\/i0.wp.com\/blogdalucianaoliveira.com.br\/blog\/wp-content\/uploads\/2020\/09\/image-8.jpeg?resize=470%2C300 470w\" sizes=\"auto, (max-width: 600px) 100vw, 600px\" \/><\/figure>\n\n\n\n<p>AFP &#8211; O Banco Interamericano de Desenvolvimento (BID) advertiu, nesta sexta-feira (11), sobre a desigualdade na Am\u00e9rica Latina, afirmando que o contrato social est\u00e1 rompido na regi\u00e3o e que a crise da covid-19 tem caracter\u00edsticas &#8220;regressivas&#8221;\u00a0que afetam os pobres de forma desproporcional.<\/p>\n\n\n\n<!--more-->\n\n\n\n<p>O informe &#8220;A Crise da Desigualdade: Am\u00e9rica Latina e Caribe na Encruzilhada&#8221; (em tradu\u00e7\u00e3o livre para o portugu\u00eas) destaca que, historicamente, a regi\u00e3o teve problemas para enfrentar as crises.<\/p>\n\n\n\n<p>Como exemplo, em outros eventos desta natureza no passado, quando o Produto Interno Bruto (PIB) se contraiu 5%, o impacto sobre os sal\u00e1rios reais foi de 10% em m\u00e9dia e, em alguns casos extremos, de 20%.<\/p>\n\n\n\n<p>Segundo o FMI, em 2020, a regi\u00e3o sofrer\u00e1 uma contra\u00e7\u00e3o de 9,4% do PIB. O Banco Mundial calcula que, este ano, 25 milh\u00f5es de empregos ser\u00e3o perdidos.<\/p>\n\n\n\n<p>O Banco Interamericano destacou que a crise da covid-19 &#8220;tem algumas caracter\u00edsticas que a tornam especialmente regressiva&#8221;, j\u00e1 que &#8220;afetou desproporcionalmente os lares de baixa renda&#8221; e aqueles que dependem da &#8220;proximidade humana&#8221;.<\/p>\n\n\n\n<p>&#8220;Vemos como o contrato social est\u00e1 rompido em muitos n\u00edveis&#8221;, advertiu o economista-chefe do BID, Eric Parrado, ressaltando que a desigualdade na Am\u00e9rica Latina e Caribe &#8220;\u00e9 bem conhecida, mas n\u00e3o necessariamente bem entendida&#8221;.<\/p>\n\n\n\n<p>O Banco destacou que a regi\u00e3o da Am\u00e9rica Latina e Caribe entrou nesta crise com tr\u00eas poblemas estruturais severos: alta informalidade, desigualdade e baixa produtividade.<\/p>\n\n\n\n<p>Em 2018, a regi\u00e3o tinha n\u00edveis de desigualdade superados apenas pela \u00c1frica ao sul do Saara.<\/p>\n\n\n\n<p>&#8211; &#8220;Epis\u00f3dios de mal-estar social&#8221; &#8211;<\/p>\n\n\n\n<figure class=\"wp-block-image size-large\"><img data-recalc-dims=\"1\" loading=\"lazy\" decoding=\"async\" width=\"600\" height=\"400\" data-attachment-id=\"29744\" data-permalink=\"http:\/\/blogdalucianaoliveira.com.br\/blog\/2020\/09\/11\/contrato-social-esta-rompido-diz-bid-sobre-desigualdade-na-al\/image-7-15\/\" data-orig-file=\"https:\/\/i0.wp.com\/blogdalucianaoliveira.com.br\/blog\/wp-content\/uploads\/2020\/09\/image-7.jpeg?fit=768%2C512\" data-orig-size=\"768,512\" data-comments-opened=\"0\" data-image-meta=\"{&quot;aperture&quot;:&quot;0&quot;,&quot;credit&quot;:&quot;&quot;,&quot;camera&quot;:&quot;&quot;,&quot;caption&quot;:&quot;&quot;,&quot;created_timestamp&quot;:&quot;0&quot;,&quot;copyright&quot;:&quot;&quot;,&quot;focal_length&quot;:&quot;0&quot;,&quot;iso&quot;:&quot;0&quot;,&quot;shutter_speed&quot;:&quot;0&quot;,&quot;title&quot;:&quot;&quot;,&quot;orientation&quot;:&quot;0&quot;}\" data-image-title=\"image-7\" data-image-description=\"\" data-image-caption=\"\" data-medium-file=\"https:\/\/i0.wp.com\/blogdalucianaoliveira.com.br\/blog\/wp-content\/uploads\/2020\/09\/image-7.jpeg?fit=300%2C200\" data-large-file=\"https:\/\/i0.wp.com\/blogdalucianaoliveira.com.br\/blog\/wp-content\/uploads\/2020\/09\/image-7.jpeg?fit=600%2C400\" src=\"https:\/\/i0.wp.com\/blogdalucianaoliveira.com.br\/blog\/wp-content\/uploads\/2020\/09\/image-7.jpeg?resize=600%2C400\" alt=\"\" class=\"wp-image-29744\" srcset=\"https:\/\/i0.wp.com\/blogdalucianaoliveira.com.br\/blog\/wp-content\/uploads\/2020\/09\/image-7.jpeg?w=768 768w, https:\/\/i0.wp.com\/blogdalucianaoliveira.com.br\/blog\/wp-content\/uploads\/2020\/09\/image-7.jpeg?resize=300%2C200 300w, https:\/\/i0.wp.com\/blogdalucianaoliveira.com.br\/blog\/wp-content\/uploads\/2020\/09\/image-7.jpeg?resize=450%2C300 450w\" sizes=\"auto, (max-width: 600px) 100vw, 600px\" \/><\/figure>\n\n\n\n<p>Em um contexto de vulnerabilidade, os pobres est\u00e3o mais expostos \u00e0 mudan\u00e7a clim\u00e1tica e recebem uma pior educa\u00e7\u00e3o e atendimento de sa\u00fade, disse o Banco.<\/p>\n\n\n\n<p>Como resultado, nossas escolas e cidades est\u00e3o segregadas por rendas em n\u00edveis que n\u00e3o se veem em outras partes&#8221;, alertou a institui\u00e7\u00e3o.<\/p>\n\n\n\n<p>O BID destacou que a regi\u00e3o avan\u00e7ou na redu\u00e7\u00e3o das disparidades de renda, especialmente durante o boom das mat\u00e9rias-primas entre 2000 e 2013. Nesse per\u00edodo, houve uma redu\u00e7\u00e3o da pobreza de 42,3% em m\u00e9dia em 2002 para 23,1% em 2018. Essa mudan\u00e7a levou milh\u00f5es de pessoas \u00e0 classe m\u00e9dia.<\/p>\n\n\n\n<p>Este avan\u00e7o tamb\u00e9m permitiu reduzir o abismo entre ricos e pobres. Em 2019, 10% dos mais ricos da regi\u00e3o ganhavam 22 vezes mais do que os 10% mais pobres. Em 2000, a propor\u00e7\u00e3o era de 49 vezes mais.<\/p>\n\n\n\n<p>Um dos pontos de destaque no relat\u00f3rio \u00e9 a segrega\u00e7\u00e3o por status socioecon\u00f4mico &#8211; com Brasil como exemplo.<\/p>\n\n\n\n<p>G\u00eanero e ra\u00e7a tamb\u00e9m determinam a desigualdade.<\/p>\n\n\n\n<p>As mulheres ganham 87 centavos por cada d\u00f3lar que um homem recebe. E, na compara\u00e7\u00e3o dos sal\u00e1rios dos cidad\u00e3os afro-descendentes, ajustando-os ao n\u00edvel educacional, eles recebem sal\u00e1rios 17% mais baixos do que o restante da popula\u00e7\u00e3o e, no caso dos ind\u00edgenas, chega-se a 27%.<\/p>\n\n\n\n<p>A educa\u00e7\u00e3o \u00e9 outro fator que agrava a desigualdade. As diferen\u00e7as na qualidade da educa\u00e7\u00e3o explicam 25% da desigualdade salarial, j\u00e1 que h\u00e1 &#8220;uma importante separa\u00e7\u00e3o das escolas por status social&#8221;.<\/p>\n\n\n\n<p>&#8220;Os indiv\u00edduos de alta renda investem 25 vezes mais na educa\u00e7\u00e3o dos filhos do que os pais de baixa renda&#8221;, diz o estudo.<\/p>\n\n\n\n<p>Para Parrado, se n\u00e3o se abordar o desafio da desigualdade de uma maneira multidimensional, a regi\u00e3o continuar\u00e1 sofrendo de epis\u00f3dios de mal-estar social e continuar\u00e1 sendo vulner\u00e1vel a choques externos, como evidenciou a pandemia da covid-19.<\/p>\n","protected":false},"excerpt":{"rendered":"<p>AFP &#8211; O Banco Interamericano de Desenvolvimento (BID) advertiu, nesta sexta-feira (11), sobre a desigualdade na Am\u00e9rica Latina, afirmando que o contrato social est\u00e1 rompido na regi\u00e3o e que a crise da covid-19 tem caracter\u00edsticas &#8220;regressivas&#8221;\u00a0que afetam os pobres de forma desproporcional.<\/p>\n","protected":false},"author":1,"featured_media":0,"comment_status":"closed","ping_status":"open","sticky":false,"template":"","format":"standard","meta":{"_exactmetrics_skip_tracking":false,"_exactmetrics_sitenote_active":false,"_exactmetrics_sitenote_note":"","_exactmetrics_sitenote_category":0,"jetpack_post_was_ever_published":false,"_jetpack_newsletter_access":"","_jetpack_dont_email_post_to_subs":false,"_jetpack_newsletter_tier_id":0,"_jetpack_memberships_contains_paywalled_content":false,"_jetpack_memberships_contains_paid_content":false,"footnotes":"","jetpack_publicize_message":"","jetpack_publicize_feature_enabled":true,"jetpack_social_post_already_shared":true,"jetpack_social_options":{"image_generator_settings":{"template":"highway","enabled":false},"version":2}},"categories":[1],"tags":[],"class_list":["post-29743","post","type-post","status-publish","format-standard","hentry","category-notas"],"jetpack_publicize_connections":[],"jetpack_sharing_enabled":true,"jetpack_featured_media_url":"","jetpack_shortlink":"https:\/\/wp.me\/p7wKYW-7JJ","jetpack-related-posts":[],"_links":{"self":[{"href":"http:\/\/blogdalucianaoliveira.com.br\/blog\/wp-json\/wp\/v2\/posts\/29743","targetHints":{"allow":["GET"]}}],"collection":[{"href":"http:\/\/blogdalucianaoliveira.com.br\/blog\/wp-json\/wp\/v2\/posts"}],"about":[{"href":"http:\/\/blogdalucianaoliveira.com.br\/blog\/wp-json\/wp\/v2\/types\/post"}],"author":[{"embeddable":true,"href":"http:\/\/blogdalucianaoliveira.com.br\/blog\/wp-json\/wp\/v2\/users\/1"}],"replies":[{"embeddable":true,"href":"http:\/\/blogdalucianaoliveira.com.br\/blog\/wp-json\/wp\/v2\/comments?post=29743"}],"version-history":[{"count":2,"href":"http:\/\/blogdalucianaoliveira.com.br\/blog\/wp-json\/wp\/v2\/posts\/29743\/revisions"}],"predecessor-version":[{"id":29747,"href":"http:\/\/blogdalucianaoliveira.com.br\/blog\/wp-json\/wp\/v2\/posts\/29743\/revisions\/29747"}],"wp:attachment":[{"href":"http:\/\/blogdalucianaoliveira.com.br\/blog\/wp-json\/wp\/v2\/media?parent=29743"}],"wp:term":[{"taxonomy":"category","embeddable":true,"href":"http:\/\/blogdalucianaoliveira.com.br\/blog\/wp-json\/wp\/v2\/categories?post=29743"},{"taxonomy":"post_tag","embeddable":true,"href":"http:\/\/blogdalucianaoliveira.com.br\/blog\/wp-json\/wp\/v2\/tags?post=29743"}],"curies":[{"name":"wp","href":"https:\/\/api.w.org\/{rel}","templated":true}]}}