{"id":29758,"date":"2020-09-15T07:05:09","date_gmt":"2020-09-15T11:05:09","guid":{"rendered":"http:\/\/blogdalucianaoliveira.com.br\/blog\/?p=29758"},"modified":"2020-09-15T07:05:13","modified_gmt":"2020-09-15T11:05:13","slug":"um-dois-feijao-sem-arroz","status":"publish","type":"post","link":"http:\/\/blogdalucianaoliveira.com.br\/blog\/2020\/09\/15\/um-dois-feijao-sem-arroz\/","title":{"rendered":"Um, dois, feij\u00e3o sem arroz"},"content":{"rendered":"\n<figure class=\"wp-block-image size-large\"><img data-recalc-dims=\"1\" loading=\"lazy\" decoding=\"async\" width=\"600\" height=\"783\" data-attachment-id=\"29760\" data-permalink=\"http:\/\/blogdalucianaoliveira.com.br\/blog\/2020\/09\/15\/um-dois-feijao-sem-arroz\/image-11-12\/\" data-orig-file=\"https:\/\/i0.wp.com\/blogdalucianaoliveira.com.br\/blog\/wp-content\/uploads\/2020\/09\/image-11.jpeg?fit=600%2C783\" data-orig-size=\"600,783\" data-comments-opened=\"0\" data-image-meta=\"{&quot;aperture&quot;:&quot;0&quot;,&quot;credit&quot;:&quot;&quot;,&quot;camera&quot;:&quot;&quot;,&quot;caption&quot;:&quot;&quot;,&quot;created_timestamp&quot;:&quot;0&quot;,&quot;copyright&quot;:&quot;&quot;,&quot;focal_length&quot;:&quot;0&quot;,&quot;iso&quot;:&quot;0&quot;,&quot;shutter_speed&quot;:&quot;0&quot;,&quot;title&quot;:&quot;&quot;,&quot;orientation&quot;:&quot;0&quot;}\" data-image-title=\"image-11\" data-image-description=\"\" data-image-caption=\"\" data-medium-file=\"https:\/\/i0.wp.com\/blogdalucianaoliveira.com.br\/blog\/wp-content\/uploads\/2020\/09\/image-11.jpeg?fit=230%2C300\" data-large-file=\"https:\/\/i0.wp.com\/blogdalucianaoliveira.com.br\/blog\/wp-content\/uploads\/2020\/09\/image-11.jpeg?fit=600%2C783\" src=\"https:\/\/i0.wp.com\/blogdalucianaoliveira.com.br\/blog\/wp-content\/uploads\/2020\/09\/image-11.jpeg?resize=600%2C783\" alt=\"\" class=\"wp-image-29760\" srcset=\"https:\/\/i0.wp.com\/blogdalucianaoliveira.com.br\/blog\/wp-content\/uploads\/2020\/09\/image-11.jpeg?w=600 600w, https:\/\/i0.wp.com\/blogdalucianaoliveira.com.br\/blog\/wp-content\/uploads\/2020\/09\/image-11.jpeg?resize=230%2C300 230w\" sizes=\"auto, (max-width: 600px) 100vw, 600px\" \/><\/figure>\n\n\n\n<p>Em fevereiro, antes de a pandemia come\u00e7ar, um morador do Rio de Janeiro comprava 21 quilos de feij\u00e3o preto com 100 reais. Seis meses depois, em agosto, esse mesmo valor s\u00f3 comprava 14 quilos.<br><\/p>\n\n\n\n<!--more-->\n\n\n\n<p><strong>LUIZA FERRAZ E RENATA BUONO\u00a0<\/strong><\/p>\n\n\n\n<p>Revista Piau\u00ed<\/p>\n\n\n\n<p><strong>O\u00a0<\/strong>pre\u00e7o dos alimentos da cesta b\u00e1sica dos brasileiros subiu depois da pandemia, principalmente em agosto. Segundo dados do Departamento Intersindical de Estat\u00edstica e Estudos Socioecon\u00f4micos (Dieese), o pacote de 10 quilos de arroz, por exemplo, chegou a custar, em m\u00e9dia, 45 reais na capital do Rio de Janeiro, um aumento de aproximadamente 18% em rela\u00e7\u00e3o a 2019 \u2013 j\u00e1 considerada a infla\u00e7\u00e3o. Al\u00e9m disso, a redu\u00e7\u00e3o do valor do aux\u00edlio emergencial para 300 reais pode piorar ainda mais a situa\u00e7\u00e3o. Com o novo benef\u00edcio, n\u00e3o \u00e9 poss\u00edvel comprar uma cesta b\u00e1sica nem mesmo em Aracaju, capital de Sergipe e cidade com a cesta mais barata. O\u00a0<em>=igualdades<\/em>\u00a0mostra o impacto do aumento desses pre\u00e7os no bolso e na mesa dos consumidores.<\/p>\n\n\n\n<figure class=\"wp-block-image size-large\"><img loading=\"lazy\" decoding=\"async\" width=\"1417\" height=\"1849\" data-attachment-id=\"29759\" data-permalink=\"http:\/\/blogdalucianaoliveira.com.br\/blog\/2020\/09\/15\/um-dois-feijao-sem-arroz\/image-10-11\/\" data-orig-file=\"https:\/\/i0.wp.com\/blogdalucianaoliveira.com.br\/blog\/wp-content\/uploads\/2020\/09\/image-10.jpeg?fit=1417%2C1849\" data-orig-size=\"1417,1849\" data-comments-opened=\"0\" data-image-meta=\"{&quot;aperture&quot;:&quot;0&quot;,&quot;credit&quot;:&quot;&quot;,&quot;camera&quot;:&quot;&quot;,&quot;caption&quot;:&quot;&quot;,&quot;created_timestamp&quot;:&quot;0&quot;,&quot;copyright&quot;:&quot;&quot;,&quot;focal_length&quot;:&quot;0&quot;,&quot;iso&quot;:&quot;0&quot;,&quot;shutter_speed&quot;:&quot;0&quot;,&quot;title&quot;:&quot;&quot;,&quot;orientation&quot;:&quot;0&quot;}\" data-image-title=\"image-10\" data-image-description=\"\" data-image-caption=\"\" data-medium-file=\"https:\/\/i0.wp.com\/blogdalucianaoliveira.com.br\/blog\/wp-content\/uploads\/2020\/09\/image-10.jpeg?fit=230%2C300\" data-large-file=\"https:\/\/i0.wp.com\/blogdalucianaoliveira.com.br\/blog\/wp-content\/uploads\/2020\/09\/image-10.jpeg?fit=600%2C783\" src=\"https:\/\/i1.wp.com\/blogdalucianaoliveira.com.br\/blog\/wp-content\/uploads\/2020\/09\/image-10.jpeg?fit=600%2C783\" alt=\"\" class=\"wp-image-29759\" srcset=\"https:\/\/i0.wp.com\/blogdalucianaoliveira.com.br\/blog\/wp-content\/uploads\/2020\/09\/image-10.jpeg?w=1417 1417w, https:\/\/i0.wp.com\/blogdalucianaoliveira.com.br\/blog\/wp-content\/uploads\/2020\/09\/image-10.jpeg?resize=230%2C300 230w, https:\/\/i0.wp.com\/blogdalucianaoliveira.com.br\/blog\/wp-content\/uploads\/2020\/09\/image-10.jpeg?resize=785%2C1024 785w, https:\/\/i0.wp.com\/blogdalucianaoliveira.com.br\/blog\/wp-content\/uploads\/2020\/09\/image-10.jpeg?resize=768%2C1002 768w, https:\/\/i0.wp.com\/blogdalucianaoliveira.com.br\/blog\/wp-content\/uploads\/2020\/09\/image-10.jpeg?resize=1177%2C1536 1177w\" sizes=\"auto, (max-width: 600px) 100vw, 600px\" \/><\/figure>\n\n\n\n<p>Em fevereiro, antes de a pandemia come\u00e7ar, um morador do Rio de Janeiro comprava 21 quilos de feij\u00e3o preto com 100 reais. Seis meses depois, em agosto, esse mesmo valor s\u00f3 comprava 14 quilos.<\/p>\n\n\n\n<figure class=\"wp-block-image\"><img data-recalc-dims=\"1\" decoding=\"async\" src=\"https:\/\/i0.wp.com\/piaui.folha.uol.com.br\/wp-content\/uploads\/2020\/09\/Arte-2-cesta-b%25C3%25A1sica.jpg?w=600&#038;ssl=1\" alt=\"\" class=\"wp-image-387073\"\/><\/figure>\n\n\n\n<p>Al\u00e9m do feij\u00e3o, o arroz tamb\u00e9m sofreu com a alta nos pre\u00e7os. Se uma moradora de Campo Grande, capital de Mato Grosso do Sul, decidisse gastar 100 reais para comprar s\u00f3 arroz em fevereiro, antes do in\u00edcio do isolamento social, ela conseguiria levar 35 quilos para casa. Mas, em agosto, se ela levasse o mesmo dinheiro, compraria 9 quilos a menos.<\/p>\n\n\n\n<figure class=\"wp-block-image\"><img data-recalc-dims=\"1\" decoding=\"async\" src=\"https:\/\/i0.wp.com\/piaui.folha.uol.com.br\/wp-content\/uploads\/2020\/09\/Arte-3-cesta-b%25C3%25A1sica.jpg?w=600&#038;ssl=1\" alt=\"\" class=\"wp-image-387074\"\/><\/figure>\n\n\n\n<p>Uma das poss\u00edveis explica\u00e7\u00f5es para a alta no pre\u00e7o dos alimentos da cesta b\u00e1sica \u00e9 o aumento da exporta\u00e7\u00e3o desses produtos, gra\u00e7as \u00e0 valoriza\u00e7\u00e3o do d\u00f3lar. De janeiro a agosto de 2019, o Brasil exportou 665 mil toneladas de arroz. No mesmo per\u00edodo deste ano, a exporta\u00e7\u00e3o quase dobrou: foram 1,15 milh\u00e3o de toneladas de arroz enviadas para outros pa\u00edses.<\/p>\n\n\n\n<p><\/p>\n\n\n\n<figure class=\"wp-block-image\"><img data-recalc-dims=\"1\" decoding=\"async\" src=\"https:\/\/i0.wp.com\/piaui.folha.uol.com.br\/wp-content\/uploads\/2020\/09\/Arte-4-cesta-b%25C3%25A1sica-VA.jpg?w=600&#038;ssl=1\" alt=\"\" class=\"wp-image-387075\"\/><\/figure>\n\n\n\n<p>S\u00e3o Paulo foi uma das cidades onde o \u00f3leo de soja mais encareceu desde agosto de 2019. Naquela \u00e9poca, se um paulista comprasse 100 reais em \u00f3leo, ele conseguiria colocar 30 garrafas no carrinho do supermercado. J\u00e1 em agosto deste ano, ele s\u00f3 conseguiria 21. Isso porque o item teve um aumento de 41,8% nas prateleiras.<\/p>\n\n\n\n<figure class=\"wp-block-image\"><img data-recalc-dims=\"1\" decoding=\"async\" src=\"https:\/\/i0.wp.com\/piaui.folha.uol.com.br\/wp-content\/uploads\/2020\/09\/Arte-5-cesta-b%25C3%25A1sica.jpg?w=600&#038;ssl=1\" alt=\"\" class=\"wp-image-387076\"\/><\/figure>\n\n\n\n<p>No Sul, o churrasco, prato t\u00edpico da regi\u00e3o, ficou mais salgado em compara\u00e7\u00e3o ao ano passado. Em agosto de 2019, se uma moradora de Florian\u00f3polis utilizasse 100 reais para comprar carne, ela conseguiria assar 4 quilos. J\u00e1 em agosto deste ano, com os mesmos 100 reais, s\u00f3 conseguiria 3 quilos.<\/p>\n\n\n\n<figure class=\"wp-block-image\"><img data-recalc-dims=\"1\" decoding=\"async\" src=\"https:\/\/i0.wp.com\/piaui.folha.uol.com.br\/wp-content\/uploads\/2020\/09\/Arte-6-cesta-b%25C3%25A1sica.jpg?w=600&#038;ssl=1\" alt=\"\" class=\"wp-image-387077\"\/><\/figure>\n\n\n\n<p>Assim como no caso do arroz, tamb\u00e9m houve aumento das exporta\u00e7\u00f5es de carne. Enquanto o churrasco por aqui fica mais magro, l\u00e1 fora fica mais gordo. De janeiro a agosto de 2020, o Brasil exportou pouco mais de 1 milh\u00e3o de toneladas de carne congelada, 22% a mais que no mesmo per\u00edodo do ano passado.&nbsp;<\/p>\n\n\n\n<figure class=\"wp-block-image\"><img data-recalc-dims=\"1\" decoding=\"async\" src=\"https:\/\/i0.wp.com\/piaui.folha.uol.com.br\/wp-content\/uploads\/2020\/09\/Arte-7-cesta-b%25C3%25A1sica.jpg?w=600&#038;ssl=1\" alt=\"\" class=\"wp-image-387078\"\/><\/figure>\n\n\n\n<p>A redu\u00e7\u00e3o no valor do aux\u00edlio emergencial ter\u00e1 impacto direto no consumo das fam\u00edlias. Na cidade de S\u00e3o Paulo, por exemplo, com 600 reais era poss\u00edvel comprar 6 quilos de carne, 8 litros de leite, 5 quilos de feij\u00e3o, 3 quilos de arroz, 2 quilos de farinha, 6 quilos de batata, 9 quilos de tomate, 6 quilos de p\u00e3o franc\u00eas, 600 gramas de caf\u00e9, 90 bananas, 3 quilos de a\u00e7\u00facar, 1 garrafa de \u00f3leo de soja\u2026 e ainda sobravam 60 reais para 20 latinhas de cerveja. J\u00e1 com 300 reais,&nbsp; d\u00e1 para comprar 6 quilos de carne, 8 litros de leite, 5 quilos de feij\u00e3o, 3 quilos de arroz, 2 quilos de farinha, 3 quilos de a\u00e7\u00facar, uma garrafa de \u00f3leo e uma d\u00fazia de bananas.<\/p>\n\n\n\n<p>Fonte: DIEESE (Departamento Intersindical de Estat\u00edstica e Estudos Socioecon\u00f4micos);&nbsp;Estat\u00edsticas de Com\u00e9rcio Exterior \u2013 Comex Stat.<\/p>\n","protected":false},"excerpt":{"rendered":"<p>Em fevereiro, antes de a pandemia come\u00e7ar, um morador do Rio de Janeiro comprava 21 quilos de feij\u00e3o preto com 100 reais. Seis meses depois, em agosto, esse mesmo valor s\u00f3 comprava 14 quilos.<\/p>\n","protected":false},"author":1,"featured_media":0,"comment_status":"closed","ping_status":"open","sticky":false,"template":"","format":"standard","meta":{"_exactmetrics_skip_tracking":false,"_exactmetrics_sitenote_active":false,"_exactmetrics_sitenote_note":"","_exactmetrics_sitenote_category":0,"jetpack_post_was_ever_published":false,"_jetpack_newsletter_access":"","_jetpack_dont_email_post_to_subs":false,"_jetpack_newsletter_tier_id":0,"_jetpack_memberships_contains_paywalled_content":false,"_jetpack_memberships_contains_paid_content":false,"footnotes":"","jetpack_publicize_message":"","jetpack_publicize_feature_enabled":true,"jetpack_social_post_already_shared":true,"jetpack_social_options":{"image_generator_settings":{"template":"highway","enabled":false},"version":2}},"categories":[1],"tags":[],"class_list":["post-29758","post","type-post","status-publish","format-standard","hentry","category-notas"],"jetpack_publicize_connections":[],"jetpack_sharing_enabled":true,"jetpack_featured_media_url":"","jetpack_shortlink":"https:\/\/wp.me\/p7wKYW-7JY","jetpack-related-posts":[],"_links":{"self":[{"href":"http:\/\/blogdalucianaoliveira.com.br\/blog\/wp-json\/wp\/v2\/posts\/29758","targetHints":{"allow":["GET"]}}],"collection":[{"href":"http:\/\/blogdalucianaoliveira.com.br\/blog\/wp-json\/wp\/v2\/posts"}],"about":[{"href":"http:\/\/blogdalucianaoliveira.com.br\/blog\/wp-json\/wp\/v2\/types\/post"}],"author":[{"embeddable":true,"href":"http:\/\/blogdalucianaoliveira.com.br\/blog\/wp-json\/wp\/v2\/users\/1"}],"replies":[{"embeddable":true,"href":"http:\/\/blogdalucianaoliveira.com.br\/blog\/wp-json\/wp\/v2\/comments?post=29758"}],"version-history":[{"count":1,"href":"http:\/\/blogdalucianaoliveira.com.br\/blog\/wp-json\/wp\/v2\/posts\/29758\/revisions"}],"predecessor-version":[{"id":29761,"href":"http:\/\/blogdalucianaoliveira.com.br\/blog\/wp-json\/wp\/v2\/posts\/29758\/revisions\/29761"}],"wp:attachment":[{"href":"http:\/\/blogdalucianaoliveira.com.br\/blog\/wp-json\/wp\/v2\/media?parent=29758"}],"wp:term":[{"taxonomy":"category","embeddable":true,"href":"http:\/\/blogdalucianaoliveira.com.br\/blog\/wp-json\/wp\/v2\/categories?post=29758"},{"taxonomy":"post_tag","embeddable":true,"href":"http:\/\/blogdalucianaoliveira.com.br\/blog\/wp-json\/wp\/v2\/tags?post=29758"}],"curies":[{"name":"wp","href":"https:\/\/api.w.org\/{rel}","templated":true}]}}