{"id":29763,"date":"2020-09-16T10:21:13","date_gmt":"2020-09-16T14:21:13","guid":{"rendered":"http:\/\/blogdalucianaoliveira.com.br\/blog\/?p=29763"},"modified":"2020-09-16T10:21:22","modified_gmt":"2020-09-16T14:21:22","slug":"mourao-nao-tem-a-menor-ideia-sobre-sua-missao-principal-combater-incendios-na-amazonia","status":"publish","type":"post","link":"http:\/\/blogdalucianaoliveira.com.br\/blog\/2020\/09\/16\/mourao-nao-tem-a-menor-ideia-sobre-sua-missao-principal-combater-incendios-na-amazonia\/","title":{"rendered":"Mour\u00e3o n\u00e3o tem a menor ideia sobre sua miss\u00e3o principal: combater inc\u00eandios na Amaz\u00f4nia"},"content":{"rendered":"\n<figure class=\"wp-block-image is-resized\"><img data-recalc-dims=\"1\" loading=\"lazy\" decoding=\"async\" src=\"https:\/\/i0.wp.com\/jornalggn.com.br\/sites\/default\/files\/2020\/09\/mourao-nao-tem-a-menor-ideia-sobre-sua-missao-principal-combater-incendios-na-amazonia-download-17.jpeg?resize=600%2C399&#038;ssl=1\" alt=\"\" width=\"600\" height=\"399\"\/><\/figure>\n\n\n\n<p>CGN &#8211; Para n\u00e3o dizer bobagens &#8211; como, por exemplo, a de que h\u00e1 menos focos de inc\u00eandio hoje do que no ano passado -, Mour\u00e3o poder\u00e1 conferir a tabela anual comparativa dos pa\u00edses.<br><\/p>\n\n\n\n<!--more-->\n\n\n\n<p>N\u00e3o e apenas a equipe de Paulo Guedes \u2013 que parte da m\u00eddia teimava de chamar de \u201cbrilhante\u201d&nbsp; at\u00e9 algum tempo tempo atr\u00e1s \u2013 que n\u00e3o tem a menor no\u00e7\u00e3o sobre pol\u00edticas p\u00fablicas.<\/p>\n\n\n\n<p>O vice-presidente Hamilton Mour\u00e3o tornou-se o respons\u00e1vel pelo combate aos focos de inc\u00eandio na Amaz\u00f4nia. Como tal, o primeiro papel, seria estudar os indicadores. Ao menos isso deveria ter aprendido em sua forma\u00e7\u00e3o militar.<\/p>\n\n\n\n<p>Ontem, foram divulgados dados do aumento das queimadas no Pantanal e na Amazonia. A rea\u00e7\u00e3o de Mour\u00e3o foi acusar o INPE (Instituto Nacional de Pesquisas Espaciais) de fazer propaganda contra o governo, vazando dados negativos.<\/p>\n\n\n\n<p>Mostrou apenas uma rotunda ignor\u00e3ncia, incompat\u00edvel com sua fun\u00e7\u00e3o de respons\u00e1vel pelo combate \u00e0s queimadas.<\/p>\n\n\n\n<p>O INPE tem um site, o&nbsp;<a href=\"https:\/\/www.google.com\/url?q=http:\/\/www.queimadas.inpe&amp;sa=D&amp;ust=1600259386526000&amp;usg=AOvVaw3KmPA1CXBNjbdHQvRpDiVw\">www.queimadas.inpe<\/a>.<\/p>\n\n\n\n<p>Trata-se de um portal refer\u00eancia mundial sobre queimadas.<\/p>\n\n\n\n<p>Entrando, se tem acesso aos seguintes dados p\u00fablicos.<br><\/p>\n\n\n\n<figure class=\"wp-block-image\"><img decoding=\"async\" src=\"https:\/\/lh3.googleusercontent.com\/FfeKdloZ0bQEojmRRACaOmwfPzqc5AG_fUkjCcvRT9lRUX8lJnI2r5A0Cby5bi_9FY0VS2jHu-WvEx2JlgPQr5vJQSmnCAVYkdTm26qoyYFntJiFftZV8dUJh5ROCVF6FvBYJJfe\" alt=\"\"\/><\/figure>\n\n\n\n<p>L\u00e1, Mour\u00e3o poder\u00e1 encontrar todos os focos de inc\u00eandio n\u00e3o apenas no Brasil, mas na Argentina, Bol\u00edvia, Chile, Col\u00f4mbia, enfim, todos os pa\u00edses latino-americanos apoiados pelo Fundo Amaz\u00f4nia.<br><\/p>\n\n\n\n<p>Mais: ter\u00e1 acesso a mapas, montados em tempo real.<\/p>\n\n\n\n<figure class=\"wp-block-image\"><img decoding=\"async\" src=\"https:\/\/lh4.googleusercontent.com\/fFiKWKLxjkN-5Hyj5-Yg4GpmqVAoMIPRjs8cfUNwarQ_AsDQjB7WOVmt3ZIKwl82bMEcrVOSnbJ3mzenHet5fps_aEbmzHsW_aq5QZKGtFMB2o6KcAoY5EwGt9GPM65IAly12c3Q\" alt=\"\"\/><\/figure>\n\n\n\n<p>Para n\u00e3o dizer bobagens \u2013 como, por exemplo, a de que h\u00e1 menos focos de inc\u00eandio hoje do que no ano passado -, Mour\u00e3o poder\u00e1 conferir a tabela anual comparativa dos pa\u00edses.<\/p>\n\n\n\n<figure class=\"wp-block-image\"><img decoding=\"async\" src=\"https:\/\/lh3.googleusercontent.com\/mkILiMi8mYJVtfZ1nWgb3xp9miXD92fdQxpeq6dHK1VbVrLg9_FW5fhjCsbj2ABOYjHIrZPcFDx3TVrbnFJLHM83b2fkXx-658uRK6dfVb9yJbtbEJ7B8adSJ8qD5aIvxyl4GC84\" alt=\"\"\/><\/figure>\n\n\n\n<p>L\u00e1, poder\u00e1 conferir que as queimadas aumentaram 12% em rela\u00e7\u00e3o ao ano passado; e, no ano passado, j\u00e1 haviam aumentado em 49% em rela\u00e7\u00e3o ao ano anterior.<\/p>\n\n\n\n<p>Ali\u00e1s, o caso Mour\u00e3o lembra a piada do caipira, esnobado por uma mo\u00e7a em uma cidade do interior.<br><\/p>\n\n\n\n<ul class=\"wp-block-list\"><li>E eu sou dos meiorzinhos aqui, dona!<\/li><\/ul>\n\n\n\n<p>Mour\u00e3o \u00e9 dos \u201cmeiorzinhos\u201d do governo Bolsonaro. Imagine-se o restante.<br><\/p>\n\n\n\n<p><br><\/p>\n\n\n\n<p><\/p>\n","protected":false},"excerpt":{"rendered":"<p>CGN &#8211; Para n\u00e3o dizer bobagens &#8211; como, por exemplo, a de que h\u00e1 menos focos de inc\u00eandio hoje do que no ano passado -, Mour\u00e3o poder\u00e1 conferir a tabela anual comparativa dos pa\u00edses.<\/p>\n","protected":false},"author":1,"featured_media":0,"comment_status":"closed","ping_status":"open","sticky":false,"template":"","format":"standard","meta":{"_exactmetrics_skip_tracking":false,"_exactmetrics_sitenote_active":false,"_exactmetrics_sitenote_note":"","_exactmetrics_sitenote_category":0,"jetpack_post_was_ever_published":false,"_jetpack_newsletter_access":"","_jetpack_dont_email_post_to_subs":false,"_jetpack_newsletter_tier_id":0,"_jetpack_memberships_contains_paywalled_content":false,"_jetpack_memberships_contains_paid_content":false,"footnotes":"","jetpack_publicize_message":"","jetpack_publicize_feature_enabled":true,"jetpack_social_post_already_shared":true,"jetpack_social_options":{"image_generator_settings":{"template":"highway","enabled":false},"version":2}},"categories":[1],"tags":[],"class_list":["post-29763","post","type-post","status-publish","format-standard","hentry","category-notas"],"jetpack_publicize_connections":[],"jetpack_sharing_enabled":true,"jetpack_featured_media_url":"","jetpack_shortlink":"https:\/\/wp.me\/p7wKYW-7K3","jetpack-related-posts":[],"_links":{"self":[{"href":"http:\/\/blogdalucianaoliveira.com.br\/blog\/wp-json\/wp\/v2\/posts\/29763","targetHints":{"allow":["GET"]}}],"collection":[{"href":"http:\/\/blogdalucianaoliveira.com.br\/blog\/wp-json\/wp\/v2\/posts"}],"about":[{"href":"http:\/\/blogdalucianaoliveira.com.br\/blog\/wp-json\/wp\/v2\/types\/post"}],"author":[{"embeddable":true,"href":"http:\/\/blogdalucianaoliveira.com.br\/blog\/wp-json\/wp\/v2\/users\/1"}],"replies":[{"embeddable":true,"href":"http:\/\/blogdalucianaoliveira.com.br\/blog\/wp-json\/wp\/v2\/comments?post=29763"}],"version-history":[{"count":1,"href":"http:\/\/blogdalucianaoliveira.com.br\/blog\/wp-json\/wp\/v2\/posts\/29763\/revisions"}],"predecessor-version":[{"id":29764,"href":"http:\/\/blogdalucianaoliveira.com.br\/blog\/wp-json\/wp\/v2\/posts\/29763\/revisions\/29764"}],"wp:attachment":[{"href":"http:\/\/blogdalucianaoliveira.com.br\/blog\/wp-json\/wp\/v2\/media?parent=29763"}],"wp:term":[{"taxonomy":"category","embeddable":true,"href":"http:\/\/blogdalucianaoliveira.com.br\/blog\/wp-json\/wp\/v2\/categories?post=29763"},{"taxonomy":"post_tag","embeddable":true,"href":"http:\/\/blogdalucianaoliveira.com.br\/blog\/wp-json\/wp\/v2\/tags?post=29763"}],"curies":[{"name":"wp","href":"https:\/\/api.w.org\/{rel}","templated":true}]}}