{"id":29765,"date":"2020-09-16T10:31:48","date_gmt":"2020-09-16T14:31:48","guid":{"rendered":"http:\/\/blogdalucianaoliveira.com.br\/blog\/?p=29765"},"modified":"2020-09-16T10:31:51","modified_gmt":"2020-09-16T14:31:51","slug":"descaso-no-pantanal-e-amazonia-ameaca-negocios-do-brasil-enquanto-governo-se-isenta-de-responsabilidade","status":"publish","type":"post","link":"http:\/\/blogdalucianaoliveira.com.br\/blog\/2020\/09\/16\/descaso-no-pantanal-e-amazonia-ameaca-negocios-do-brasil-enquanto-governo-se-isenta-de-responsabilidade\/","title":{"rendered":"Descaso no Pantanal e Amaz\u00f4nia amea\u00e7a neg\u00f3cios do Brasil enquanto Governo se isenta de responsabilidade"},"content":{"rendered":"\n<figure class=\"wp-block-image\"><img data-recalc-dims=\"1\" decoding=\"async\" src=\"https:\/\/i0.wp.com\/imagens.brasil.elpais.com\/resizer\/CAwc0vbqZRpXQOdQW2iXRBIIJYw%3D\/1500x0\/cloudfront-eu-central-1.images.arcpublishing.com\/prisa\/GWXXHCPWLJHKDE6HMRW74RMHKI.jpg?w=600&#038;ssl=1\" alt=\"Uma on\u00e7a ferida nos inc\u00eandios do Pantanal repousa na beira de um riacho no Parque Nacional Encontro das \u00c1guas, no Mato Grosso, que j\u00e1 teve mais de 60% de sua \u00e1rea destru\u00edda pelo fogo.\"\/><\/figure>\n\n\n\n<h4 class=\"wp-block-heading\">Carta assinada por oito pa\u00edses alerta para dificuldade crescente em manter neg\u00f3cios com o pa\u00eds e empresas de agroneg\u00f3cios se unem a ONGs para cobrar a\u00e7\u00f5es contra desmatamento amaz\u00f4nico<\/h4>\n\n\n\n<!--more-->\n\n\n\n<p><a href=\"https:\/\/brasil.elpais.com\/autor\/afonso-benites\/\">AFONSO BENITES<\/a>, no El Pa\u00eds<\/p>\n\n\n\n<p>Enquanto o Pantanal\u00a0<a rel=\"noreferrer noopener\" href=\"https:\/\/brasil.elpais.com\/brasil\/2020-09-12\/pantanal-sofre-a-maior-devastacao-de-sua-historia-enquanto-voluntarios-lutam-para-salvar-os-animais.html\" target=\"_blank\">queima\u00a0<\/a>e a\u00a0<a rel=\"noreferrer noopener\" href=\"https:\/\/brasil.elpais.com\/ciencia\/2020-09-10\/a-amazonia-degradada-ja-e-maior-que-a-desmatada.html\" target=\"_blank\">Amaz\u00f4nia registra \u00edndices de degrada\u00e7\u00e3o<\/a>\u00a0cada vez maiores, o Brasil sofre a amea\u00e7a de ficar para escanteio na economia. Al\u00e9m dos alertas j\u00e1 emitidos por fundos de investimentos e bancos brasileiros e da amea\u00e7a de que o\u00a0<a rel=\"noreferrer noopener\" href=\"https:\/\/brasil.elpais.com\/brasil\/2020-06-25\/desmatamento-sob-bolsonaro-afasta-investidores-e-ameaca-acordo-mercosul-uniao-europeia.html\" target=\"_blank\">acordo comercial entre a Uni\u00e3o Europeia e o Mercosul\u00a0<\/a>n\u00e3o se conclua, nesta ter\u00e7a (15) o vice-presidente Hamilton Mour\u00e3o recebeu uma carta assinada pelos embaixadores de oito pa\u00edses europeus &#8211; Alemanha, Reino Unido, Fran\u00e7a, It\u00e1lia, Holanda, Noruega, Dinamarca e B\u00e9lgica. <\/p>\n\n\n\n<p>O recado da carta \u00e9 claro: enquanto a quest\u00e3o do desmatamento e da preserva\u00e7\u00e3o s\u00e3o foco dos governo e das empresas do continente, o \u201cBrasil est\u00e1 tornando cada vez mais dif\u00edcil para empresas e investidores atender a seus crit\u00e9rios ambientais, sociais e de governan\u00e7a\u201d.<\/p>\n\n\n\n<p>A press\u00e3o internacional se soma a uma in\u00e9dita rea\u00e7\u00e3o de mais de 200 organiza\u00e7\u00f5es, entre ONGs, empresas de agroneg\u00f3cio e do setor financeiro, que enviaram um recado ao Governo nesta ter\u00e7a cobrando medidas para reduzir o desmatamento na Amaz\u00f4nia. \u201c<a rel=\"noreferrer noopener\" href=\"http:\/\/www.coalizaobr.com.br\/home\/\" target=\"_blank\">N\u00e3o somente pelo avan\u00e7o das perdas<\/a>\u00a0socioambientais envolvidas, mas tamb\u00e9m pela amea\u00e7a que a destrui\u00e7\u00e3o florestal na regi\u00e3o imp\u00f5e \u00e0s quest\u00f5es econ\u00f4micas nacionais. H\u00e1 uma clara e crescente preocupa\u00e7\u00e3o de diversos setores da sociedade nacional e internacional com o avan\u00e7o do desmatamento\u201d, diz o texto, assinado pela chamada Coaliz\u00e3o Brasil Clima, Bosques e Agricultura. O grupo colocou lado a lado ONGs como a WWF, as ind\u00fastrias JBS, Marfrig, al\u00e9m de Basf e Bayer. Entre as propostas do grupo, est\u00e3o mais transpar\u00eancia nas a\u00e7\u00f5es e fiscaliza\u00e7\u00e3o nas florestas.<\/p>\n\n\n\n<p>A press\u00e3o, por\u00e9m, n\u00e3o tem mudado a resposta do Governo Bolsonaro apesar de fatos concretos mostrarem que a gest\u00e3o est\u00e1 aqu\u00e9m da necessidade. &#8220;O comportamento que vemos na crise ambiental \u00e9 um espelho da postura do governo na pandemia de&nbsp;<a href=\"https:\/\/brasil.elpais.com\/noticias\/coronavirus\/\" target=\"_blank\" rel=\"noreferrer noopener\">covid-19<\/a>. Ele nega que seja um problema grande, nega a gravidade e alimenta a narrativa por meio de falas que n\u00e3o t\u00eam nenhuma subst\u00e2ncia cient\u00edfica\u201d, diz R\u00f4mulo Batista, um dos porta-vozes do Greenpeace.<\/p>\n\n\n\n<p>O vice-presidente&nbsp;<a href=\"https:\/\/brasil.elpais.com\/noticias\/antonio-hamilton-martins-mourao\/\" target=\"_blank\" rel=\"noreferrer noopener\">Hamilton Mour\u00e3o<\/a>&nbsp;(PRTB), respons\u00e1vel pelo Conselho da Amaz\u00f4nia, descarta que o Governo esteja errando, e fala em \u201cseletividade na divulga\u00e7\u00e3o dos dados\u201d no que diz respeito ao desmatamento. \u201cQuando o dado \u00e9 negativo o cara vai l\u00e1 e divulga. Quando \u00e9 positivo, n\u00e3o divulga, entendeu?\u201d, acusou o vice em declara\u00e7\u00e3o \u00e0 imprensa na tarde do dia 15. Indagado sobre quem seria essa pessoa, Mour\u00e3o respondeu: \u201cN\u00e3o sei, n\u00e3o sou diretor do INPE\u201d. O que o vice-presidente n\u00e3o diz \u00e9 que os dados s\u00e3o p\u00fablicos. Basta&nbsp;<a href=\"http:\/\/queimadas.dgi.inpe.br\/queimadas\/bdqueimadas\">acessar o site do INPE<\/a>&nbsp;para saber quase em tempo real quantos focos de calor ocorreram em cada bioma.<\/p>\n\n\n\n<p>Mour\u00e3o defende que uma das sa\u00eddas para combater os inc\u00eandios \u00e9 manter os militares em opera\u00e7\u00e3o constante na floresta at\u00e9 2022 e decretar uma morat\u00f3ria do fogo, que est\u00e1 em vigor desde julho, uma estrat\u00e9gia que j\u00e1 foi questionada no Supremo Tribunal Federal pelo Partido Verde.<\/p>\n\n\n\n<figure class=\"wp-block-image\"><img data-recalc-dims=\"1\" decoding=\"async\" src=\"https:\/\/i0.wp.com\/imagens.brasil.elpais.com\/resizer\/2dvtmZl-1rZtcp3IjWqllv_9-uI%3D\/1500x0\/cloudfront-eu-central-1.images.arcpublishing.com\/prisa\/K4IPIPYWRRD4HLL3OQHOWKTKUQ.jpg?w=600&#038;ssl=1\" alt=\"Brigadista em Porto Jofre, no Pantanal mato-grosssense, em 14 de setembro.\"\/><figcaption>Brigadista em Porto Jofre, no Pantanal mato-grosssense, em 14 de setembro.MAURO PIMENTEL \/ AFP<\/figcaption><\/figure>\n\n\n\n<p>O vice-presidente e o ministro do Meio Ambiente, Ricardo Salles, entraram em uma campanha para desacreditar os discursos de ambientalistas e seus apoiadores. Usando trechos de um v\u00eddeo do Greenpeace sem autoriza\u00e7\u00e3o, o&nbsp;<a href=\"https:\/\/twitter.com\/GeneralMourao\/status\/1303868724513038341\">vice-presidente diz no Twitter<\/a>: \u201cDe que lado voc\u00ea est\u00e1? De quem preserva de verdade ou de quem manipula seus sentimentos? O Brasil \u00e9 o pa\u00eds que mais preserva suas florestas nativas no mundo. Essa \u00e9 a verdade. N\u00f3s cuidamos\u201d. O v\u00eddeo foi uma resposta a outra postagem da Articula\u00e7\u00e3o dos Povos Ind\u00edgenas do Brasil. Na pe\u00e7a, a organiza\u00e7\u00e3o diz que a \u201cAmaz\u00f4nia \u00e9 o cora\u00e7\u00e3o do Brasil. Quem coloca fogo nela \u00e9 inimigo do pa\u00eds\u201d. Ainda pede que em defesa da Amaz\u00f4nia, o presidente brasileiro&nbsp;<a href=\"https:\/\/www.facebook.com\/apiboficial\/videos\/327802915152605\/\">deveria deixar de ser financiado<\/a>.<\/p>\n\n\n\n<p>\u201cDiscutimos hoje temas que n\u00e3o dever\u00edamos estar discutindo, que j\u00e1 tinham sido superados. Temos de provar que o fogo existe, que os dados s\u00e3o fatos, e n\u00e3o ideologia. Temos de lutar contra lendas de que o fogo \u00e9 para subsist\u00eancia e de que ele foi criminoso, n\u00e3o provocado por um raio\u201d, diz a diretora-adjunta do ICV, Alice Thuault.<\/p>\n\n\n\n<h3 class=\"wp-block-heading\">A realidade se imp\u00f5e<\/h3>\n\n\n\n<p>Enquanto o governo briga com os fatos, a realidade segue se impondo no Pantanal. A Pol\u00edcia Federal deflagrou no in\u00edcio desta semana a Opera\u00e7\u00e3o Mat\u00e1\u00e1, que cumpriu dez mandados de busca e apreens\u00e3o Mato Grosso do Sul. De acordo com a institui\u00e7\u00e3o, investiga\u00e7\u00f5es apontam que o fogo na regi\u00e3o foi provocado deliberadamente para transformar a mata nativa em pastagem para o gado. Al\u00e9m disso, no per\u00edodo atual de seca na regi\u00e3o \u2015 que s\u00f3 se encerra em novembro \u2015, raramente caem raios na pastagem. Por isso, h\u00e1 a clara sinaliza\u00e7\u00e3o de que os inc\u00eandios foram causados por interfer\u00eancia humana.<\/p>\n\n\n\n<p>A impunidade aliada \u00e0 pol\u00edtica de Bolsonaro de reduzir o n\u00famero de infra\u00e7\u00f5es s\u00e3o outros fatores que interferem no aumento do fogo. Mesmo com o recorde de queimadas, neste ano houve uma queda de 48% nas infra\u00e7\u00f5es aplicadas pelo Instituto Brasileiro de Meio Ambiente no Mato Grosso e no Mato Grosso do Sul, os dois estados pantaneiros. Dados publicados pela&nbsp;<em>BBC,<\/em>&nbsp;e confirmados pelo EL PA\u00cdS, mostram que de janeiro a 14 de setembro o Ibama aplicou 223 infra\u00e7\u00f5es nos dois Estados neste ano, contra 425 no mesmo per\u00edodo de 2019.<\/p>\n\n\n\n<p>Ao analisar imagens de sat\u00e9lites do INPE e&nbsp;<a href=\"http:\/\/globalfiredata.org\/index.html\">da NASA<\/a>, o ICV tamb\u00e9m constatou que at\u00e9 agosto apenas nove pontos eram os respons\u00e1veis por 67% dos focos de inc\u00eandio em todo o Pantanal mato-grossense. Em cinco deles, \u00e9 poss\u00edvel apontar que a propriedade onde iniciou o fogo era privada e estava registrada no cadastro ambiental rural (CAR). Ou seja, pode-se saber quem deveria estar preservando essa \u00e1rea e, como n\u00e3o o fez, poderia ser responsabilizado criminalmente. Outros tr\u00eas pontos eram de \u00e1reas n\u00e3o cadastradas. E um, em uma terra ind\u00edgena. \u201cAs multas estaduais pagas no Mato Grosso \u00e9 de mais ou menos 2% da quantidade de multas aplicadas. O ciclo da responsabiliza\u00e7\u00e3o n\u00e3o fecha. \u00c9 uma impunidade que garante a continuidade dos inc\u00eandios ano ap\u00f3s ano\u201d, diz Thuault, do ICV.<\/p>\n\n\n\n<h3 class=\"wp-block-heading\">Devasta\u00e7\u00e3o<\/h3>\n\n\n\n<p>Em 33 dias, os<a href=\"https:\/\/brasil.elpais.com\/brasil\/2020-08-21\/o-pantanal-queima-e-aumenta-a-pressao-sobre-a-gestao-ambiental-no-brasil.html\" target=\"_blank\" rel=\"noreferrer noopener\">&nbsp;inc\u00eandios no Pantanal<\/a>&nbsp;praticamente dizimaram o Parque Estadual Encontro das \u00c1guas, na divisa entre Mato Grosso e Mato Grosso do Sul. Imagens de sat\u00e9lite analisadas por t\u00e9cnicos da ONG Instituto Centro de Vida (ICV) mostram que, no dia 9 de agosto, alguns focos de inc\u00eandio provinham apenas da parte norte do parque, conhecido ponto de ecoturismo da regi\u00e3o. Em 13 de setembro, no entanto, o fogo j\u00e1 vinha de todos os lados, atingindo 85% dos seus 108.000 hectares (veja v\u00eddeo abaixo).<\/p>\n\n\n\n<p>As chamas se tornaram rotina diante de uma clara&nbsp;<a href=\"https:\/\/brasil.elpais.com\/brasil\/2020-08-05\/devastacao-da-amazonia-prejudica-chuvas-e-ajuda-pantanal-a-bater-recorde-de-queimadas.html\" target=\"_blank\" rel=\"noreferrer noopener\">falta de planejamento dos \u00f3rg\u00e3os ambientais<\/a>, principalmente da esfera federal. A avalia\u00e7\u00e3o foi feita ao EL PA\u00cdS por representantes de quatro organiza\u00e7\u00f5es da sociedade civil que atuam principalmente na \u00e1rea ambiental: ICV, Greenpeace, WWF e Observat\u00f3rio do Clima. Desde o in\u00edcio do ano j\u00e1 se sabia que a regi\u00e3o enfrentaria a sua maior seca em quase cinco d\u00e9cadas, que um dos principais rios da regi\u00e3o, o Paraguai, teriam seu fluxo diminu\u00eddo consideravelmente e que a falta de atua\u00e7\u00e3o no principal bioma vizinho, o cerrado, teria impacto direto no Pantanal.<\/p>\n\n\n\n<p>Ainda assim, o governo demorou quase tr\u00eas meses para mobilizar os brigadistas e reduziu o or\u00e7amento para o combate ao inc\u00eandio em at\u00e9 48%. \u201cEssa situa\u00e7\u00e3o no Pantanal est\u00e1 se repetindo. Tamb\u00e9m tivemos uma grande cat\u00e1strofe. 2019 queimou mais que nos \u00faltimos dez anos. J\u00e1 era um indicativo de que era necess\u00e1rio planejar. Mas nada foi feito\u201d, disse C\u00e1ssio Bernardino, analista em Conserva\u00e7\u00e3o do WWF-Brasil.<\/p>\n\n\n\n<figure><iframe loading=\"lazy\" allowfullscreen=\"1\" width=\"100%\" height=\"100%\" src=\"https:\/\/www.youtube.com\/embed\/8fRGPbGSrgI?autoplay=1&amp;rel=0&amp;modestbranding=1&amp;color=white&amp;frameborder=0&amp;embed_config=%7B%22autonavRelatedVideos%22%3Atrue%2C%22adsConfig%22%3A%7B%22adTagParameters%22%3A%7B%22iu%22%3A%22%2F7811748%2Felpais_brasil_web%2Fplayer_youtube%22%2C%22cust_params%22%3A%22pbskey%253Dbrasil_a%252Cjair_messias_bolsonaro_a%252Cgoverno_federal_brasil_a%252Camerica_a%252Cgobierno_a%252Cpresidente_republica_federativa_brasil_a%252Cpresidencia_republica_federativa_brasil_a%252Cincendios_forestales_a%252Cincendios_a%252Cpantanal_a%252Camazonia_a%252Cmato_grosso_a%252Cmato_grosso_do_sul_a%252Cbrasilia_a%252Cibama_instituto_brasileiro_meio_ambiente_recursos_naturais_renovaveis_a%252Cricardo_de_aquino_salles_a%252Cantonio_hamilton_martins_mourao_a%252Cmma_ministerio_meio_ambiente_brasil_a%252Cbrasil%2526ksg%253D%2526videoTime%253D35%22%2C%22ppid%22%3Anull%2C%22pp%22%3Anull%7D%7D%7D&amp;enablejsapi=1&amp;origin=https%3A%2F%2Fbrasil.elpais.com&amp;widgetid=1\"><\/iframe><\/figure>\n\n\n\n<p>An\u00e1lise da ONG Instituto Centro de Vida com base em imagens de sat\u00e9lite apontam que at\u00e9 o dia 13 de setembro de 2020, mais de 92.000 hectares haviam sido atingidos pelo fogo no Parque Estadual Encontro das \u00c1guas. Isso representa 85% da \u00e1rea total do parque, que tem 108 mil hectares.ICV<\/p>\n\n\n\n<p>At\u00e9 o \u00faltimo dia 15, o Pantanal j\u00e1 tinha registrado 15.453 focos de calor, de acordo com o Instituto Nacional de Pesquisas Espaciais (INPE). \u00c9 o maior \u00edndice da s\u00e9rie hist\u00f3rica, iniciada em 1998. Mais de 15% de todo o territ\u00f3rio pantaneiro foi destru\u00eddo. Na Amaz\u00f4nia, os n\u00fameros tamb\u00e9m n\u00e3o s\u00e3o nada animadores. No mesmo per\u00edodo, o bioma amaz\u00f4nico superou o total de focos registrados em todo m\u00eas de setembro de 2019. J\u00e1 foram registrados 20.486 focos de inc\u00eandio, um crescimento de 86% em rela\u00e7\u00e3o ao mesmo per\u00edodo do ano passado.<\/p>\n\n\n\n<h3 class=\"wp-block-heading\">Queda de recursos<\/h3>\n\n\n\n<p>Uma das cr\u00edticas feitas \u00e0 gest\u00e3o Salles- Mour\u00e3o-Bolsonaro \u00e9 quanto a redu\u00e7\u00e3o dos recursos de preven\u00e7\u00e3o e de fiscaliza\u00e7\u00e3o ambiental. Os dois principais \u00f3rg\u00e3os federais que atuam nesta \u00e1rea s\u00e3o o Ibama e o ICMBIO. Entre 2019 e 2020, a rubrica controle de fiscaliza\u00e7\u00e3o ambiental do Ibama perdeu quase 35% de seu or\u00e7amento (caiu de 102,8 milh\u00f5es de reais anuais para 66,2 milh\u00f5es de reais). J\u00e1 a de preven\u00e7\u00e3o e controle de inc\u00eandios florestais teve queda de 16% no mesmo per\u00edodo, caindo de 45,9 milh\u00f5es de reais anuais para 38,6 milh\u00f5es. No ICMBIO, a queda proporcional foi maior. A \u00e1rea de fiscaliza\u00e7\u00e3o ambiental e preven\u00e7\u00e3o e combate a inc\u00eandios florestais perdeu 48,6% de seu or\u00e7amento. Eram 37,1 milh\u00f5es de reais em 2019. Agora, s\u00e3o 19 milh\u00f5es de reais.<\/p>\n\n\n\n<p>No in\u00edcio de 2019, a mando do presidente Bolsonaro, o ministro Salles desconstituiu o conselho do Fundo Amaz\u00f4nia, que geria recursos internacionais usados na \u00e1rea ambiental de todo pa\u00eds. Seus principais doadores s\u00e3o os governos da Noruega e da Alemanha. Hoje, h\u00e1 1,5 bilh\u00e3o de reais congelados em uma conta que n\u00e3o podem ser usados por ningu\u00e9m porque n\u00e3o h\u00e1 quem administre esses recursos. \u201cEnquanto nos deparamos com cortes no or\u00e7amento, temos dinheiro internacional parado que poderia estar sendo usado na preven\u00e7\u00e3o e no combate aos inc\u00eandios\u201d, destaca a especialista s\u00eanior em pol\u00edticas p\u00fablicas do Observat\u00f3rio do Clima e ex-presidente do Ibama, Suely Ara\u00fajo.<\/p>\n\n\n\n<p>A resposta do Governo \u00e9 investir na militariza\u00e7\u00e3o do combate aos inc\u00eandios. A&nbsp;<a href=\"https:\/\/brasil.elpais.com\/brasil\/2020-05-26\/exercito-vai-gastar-em-um-mes-de-acao-na-amazonia-o-orcamento-anual-do-ibama-para-fiscalizacao.html\" target=\"_blank\" rel=\"noreferrer noopener\">opera\u00e7\u00e3o Verde Brasil 2<\/a>, comandada por Mour\u00e3o, \u00e9 a principal delas. Por m\u00eas ela custa cerca de 60 milh\u00f5es de reais e mobiliza cerca de 4.000 militares. \u201cCom dois meses desta opera\u00e7\u00e3o pagamos os sal\u00e1rios de todos os servidores do Ibama por um ano e podemos come\u00e7ar a abrir concurso para contratar mais gente\u201d, diz Ara\u00fajo. Para ela, o problema n\u00e3o \u00e9, necessariamente, a falta de recursos, mas a aus\u00eancia de vontade pol\u00edtica.<\/p>\n\n\n\n<p>Nesta semana, os Governos de Mato Grosso e Mato Grosso do Sul decretaram estado de calamidade e situa\u00e7\u00e3o de emerg\u00eancia, respectivamente. Por meio desses decretos, \u00e9 poss\u00edvel facilitar a burocracia para o uso de recursos no combate ao fogo. Para as pr\u00f3xima semanas, contudo, ainda nos depararemos com as chocantes imagens de animais mortos carbonizados.<\/p>\n\n\n\n<figure class=\"wp-block-image\"><img data-recalc-dims=\"1\" decoding=\"async\" src=\"https:\/\/i0.wp.com\/imagens.brasil.elpais.com\/resizer\/_GABGWBSVfE2eokph_ECGIhZC_c%3D\/1500x0\/cloudfront-eu-central-1.images.arcpublishing.com\/prisa\/QPC26TVKKZFL7B6XVT5VLO2EFU.jpg?w=600&#038;ssl=1\" alt=\"Um jacar\u00e9 morto por causa de inc\u00eandio pr\u00f3ximo \u00e0 rodovia Transpantaneira.\"\/><figcaption>Um jacar\u00e9 morto por causa de inc\u00eandio pr\u00f3ximo \u00e0 rodovia Transpantaneira.MAURO PIMENTEL \/ AFP<\/figcaption><\/figure>\n","protected":false},"excerpt":{"rendered":"<p>Carta assinada por oito pa\u00edses alerta para dificuldade crescente em manter neg\u00f3cios com o pa\u00eds e empresas de agroneg\u00f3cios se unem a ONGs para cobrar a\u00e7\u00f5es contra desmatamento amaz\u00f4nico<\/p>\n","protected":false},"author":1,"featured_media":0,"comment_status":"closed","ping_status":"open","sticky":false,"template":"","format":"standard","meta":{"_exactmetrics_skip_tracking":false,"_exactmetrics_sitenote_active":false,"_exactmetrics_sitenote_note":"","_exactmetrics_sitenote_category":0,"jetpack_post_was_ever_published":false,"_jetpack_newsletter_access":"","_jetpack_dont_email_post_to_subs":false,"_jetpack_newsletter_tier_id":0,"_jetpack_memberships_contains_paywalled_content":false,"_jetpack_memberships_contains_paid_content":false,"footnotes":"","jetpack_publicize_message":"","jetpack_publicize_feature_enabled":true,"jetpack_social_post_already_shared":true,"jetpack_social_options":{"image_generator_settings":{"template":"highway","enabled":false},"version":2}},"categories":[1],"tags":[],"class_list":["post-29765","post","type-post","status-publish","format-standard","hentry","category-notas"],"jetpack_publicize_connections":[],"jetpack_sharing_enabled":true,"jetpack_featured_media_url":"","jetpack_shortlink":"https:\/\/wp.me\/p7wKYW-7K5","jetpack-related-posts":[],"_links":{"self":[{"href":"http:\/\/blogdalucianaoliveira.com.br\/blog\/wp-json\/wp\/v2\/posts\/29765","targetHints":{"allow":["GET"]}}],"collection":[{"href":"http:\/\/blogdalucianaoliveira.com.br\/blog\/wp-json\/wp\/v2\/posts"}],"about":[{"href":"http:\/\/blogdalucianaoliveira.com.br\/blog\/wp-json\/wp\/v2\/types\/post"}],"author":[{"embeddable":true,"href":"http:\/\/blogdalucianaoliveira.com.br\/blog\/wp-json\/wp\/v2\/users\/1"}],"replies":[{"embeddable":true,"href":"http:\/\/blogdalucianaoliveira.com.br\/blog\/wp-json\/wp\/v2\/comments?post=29765"}],"version-history":[{"count":1,"href":"http:\/\/blogdalucianaoliveira.com.br\/blog\/wp-json\/wp\/v2\/posts\/29765\/revisions"}],"predecessor-version":[{"id":29766,"href":"http:\/\/blogdalucianaoliveira.com.br\/blog\/wp-json\/wp\/v2\/posts\/29765\/revisions\/29766"}],"wp:attachment":[{"href":"http:\/\/blogdalucianaoliveira.com.br\/blog\/wp-json\/wp\/v2\/media?parent=29765"}],"wp:term":[{"taxonomy":"category","embeddable":true,"href":"http:\/\/blogdalucianaoliveira.com.br\/blog\/wp-json\/wp\/v2\/categories?post=29765"},{"taxonomy":"post_tag","embeddable":true,"href":"http:\/\/blogdalucianaoliveira.com.br\/blog\/wp-json\/wp\/v2\/tags?post=29765"}],"curies":[{"name":"wp","href":"https:\/\/api.w.org\/{rel}","templated":true}]}}