{"id":29768,"date":"2020-09-17T14:13:40","date_gmt":"2020-09-17T18:13:40","guid":{"rendered":"http:\/\/blogdalucianaoliveira.com.br\/blog\/?p=29768"},"modified":"2020-09-17T14:13:49","modified_gmt":"2020-09-17T18:13:49","slug":"com-medo-do-crescimento-do-acampamento-manoel-ribeiro-policia-intercepta-onibus-de-camponeses","status":"publish","type":"post","link":"http:\/\/blogdalucianaoliveira.com.br\/blog\/2020\/09\/17\/com-medo-do-crescimento-do-acampamento-manoel-ribeiro-policia-intercepta-onibus-de-camponeses\/","title":{"rendered":"Com medo do crescimento do Acampamento Manoel Ribeiro, pol\u00edcia intercepta \u00f4nibus de camponeses"},"content":{"rendered":"\n<figure class=\"wp-block-image size-large\"><img data-recalc-dims=\"1\" loading=\"lazy\" decoding=\"async\" width=\"600\" height=\"369\" data-attachment-id=\"29769\" data-permalink=\"http:\/\/blogdalucianaoliveira.com.br\/blog\/2020\/09\/17\/com-medo-do-crescimento-do-acampamento-manoel-ribeiro-policia-intercepta-onibus-de-camponeses\/image-12-11\/\" data-orig-file=\"https:\/\/i0.wp.com\/blogdalucianaoliveira.com.br\/blog\/wp-content\/uploads\/2020\/09\/image-12.jpeg?fit=800%2C492\" data-orig-size=\"800,492\" data-comments-opened=\"0\" data-image-meta=\"{&quot;aperture&quot;:&quot;0&quot;,&quot;credit&quot;:&quot;&quot;,&quot;camera&quot;:&quot;&quot;,&quot;caption&quot;:&quot;&quot;,&quot;created_timestamp&quot;:&quot;0&quot;,&quot;copyright&quot;:&quot;&quot;,&quot;focal_length&quot;:&quot;0&quot;,&quot;iso&quot;:&quot;0&quot;,&quot;shutter_speed&quot;:&quot;0&quot;,&quot;title&quot;:&quot;&quot;,&quot;orientation&quot;:&quot;0&quot;}\" data-image-title=\"image-12\" data-image-description=\"\" data-image-caption=\"\" data-medium-file=\"https:\/\/i0.wp.com\/blogdalucianaoliveira.com.br\/blog\/wp-content\/uploads\/2020\/09\/image-12.jpeg?fit=300%2C185\" data-large-file=\"https:\/\/i0.wp.com\/blogdalucianaoliveira.com.br\/blog\/wp-content\/uploads\/2020\/09\/image-12.jpeg?fit=600%2C369\" src=\"https:\/\/i0.wp.com\/blogdalucianaoliveira.com.br\/blog\/wp-content\/uploads\/2020\/09\/image-12.jpeg?resize=600%2C369\" alt=\"\" class=\"wp-image-29769\" srcset=\"https:\/\/i0.wp.com\/blogdalucianaoliveira.com.br\/blog\/wp-content\/uploads\/2020\/09\/image-12.jpeg?w=800 800w, https:\/\/i0.wp.com\/blogdalucianaoliveira.com.br\/blog\/wp-content\/uploads\/2020\/09\/image-12.jpeg?resize=300%2C185 300w, https:\/\/i0.wp.com\/blogdalucianaoliveira.com.br\/blog\/wp-content\/uploads\/2020\/09\/image-12.jpeg?resize=768%2C472 768w, https:\/\/i0.wp.com\/blogdalucianaoliveira.com.br\/blog\/wp-content\/uploads\/2020\/09\/image-12.jpeg?resize=488%2C300 488w\" sizes=\"auto, (max-width: 600px) 100vw, 600px\" \/><\/figure>\n\n\n\n<p>Resist\u00eancia Camponesa &#8211; A pol\u00edcia atacou um \u00f4nibus fretado por camponeses que se dirigia para o Acampamento Manoel Ribeiro, em Chupinguaia, dia 15 de setembro.<\/p>\n\n\n\n<!--more-->\n\n\n\n<p>O ve\u00edculo, que partiu de Seringueiras (533Km de Porto Velho) com dezenas fam\u00edlias, por volta das 17h, foi parado duas vezes na estrada e obrigado a retornar ao munic\u00edpio de origem escoltado por quatro viaturas.<\/p>\n\n\n\n<p>Temendo o r\u00e1pido crescimento do acampamento, que ganha mais for\u00e7a a cada dia, o ataque policial teve por objetivo impedir a chegada de mais camponeses \u00e0s terras tomadas da antiga Fazenda Santa Elina.<\/p>\n\n\n\n<p>Relatos afirmam que a primeira intercepta\u00e7\u00e3o contra o \u00f4nibus ocorreu no posto da Pol\u00edcia Rodov\u00e1ria federal, quando este atravessava o munic\u00edpio de S\u00e3o Miguel do Guapor\u00e9, ap\u00f3s percorrer quase 40km de dist\u00e2ncia.<\/p>\n\n\n\n<p>O ve\u00edculo, que transportava apenas 30 pessoas, com o objetivo de garantir o distanciamento social e previnir a transmiss\u00e3o do novo Coronav\u00edrus, foi parado pelos policiais e liberado somente ap\u00f3s uma demorada revista.<\/p>\n\n\n\n<p>Chegando em Rolim de Moura, 145Km a frente, o \u00f4nibus foi novamente parado e revistado. Desta vez, os policiais usaram 4 viaturas, exigiram que as fam\u00edlias assinassem um documento e obrigaram todos a retornar ao local de origem, acompanhados pelos carros de pol\u00edcia.<\/p>\n\n\n\n<p>Os camponeses n\u00e3o se intimidaram com a persegui\u00e7\u00e3o da pol\u00edcia e afirmam que ir\u00e3o conquistar seu direito de um jeito ou de outro. Se n\u00e3o deixam o \u00f4nibus chegar, ir\u00e3o de moto, de carro etc.<\/p>\n\n\n\n<p>Apesar da persegui\u00e7\u00e3o promovida pela pol\u00edcia contra o Acampamento Manoel Ribeiro e das mentiras da imprensa do latif\u00fandio com objetivo de criminalizar a luta camponesa, a ocupa\u00e7\u00e3o do latif\u00fandio Nossa Senhora Aparecida avan\u00e7a cada dia mais.<\/p>\n\n\n\n<p>Com quase um m\u00eas da tomada, o acampamento recebe todos os dias mais camponeses que querem conquistar seu peda\u00e7o de ch\u00e3o para viver e trabalhar.<\/p>\n","protected":false},"excerpt":{"rendered":"<p>Resist\u00eancia Camponesa &#8211; A pol\u00edcia atacou um \u00f4nibus fretado por camponeses que se dirigia para o Acampamento Manoel Ribeiro, em Chupinguaia, dia 15 de setembro.<\/p>\n","protected":false},"author":1,"featured_media":0,"comment_status":"closed","ping_status":"open","sticky":false,"template":"","format":"standard","meta":{"_exactmetrics_skip_tracking":false,"_exactmetrics_sitenote_active":false,"_exactmetrics_sitenote_note":"","_exactmetrics_sitenote_category":0,"jetpack_post_was_ever_published":false,"_jetpack_newsletter_access":"","_jetpack_dont_email_post_to_subs":false,"_jetpack_newsletter_tier_id":0,"_jetpack_memberships_contains_paywalled_content":false,"_jetpack_memberships_contains_paid_content":false,"footnotes":"","jetpack_publicize_message":"","jetpack_publicize_feature_enabled":true,"jetpack_social_post_already_shared":true,"jetpack_social_options":{"image_generator_settings":{"template":"highway","enabled":false},"version":2}},"categories":[1],"tags":[],"class_list":["post-29768","post","type-post","status-publish","format-standard","hentry","category-notas"],"jetpack_publicize_connections":[],"jetpack_sharing_enabled":true,"jetpack_featured_media_url":"","jetpack_shortlink":"https:\/\/wp.me\/p7wKYW-7K8","jetpack-related-posts":[],"_links":{"self":[{"href":"http:\/\/blogdalucianaoliveira.com.br\/blog\/wp-json\/wp\/v2\/posts\/29768","targetHints":{"allow":["GET"]}}],"collection":[{"href":"http:\/\/blogdalucianaoliveira.com.br\/blog\/wp-json\/wp\/v2\/posts"}],"about":[{"href":"http:\/\/blogdalucianaoliveira.com.br\/blog\/wp-json\/wp\/v2\/types\/post"}],"author":[{"embeddable":true,"href":"http:\/\/blogdalucianaoliveira.com.br\/blog\/wp-json\/wp\/v2\/users\/1"}],"replies":[{"embeddable":true,"href":"http:\/\/blogdalucianaoliveira.com.br\/blog\/wp-json\/wp\/v2\/comments?post=29768"}],"version-history":[{"count":1,"href":"http:\/\/blogdalucianaoliveira.com.br\/blog\/wp-json\/wp\/v2\/posts\/29768\/revisions"}],"predecessor-version":[{"id":29770,"href":"http:\/\/blogdalucianaoliveira.com.br\/blog\/wp-json\/wp\/v2\/posts\/29768\/revisions\/29770"}],"wp:attachment":[{"href":"http:\/\/blogdalucianaoliveira.com.br\/blog\/wp-json\/wp\/v2\/media?parent=29768"}],"wp:term":[{"taxonomy":"category","embeddable":true,"href":"http:\/\/blogdalucianaoliveira.com.br\/blog\/wp-json\/wp\/v2\/categories?post=29768"},{"taxonomy":"post_tag","embeddable":true,"href":"http:\/\/blogdalucianaoliveira.com.br\/blog\/wp-json\/wp\/v2\/tags?post=29768"}],"curies":[{"name":"wp","href":"https:\/\/api.w.org\/{rel}","templated":true}]}}