{"id":29771,"date":"2020-09-17T16:11:22","date_gmt":"2020-09-17T20:11:22","guid":{"rendered":"http:\/\/blogdalucianaoliveira.com.br\/blog\/?p=29771"},"modified":"2020-09-17T16:11:27","modified_gmt":"2020-09-17T20:11:27","slug":"os-seis-fatores-que-tornam-incendios-no-pantanal-dificeis-de-serem-controlados","status":"publish","type":"post","link":"http:\/\/blogdalucianaoliveira.com.br\/blog\/2020\/09\/17\/os-seis-fatores-que-tornam-incendios-no-pantanal-dificeis-de-serem-controlados\/","title":{"rendered":"Os seis fatores que tornam inc\u00eandios no Pantanal dif\u00edceis de serem controlados"},"content":{"rendered":"\n<figure class=\"wp-block-image size-large\"><img data-recalc-dims=\"1\" loading=\"lazy\" decoding=\"async\" width=\"600\" height=\"338\" data-attachment-id=\"29772\" data-permalink=\"http:\/\/blogdalucianaoliveira.com.br\/blog\/2020\/09\/17\/os-seis-fatores-que-tornam-incendios-no-pantanal-dificeis-de-serem-controlados\/image-13-11\/\" data-orig-file=\"https:\/\/i0.wp.com\/blogdalucianaoliveira.com.br\/blog\/wp-content\/uploads\/2020\/09\/image-13.jpeg?fit=800%2C450\" data-orig-size=\"800,450\" data-comments-opened=\"0\" data-image-meta=\"{&quot;aperture&quot;:&quot;0&quot;,&quot;credit&quot;:&quot;&quot;,&quot;camera&quot;:&quot;&quot;,&quot;caption&quot;:&quot;&quot;,&quot;created_timestamp&quot;:&quot;0&quot;,&quot;copyright&quot;:&quot;&quot;,&quot;focal_length&quot;:&quot;0&quot;,&quot;iso&quot;:&quot;0&quot;,&quot;shutter_speed&quot;:&quot;0&quot;,&quot;title&quot;:&quot;&quot;,&quot;orientation&quot;:&quot;0&quot;}\" data-image-title=\"image-13\" data-image-description=\"\" data-image-caption=\"\" data-medium-file=\"https:\/\/i0.wp.com\/blogdalucianaoliveira.com.br\/blog\/wp-content\/uploads\/2020\/09\/image-13.jpeg?fit=300%2C169\" data-large-file=\"https:\/\/i0.wp.com\/blogdalucianaoliveira.com.br\/blog\/wp-content\/uploads\/2020\/09\/image-13.jpeg?fit=600%2C338\" src=\"https:\/\/i0.wp.com\/blogdalucianaoliveira.com.br\/blog\/wp-content\/uploads\/2020\/09\/image-13.jpeg?resize=600%2C338\" alt=\"\" class=\"wp-image-29772\" srcset=\"https:\/\/i0.wp.com\/blogdalucianaoliveira.com.br\/blog\/wp-content\/uploads\/2020\/09\/image-13.jpeg?w=800 800w, https:\/\/i0.wp.com\/blogdalucianaoliveira.com.br\/blog\/wp-content\/uploads\/2020\/09\/image-13.jpeg?resize=300%2C169 300w, https:\/\/i0.wp.com\/blogdalucianaoliveira.com.br\/blog\/wp-content\/uploads\/2020\/09\/image-13.jpeg?resize=768%2C432 768w, https:\/\/i0.wp.com\/blogdalucianaoliveira.com.br\/blog\/wp-content\/uploads\/2020\/09\/image-13.jpeg?resize=533%2C300 533w\" sizes=\"auto, (max-width: 600px) 100vw, 600px\" \/><\/figure>\n\n\n\n<p><strong><br>Os inc\u00eandios de grandes propor\u00e7\u00f5es que avan\u00e7am rapidamente pelo Pantanal devem ser controlados somente por meio de chuvas constantes no bioma, avaliam especialistas.<\/strong><\/p>\n\n\n\n<!--more-->\n\n\n\n<p>Vin\u00edcius Lemos <\/p>\n\n\n\n<p>Da BBC News Brasil em S\u00e3o Paulo<\/p>\n\n\n\n<p>Pesquisadores apontam que a demora do poder p\u00fablico para intervir no bioma em chamas fez com que as queimadas se propagassem rapidamente na regi\u00e3o. Al\u00e9m disso, algumas caracter\u00edsticas do Pantanal dificultam o combate ao fogo.<\/p>\n\n\n\n<p>De janeiro \u00e0 primeira quinzena de setembro deste ano, o Pantanal teve mais de 2,9 milh\u00f5es de hectares atingidos pelo fogo, segundo o Centro Nacional de Preven\u00e7\u00e3o e Combate aos Inc\u00eandios Florestais (Prevfogo). O n\u00famero representa cerca de 19% do bioma no Brasil, conforme o Instituto SOS Pantanal. A \u00e1rea queimada corresponde, por exemplo, a pouco mais de 19 vezes a capital de S\u00e3o Paulo.<\/p>\n\n\n\n<p>Desde o in\u00edcio deste ano, segundo o Instituto Nacional de Pesquisas Espaciais (Inpe), j\u00e1 foram registrados 15,4 mil focos de calor (que costumam representar inc\u00eandios) no Pantanal. \u00c9 o maior n\u00famero no per\u00edodo desde 1999, primeiro ano analisado pelo monitoramento que virou refer\u00eancia para acompanhar as queimadas no pa\u00eds.<\/p>\n\n\n\n<p>Em 2019, que tamb\u00e9m foi considerado um per\u00edodo de intensa queimada no Pantanal, o Inpe registrou 10 mil focos de calor no bioma.<\/p>\n\n\n\n<p>Na segunda-feira (14), os Estados de Mato Grosso do Sul e Mato Grosso \u2014 que abrigam a \u00e1rea brasileira do Pantanal \u2014 decretaram estado de emerg\u00eancia, em raz\u00e3o dos inc\u00eandios.<\/p>\n\n\n\n<p>O ministro do Meio Ambiente, Ricardo Salles, disse, na ter\u00e7a-feira (15\/09), que o fogo no Pantanal adquiriu uma &#8220;propor\u00e7\u00e3o gigantesca&#8221;. Ele afirmou ainda que o governo federal est\u00e1 combatendo fortemente os inc\u00eandios no bioma.<\/p>\n\n\n\n<p>Mesmo com as a\u00e7\u00f5es dos governos, o fogo tem avan\u00e7ado com rapidez no Pantanal. A situa\u00e7\u00e3o afeta duramente a fauna e a flora local. H\u00e1 diversos&nbsp;<a href=\"https:\/\/www.bbc.com\/portuguese\/topics\/cvjp2jwg58zt\">animais<\/a>&nbsp;carbonizados ou severamente feridos pelas chamas, al\u00e9m de in\u00fameras \u00e1rvores destru\u00eddas.&nbsp;<\/p>\n\n\n\n<p>Para pessoas que estudam o Pantanal, as interven\u00e7\u00f5es do poder p\u00fablico come\u00e7aram tardiamente e, no atual contexto das queimadas, pouco ajudam a controlar o fogo.<\/p>\n\n\n\n<p>A BBC News Brasil ouviu especialistas que explicaram seis fatores que apontam que o fogo que atinge o Pantanal somente deve ser controlado quando houver chuvas na regi\u00e3o.<\/p>\n\n\n\n<h2 class=\"wp-block-heading\" id=\"1-Per\u00edodo-extremamente-seco\">1 &#8211; Per\u00edodo extremamente seco<\/h2>\n\n\n\n<figure class=\"wp-block-image\"><img data-recalc-dims=\"1\" decoding=\"async\" src=\"https:\/\/i0.wp.com\/ichef.bbci.co.uk\/news\/640\/cpsprodpb\/4FE2\/production\/_114405402_seca.png?w=600&#038;ssl=1\" alt=\"Estrada r\u00fastica no Pantanal rodeada por fuma\u00e7a, com floresta e sol ao fundo\"\/><figcaption>Legenda da foto,&nbsp;Para especialistas, principal forma de controlar as chamas no Pantanal ser\u00e1 por meio de chuvas durante alguns dias<\/figcaption><\/figure>\n\n\n\n<p>O ano de 2020 \u00e9 considerado um dos mais secos da hist\u00f3ria recente do Pantanal, localizado na Bacia Hidrogr\u00e1fica do Alto Paraguai (BAP).<\/p>\n\n\n\n<p>Nos per\u00edodos de cheia, os rios da Bacia do Alto Paraguai costumam inundar milhares de hectares do bioma. &#8220;Esse \u00e9 o ciclo comum. Mas quando h\u00e1 uma seca severa, as coisas mudam e ficam dif\u00edceis&#8221;, explica o bi\u00f3logo Andr\u00e9 Luiz Siqueira, diretor da ONG Ecoa &#8211; Ecologia &amp; A\u00e7\u00e3o.<\/p>\n\n\n\n<p>Entre outubro e mar\u00e7o, a regi\u00e3o do Pantanal, importante \u00e1rea \u00famida do planeta, teve volume de chuva 40% menor que a m\u00e9dia do mesmo per\u00edodo em anos anteriores, conforme dados da Empresa Brasileira de Pesquisa Agropecu\u00e1ria (Embrapa).<\/p>\n\n\n\n<p>O n\u00edvel da \u00e1gua no Rio Paraguai, principal formador do Pantanal, estava a 2,10 metros em junho, m\u00eas que costuma marcar o pico ao longo do ano. Trata-se da menor marca dos \u00faltimos 47 anos, segundo a Embrapa. A m\u00e9dia, nesse per\u00edodo, \u00e9 de 5,6 metros.<\/p>\n\n\n\n<p>Pesquisadores ainda avaliam as causas da pouca quantidade de chuva no bioma desde o come\u00e7o de 2020. Eles acreditam que o fato pode estar relacionado a fen\u00f4menos clim\u00e1ticos.<\/p>\n\n\n\n<p>Uma das poss\u00edveis explica\u00e7\u00f5es para a seca, segundo os estudiosos, \u00e9 o fen\u00f4meno conhecido como &#8220;rios voadores&#8221;, no qual a corrente de umidade que surge na Amaz\u00f4nia origina uma grande coluna de \u00e1gua, que \u00e9 transportada pelo ar a vastas regi\u00f5es da Am\u00e9rica do Sul. Diante do desmatamento da Floresta Amaz\u00f4nica, que tamb\u00e9m sofre duramente com as queimadas, esse fen\u00f4meno perde parte da capacidade de levar \u00e1gua a outras regi\u00f5es.<\/p>\n\n\n\n<p>Diante de uma das maiores secas na hist\u00f3ria recente, o fogo consegue se propagar com mais facilidade que em anos anteriores. A situa\u00e7\u00e3o traz grandes desafios para as equipes que est\u00e3o na linha de frente do combate ao fogo no Pantanal.<\/p>\n\n\n\n<p>O governo de Mato Grosso do Sul afirma que h\u00e1 a expectativa de chuva na regi\u00e3o do Pantanal ainda neste m\u00eas. No entanto, pesquisadores acreditam que somente a partir de outubro deve haver chuvas cont\u00ednuas \u2014 quando h\u00e1 registros por v\u00e1rios dias seguidos \u2014 na regi\u00e3o.<\/p>\n\n\n\n<h2 class=\"wp-block-heading\" id=\"2-O-fogo-subterr\u00e2neo\">2 &#8211; O &#8216;fogo subterr\u00e2neo&#8217;<\/h2>\n\n\n\n<p>Uma caracter\u00edstica do Pantanal que dificulta o combate aos inc\u00eandios \u00e9 o fogo de turfa, tamb\u00e9m chamado de &#8220;fogo subterr\u00e2neo&#8221;, que queima sem que as pessoas percebam.<\/p>\n\n\n\n<p>Os sucessivos per\u00edodos de secas e cheias nas esta\u00e7\u00f5es da regi\u00e3o criam camadas de mat\u00e9ria org\u00e2nica no solo. Os brigadistas costumam dizer que \u00e9 como se fosse um sandu\u00edche: uma camada de terra, outra de vegeta\u00e7\u00e3o, outra de terra, e por a\u00ed vai.<\/p>\n\n\n\n<p>Ao longo dos anos, esse material se torna altamente inflam\u00e1vel. Quando essa vegeta\u00e7\u00e3o \u00e9 afetada por queimadas, o fogo pode atingir uma dessas camadas mais profundas dela, ricas em mat\u00e9ria org\u00e2nica e altamente inflam\u00e1veis, e se espalhar por baixo da camada mais superficial da terra at\u00e9 encontrar alguma fissura e uma vegeta\u00e7\u00e3o mais seca para emergir.<\/p>\n\n\n\n<p>&#8220;\u00c9 um combate extremamente perigoso. \u00c9 preciso muita certeza e conhecimento t\u00e9cnico para saber como atacar o fogo&#8221;, diz o analista ambiental Alexandre de Matos, que integra o Prevfogo de Mato Grosso do Sul.<\/p>\n\n\n\n<p>O engenheiro florestal J\u00falio Sampaio, l\u00edder da Iniciativa Pantanal do WWF, relata que o fogo de turfa come\u00e7a lentamente e pode ser poss\u00edvel notar que a regi\u00e3o est\u00e1 queimando, em raz\u00e3o da fuma\u00e7a e da brasa que surgem silenciosamente. &#8220;Esses inc\u00eandios s\u00e3o lentos e afetam muito a vegeta\u00e7\u00e3o, o solo e os animais de pequeno porte, que s\u00e3o pegos desprevenidos porque n\u00e3o veem o fogo&#8221;, explica o especialista.<\/p>\n\n\n\n<p>&#8220;O fogo de turfa \u00e9 mais comum quando n\u00e3o h\u00e1 chuva em abund\u00e2ncia. Ele pode durar dias, semanas ou at\u00e9 meses. Em alguns casos, ele s\u00f3 ser\u00e1 apagado ap\u00f3s per\u00edodo intenso de chuvas&#8221;, acrescenta Sampaio.<\/p>\n\n\n\n<h2 class=\"wp-block-heading\" id=\"3-\u00c1reas-de-dif\u00edcil-acesso\">3 &#8211; \u00c1reas de dif\u00edcil acesso<\/h2>\n\n\n\n<figure class=\"wp-block-image\"><img data-recalc-dims=\"1\" decoding=\"async\" src=\"https:\/\/i0.wp.com\/ichef.bbci.co.uk\/news\/640\/cpsprodpb\/C512\/production\/_114405405_rio.png?w=600&#038;ssl=1\" alt=\"Vista a\u00e9rea de rio no Pantanal, com florestas nas margens pegando fogo\"\/><figcaption>Legenda da foto,&nbsp;Cen\u00e1rio no Pantanal nos \u00faltimos dois meses \u00e9 de devasta\u00e7\u00e3o<\/figcaption><\/figure>\n\n\n\n<p>No atual per\u00edodo de seca, o acesso a diversas regi\u00f5es do Pantanal se torna tarefa complicada. Isso porque o bioma tem in\u00fameras \u00e1reas que somente podem ser acessadas por meio de barcos ou aeronaves.<\/p>\n\n\n\n<p>&#8220;Neste ano em que o rio Paraguai est\u00e1 em um n\u00edvel baixo, a navegabilidade se torna muito mais dif\u00edcil e lenta. N\u00e3o s\u00e3o todas as \u00e1reas que t\u00eam estradas. As equipes de combate se deslocam com dificuldades. Esse tempo perdido para chegar ao fogo faz com que ele possa crescer mais&#8221;, explica Alexandre de Matos, do Prevfogo.<\/p>\n\n\n\n<p>O uso de aeronaves \u00e9 considerado fundamental no combate aos inc\u00eandios que atingem o bioma.<\/p>\n\n\n\n<p>&#8220;O Pantanal \u00e9 uma regi\u00e3o extensa e com grandes fazendas a serem percorridas (cerca de 95% do bioma brasileiro pertencem a propriedades privadas, segundo levantamentos). N\u00e3o h\u00e1 tantas estradas e em muitas das que existem n\u00e3o \u00e9 poss\u00edvel trafegar com velocidade&#8221;, relata J\u00falio Sampaio.<\/p>\n\n\n\n<p>&#8220;Uma das caracter\u00edsticas do Pantanal s\u00e3o os corixos (canais que se formam na cheia do Pantanal). Mas com muita seca, esses corixos se tornam estradas com as quais \u00e9 preciso usar caminhonetes para tentar chegar a regi\u00f5es mais afastadas&#8221;, acrescenta Sampaio.<\/p>\n\n\n\n<p>O engenheiro florestal Vin\u00edcius Silgueiro, coordenador de intelig\u00eancia territorial do Instituto Centro de Vida (ICV), comenta que n\u00e3o h\u00e1 vias de acesso em muitas \u00e1reas do Pantanal por se tratar do bioma mais preservado do pa\u00eds. &#8220;H\u00e1 cerca de 83% da vegeta\u00e7\u00e3o nativa no Pantanal. Consequentemente, as vias de acesso s\u00e3o mais reduzidas que em outros biomas. Por isso, h\u00e1 grandes \u00e1reas sem acesso terrestre. S\u00e3o regi\u00f5es acess\u00edveis em per\u00edodos alagados&#8221;, diz o especialista.<\/p>\n\n\n\n<h2 class=\"wp-block-heading\" id=\"4-Os-ventos\">4 &#8211; Os ventos<\/h2>\n\n\n\n<p>Quando uma equipe consegue chegar ao local do inc\u00eandio, pode enfrentar dificuldades causadas pelos ventos, que podem mudar de dire\u00e7\u00e3o subitamente.<\/p>\n\n\n\n<p>&#8220;Algumas pessoas acabam sendo pegas de surpresa por essas mudan\u00e7as de dire\u00e7\u00e3o dos ventos. Al\u00e9m de acelerar o fogo e dar mais oxig\u00eanio para que ele se expanda, o vento pode reacender pequenos braseiros e resqu\u00edcios que est\u00e3o ali e basta um pequeno sopro para reacender&#8221;, explica Andr\u00e9 Siqueira, da ONG Ecoa.<\/p>\n\n\n\n<p>Para aqueles que est\u00e3o no combate direto \u00e0s chamas, os ventos s\u00e3o considerados &#8220;as pernas e o volante do fogo&#8221;. &#8220;Se o vento est\u00e1 r\u00e1pido, o fogo tamb\u00e9m estar\u00e1. Se venta para a direita, o fogo vai para a direita. \u00c9 o principal fator para determinar a intensidade e a dire\u00e7\u00e3o do fogo&#8221;, explica Alexandre de Matos, do Prevfogo.<\/p>\n\n\n\n<p>&#8220;No per\u00edodo da manh\u00e3 s\u00e3o ventos mais calmos e ao longo do dia ficam mais intensos. Os ventos quentes do Norte que seguem para o Sul t\u00eam dado a dire\u00e7\u00e3o no inc\u00eandio do Pantanal. Por isso, a fuma\u00e7a tem chegado a Curitiba (PR). Al\u00e9m disso, no local do inc\u00eandio, o fogo tamb\u00e9m pode criar os pr\u00f3prios ventos e mudar a dire\u00e7\u00e3o, como para Leste ou Oeste&#8221;, diz Matos.<\/p>\n\n\n\n<p>N\u00e3o \u00e9 incomum, por exemplo, que o vento na regi\u00e3o da queimada mude de dire\u00e7\u00e3o ao fim de um dia de&nbsp;<a href=\"https:\/\/www.bbc.com\/portuguese\/brasil-53843361\">trabalho no combate ao fogo<\/a>, ap\u00f3s os profissionais passarem horas fazendo aceiros (t\u00e9cnica de retirada de uma faixa da vegeta\u00e7\u00e3o para tentar conter o avan\u00e7o do fogo).<\/p>\n\n\n\n<p>Matos pontua que \u00e9 importante que os profissionais que atuam no combate aos inc\u00eandios tenham capacidade t\u00e9cnica para avaliar o ambiente. &#8220;\u00c9 fundamental entender o momento em que o vento pode mudar de lado&#8221;, explica o integrante do Prevfogo.<\/p>\n\n\n\n<h2 class=\"wp-block-heading\" id=\"5-A-falta-de-conscientiza\u00e7\u00e3o\">5 &#8211; A falta de conscientiza\u00e7\u00e3o<\/h2>\n\n\n\n<figure class=\"wp-block-image\"><img data-recalc-dims=\"1\" decoding=\"async\" src=\"https:\/\/i0.wp.com\/ichef.bbci.co.uk\/news\/640\/cpsprodpb\/11332\/production\/_114405407_homem.png?w=600&#038;ssl=1\" alt=\"Homem de costas observa fogo na mata\"\/><figcaption>Legenda da foto,&nbsp;Uso do fogo na agropecu\u00e1ria, associado a seca hist\u00f3rica, levou a situa\u00e7\u00e3o desoladora no Pantanal<\/figcaption><\/figure>\n\n\n\n<p>Os inc\u00eandios que atingem o Pantanal t\u00eam causas humanas, dizem especialistas. Segundo J\u00falio Sampaio, do WWF, uma das principais causas atualmente s\u00e3o as pr\u00e1ticas agr\u00edcolas e pecu\u00e1rias, que t\u00eam o fogo como importante recurso.&#8221;O fogo que estamos vendo no Pantanal n\u00e3o \u00e9 natural. Ele poderia ser evitado. H\u00e1 medidas que poderiam ser tomadas para diminuir a severidade desses inc\u00eandios. O problema \u00e9 que no Pantanal existe essa cultura do uso do fogo como ferramenta de trabalho entre fazendeiros e ribeirinhos&#8221;, diz Sampaio.O especialista ressalta que o uso do fogo saiu do controle no bioma, principalmente diante da seca hist\u00f3rica da regi\u00e3o.<\/p>\n\n\n\n<p>Uma per\u00edcia divulgada pelo Centro Integrado Multiag\u00eancias de Coordena\u00e7\u00e3o Operacional (Ciman-MT) apontou que o fogo que atinge o Pantanal em Mato Grosso \u00e9 causado por a\u00e7\u00f5es humanas, em situa\u00e7\u00f5es como queima de pasto, fogo em ra\u00edzes de \u00e1rvores para a retirada de mel e inc\u00eandios em equipamentos agr\u00edcolas. A Delegacia de Meio Ambiente (Dema-MT) apura a situa\u00e7\u00e3o.<\/p>\n\n\n\n<p>Em Mato Grosso do Sul, cinco fazendeiros s\u00e3o investigados pela Pol\u00edcia Federal por queimadas supostamente intencionais que atingiram 25 mil hectares em \u00e1reas de preserva\u00e7\u00e3o na regi\u00e3o da Serra Amolar, no Pantanal sul-mato-grossense \u2014 o objetivo, segundo a pol\u00edcia, seria abrir espa\u00e7o para pastagens. A opera\u00e7\u00e3o Mat\u00e1\u00e1, que apura o caso, foi deflagrada na \u00faltima segunda-feira. Foram cumpridos oito mandados de busca e apreens\u00e3o em Corumb\u00e1 (MS).<\/p>\n\n\n\n<p>Sampaio comenta que o fogo \u00e9 uma ferramenta prevista em Lei em diversos per\u00edodos.&nbsp;<\/p>\n\n\n\n<p>&#8220;Mas \u00e9 preciso haver autoriza\u00e7\u00e3o para o uso. Tanto na agricultura quanto na ecologia, h\u00e1 formas de usar o fogo para manejo de terra. Mas n\u00e3o podem fazer isso sem informa\u00e7\u00e3o, sem olhar a situa\u00e7\u00e3o clim\u00e1tica, a quest\u00e3o das chuvas, do vento e da umidade. A falta de responsabilidade sobre o controle e o monitoramento do fogo \u00e9 extremamente prejudicial&#8221;, relata.<\/p>\n\n\n\n<p>&#8220;Todas as pessoas no Pantanal ou cidades pr\u00f3ximas precisam saber que o uso do fogo deve ser completamente suspenso em determinado per\u00edodo do ano, sob o grande risco de inc\u00eandios. Se n\u00e3o houver esse esclarecimento, situa\u00e7\u00f5es semelhantes \u00e0 atual continuar\u00e3o existindo&#8221;, declara Sampaio.<\/p>\n\n\n\n<p>A secret\u00e1ria de Meio Ambiente de Mato Grosso, Mauren Lazzaretti, afirma que \u00e9 fundamental que as pessoas entendam a necessidade de n\u00e3o adotar pr\u00e1ticas com fogo neste momento. Ela conta que mesmo com as queimadas intensas das \u00faltimas semanas, h\u00e1 registros de moradores que adotaram pr\u00e1ticas de risco em \u00e1reas pr\u00f3ximas ao Pantanal recentemente.<\/p>\n\n\n\n<p>&#8220;No \u00faltimo fim de semana, tivemos casos de pessoas usando fogo (nas proximidades do Pantanal) para a\u00e7\u00f5es como limpeza de \u00e1rea. Se isso se transforma em inc\u00eandio, n\u00e3o h\u00e1 o que fazer&#8221;, diz Mauren \u00e0 BBC News Brasil.<\/p>\n\n\n\n<p>Segundo ela, os flagras relacionados a fogo em regi\u00f5es pr\u00f3ximas ao Pantanal t\u00eam sido comuns, mesmo no atual per\u00edodo.&nbsp;<\/p>\n\n\n\n<p>&#8220;H\u00e1 muita cobran\u00e7a a respeito do poder p\u00fablico, mas \u00e9 preciso conscientizar a popula\u00e7\u00e3o de que n\u00e3o deve fazer atividades com fogo neste momento&#8221;, afirma.<\/p>\n\n\n\n<h2 class=\"wp-block-heading\" id=\"6-A-demora-para-agir-e-o-pouco-combate\">6 &#8211; A demora para agir e o pouco combate<\/h2>\n\n\n\n<figure class=\"wp-block-image\"><img data-recalc-dims=\"1\" decoding=\"async\" src=\"https:\/\/i0.wp.com\/ichef.bbci.co.uk\/news\/640\/cpsprodpb\/1653A\/production\/_114405419_bomb.png?w=600&#038;ssl=1\" alt=\"Caminh\u00e3o e bombeiro no meio da estrada \u00e0 noite\"\/><figcaption>Legenda da foto,&nbsp;Pesquisadores acreditam que autoridades demoraram a agir contra os inc\u00eandios<\/figcaption><\/figure>\n\n\n\n<p>Especialistas ouvidos pela BBC News Brasil consideram que os governos estaduais e federal demoraram para agir em rela\u00e7\u00e3o aos inc\u00eandios no Pantanal. Eles apontam que a regi\u00e3o sofre com a seca e um n\u00famero incomum de queimadas desde os primeiros meses do ano, mas as autoridades s\u00f3 demonstraram preocupa\u00e7\u00e3o com o bioma quando os inc\u00eandios atingiram n\u00edveis alarmantes.<\/p>\n\n\n\n<p>Representantes de Mato Grosso e Mato Grosso do Sul negam que tenham demorado para agir no combate aos inc\u00eandios do Pantanal. Eles afirmam que desde o in\u00edcio do ano t\u00eam acompanhado a situa\u00e7\u00e3o do bioma e alegam que tomaram medidas conforme a disponibilidade de pessoas e equipamentos de cada um dos dois Estados.<\/p>\n\n\n\n<p>Em meados de julho deste ano, o governo federal publicou um decreto em que proibiu queimadas em todo o territ\u00f3rio nacional por 120 dias. Especialistas apontam que a medida \u00e9 ineficaz, pois n\u00e3o h\u00e1 intensa fiscaliza\u00e7\u00e3o sobre o assunto.<\/p>\n\n\n\n<p>Um&nbsp;<a href=\"https:\/\/www.bbc.com\/portuguese\/brasil-54159499\">levantamento feito pela BBC News Brasil<\/a>apontou que o Instituto Brasileiro do Meio Ambiente (Ibama) diminuiu o ritmo das opera\u00e7\u00f5es de fiscaliza\u00e7\u00e3o em Mato Grosso e Mato Grosso do Sul.<\/p>\n\n\n\n<p>Segundo o levantamento, que comparou dados de janeiro a setembro, as autua\u00e7\u00f5es no bioma (como desmatamento e queimadas ilegais) ca\u00edram 48% neste ano, em comparativo ao mesmo per\u00edodo de 2019.<\/p>\n\n\n\n<p>Servidores ouvidos pela reportagem da BBC News Brasil, publicada na ter\u00e7a-feira, relataram que a queda de autua\u00e7\u00f5es do Ibama ilustra a redu\u00e7\u00e3o do n\u00famero de fiscais do instituto.<\/p>\n\n\n\n<p>&#8220;O n\u00famero de autua\u00e7\u00f5es lavradas \u00e9 um dado importante que pode traduzir o esfor\u00e7o do governo em punir realmente aqueles que cometem crimes ambientais. Quanto menor a presen\u00e7a da fiscaliza\u00e7\u00e3o em campo, fazendo o seu trabalho de responsabilizar os infratores, maior a sensa\u00e7\u00e3o de impunidade&#8221;, disse um servidor do \u00f3rg\u00e3o, sob condi\u00e7\u00e3o de anonimato.<\/p>\n\n\n\n<p>O Ibama e o Minist\u00e9rio do Meio Ambiente n\u00e3o responderam ao questionamento da BBC News Brasil sobre os motivos para a queda de multas aplicadas nos Estados do Pantanal.<\/p>\n\n\n\n<p>Em 25 de julho, o governo federal, por meio do Minist\u00e9rio da Defesa, encaminhou profissionais e aeronaves para ajudar no combate ao fogo no Pantanal, pouco ap\u00f3s as queimadas se intensificarem na regi\u00e3o.<\/p>\n\n\n\n<p>O Minist\u00e9rio da Defesa afirma que h\u00e1, no combate ao fogo no bioma, &#8220;200 militares e 230 agentes de \u00f3rg\u00e3os como Corpo de Bombeiros Militar de MT e MS, Secretaria de Estado de Seguran\u00e7a P\u00fablica (de MT e MS), Instituto Brasileiro do Meio Ambiente e dos Recursos Naturais Renov\u00e1veis (Ibama) e Instituto Chico Mendes de Conserva\u00e7\u00e3o da Biodiversidade (ICMBio).&#8221;<\/p>\n\n\n\n<p>Ainda segundo a pasta, 14 aeronaves t\u00eam sido utilizadas no combate aos inc\u00eandios, entre helic\u00f3pteros e avi\u00f5es.<\/p>\n\n\n\n<p>Nesta semana, o governo federal reconheceu oficialmente que h\u00e1 uma situa\u00e7\u00e3o de emerg\u00eancia nos Estados do Pantanal Brasileiro. A medida permite que a Uni\u00e3o fa\u00e7a repasses adicionais de recursos para os governos estaduais, para refor\u00e7ar o combate ao fogo.<\/p>\n\n\n\n<p>Na quarta-feira (16\/09), o governo federal liberou R$ 3,8 milh\u00f5es para auxiliar no combate \u00e0s queimadas em Mato Grosso do Sul e R$ 10,1 milh\u00f5es para Mato Grosso.<\/p>\n\n\n\n<p>Para especialistas, as a\u00e7\u00f5es das autoridades devem ter pouco resultado no combate \u00e0s queimadas no Pantanal, em raz\u00e3o do atual cen\u00e1rio do bioma destru\u00eddo pelo fogo.<\/p>\n\n\n\n<p>&#8220;O governo n\u00e3o mandou equipe suficiente para ajudar a combater o fogo nas propor\u00e7\u00f5es que atinge o Pantanal. Falta empenho para resolver esse caso dram\u00e1tico. Deveriam mobilizar muito mais profissionais para ajudar&#8221;, diz Marcos Rosa, coordenador t\u00e9cnico do MapBiomas, iniciativa que monitora a situa\u00e7\u00e3o dos biomas brasileiros.<\/p>\n\n\n\n<p>Sampaio, do WWF, considera que, al\u00e9m de uma equipe pequena, h\u00e1 poucas aeronaves e equipamentos insuficientes para combater as chamas no Pantanal. Por isso, segundo ele, os inc\u00eandios continuam avan\u00e7ando com rapidez pelo bioma.&nbsp;<\/p>\n\n\n\n<p>&#8220;Na magnitude atual do fogo, \u00e9 uma situa\u00e7\u00e3o muito dif\u00edcil. Se juntarmos todos os esfor\u00e7os de Mato Grosso do Sul, por exemplo, poderia dar um alento, mas seria insuficiente (para controlar os inc\u00eandios no Pantanal)&#8221;, diz Alexandre, do Prevfogo.<\/p>\n\n\n\n<p>Grande esperan\u00e7a para amenizar a trag\u00e9dia no Pantanal, a chuva na regi\u00e3o ainda \u00e9 incerta. &#8220;Em nossas an\u00e1lises, n\u00e3o h\u00e1 previs\u00e3o (de chuva) por enquanto. A expectativa \u00e9 de que chova no fim de outubro&#8221;, diz Marcos Rosa. &#8220;Somente a chuva, por v\u00e1rios dias, pode diminuir esses inc\u00eandios. Se a seca perdurar por mais um ou dois meses no Pantanal, a situa\u00e7\u00e3o vai ficar realmente sem controle&#8221;, acrescenta o coordenador t\u00e9cnico do MapBiomas.<\/p>\n","protected":false},"excerpt":{"rendered":"<p>Os inc\u00eandios de grandes propor\u00e7\u00f5es que avan\u00e7am rapidamente pelo Pantanal devem ser controlados somente por meio de chuvas constantes no bioma, avaliam especialistas.<\/p>\n","protected":false},"author":1,"featured_media":0,"comment_status":"closed","ping_status":"open","sticky":false,"template":"","format":"standard","meta":{"_exactmetrics_skip_tracking":false,"_exactmetrics_sitenote_active":false,"_exactmetrics_sitenote_note":"","_exactmetrics_sitenote_category":0,"jetpack_post_was_ever_published":false,"_jetpack_newsletter_access":"","_jetpack_dont_email_post_to_subs":false,"_jetpack_newsletter_tier_id":0,"_jetpack_memberships_contains_paywalled_content":false,"_jetpack_memberships_contains_paid_content":false,"footnotes":"","jetpack_publicize_message":"","jetpack_publicize_feature_enabled":true,"jetpack_social_post_already_shared":true,"jetpack_social_options":{"image_generator_settings":{"template":"highway","enabled":false},"version":2}},"categories":[1],"tags":[],"class_list":["post-29771","post","type-post","status-publish","format-standard","hentry","category-notas"],"jetpack_publicize_connections":[],"jetpack_sharing_enabled":true,"jetpack_featured_media_url":"","jetpack_shortlink":"https:\/\/wp.me\/p7wKYW-7Kb","jetpack-related-posts":[],"_links":{"self":[{"href":"http:\/\/blogdalucianaoliveira.com.br\/blog\/wp-json\/wp\/v2\/posts\/29771","targetHints":{"allow":["GET"]}}],"collection":[{"href":"http:\/\/blogdalucianaoliveira.com.br\/blog\/wp-json\/wp\/v2\/posts"}],"about":[{"href":"http:\/\/blogdalucianaoliveira.com.br\/blog\/wp-json\/wp\/v2\/types\/post"}],"author":[{"embeddable":true,"href":"http:\/\/blogdalucianaoliveira.com.br\/blog\/wp-json\/wp\/v2\/users\/1"}],"replies":[{"embeddable":true,"href":"http:\/\/blogdalucianaoliveira.com.br\/blog\/wp-json\/wp\/v2\/comments?post=29771"}],"version-history":[{"count":1,"href":"http:\/\/blogdalucianaoliveira.com.br\/blog\/wp-json\/wp\/v2\/posts\/29771\/revisions"}],"predecessor-version":[{"id":29773,"href":"http:\/\/blogdalucianaoliveira.com.br\/blog\/wp-json\/wp\/v2\/posts\/29771\/revisions\/29773"}],"wp:attachment":[{"href":"http:\/\/blogdalucianaoliveira.com.br\/blog\/wp-json\/wp\/v2\/media?parent=29771"}],"wp:term":[{"taxonomy":"category","embeddable":true,"href":"http:\/\/blogdalucianaoliveira.com.br\/blog\/wp-json\/wp\/v2\/categories?post=29771"},{"taxonomy":"post_tag","embeddable":true,"href":"http:\/\/blogdalucianaoliveira.com.br\/blog\/wp-json\/wp\/v2\/tags?post=29771"}],"curies":[{"name":"wp","href":"https:\/\/api.w.org\/{rel}","templated":true}]}}