{"id":29774,"date":"2020-09-18T08:04:48","date_gmt":"2020-09-18T12:04:48","guid":{"rendered":"http:\/\/blogdalucianaoliveira.com.br\/blog\/?p=29774"},"modified":"2020-09-18T08:04:53","modified_gmt":"2020-09-18T12:04:53","slug":"sagrada-familia-so-acabara-em-2026-se-houver-um-milagre","status":"publish","type":"post","link":"http:\/\/blogdalucianaoliveira.com.br\/blog\/2020\/09\/18\/sagrada-familia-so-acabara-em-2026-se-houver-um-milagre\/","title":{"rendered":"Sagrada Fam\u00edlia s\u00f3 acabar\u00e1 em 2026 se houver \u201cum milagre\u201d"},"content":{"rendered":"\n<figure class=\"wp-block-image size-large\"><img data-recalc-dims=\"1\" loading=\"lazy\" decoding=\"async\" width=\"600\" height=\"399\" data-attachment-id=\"29775\" data-permalink=\"http:\/\/blogdalucianaoliveira.com.br\/blog\/2020\/09\/18\/sagrada-familia-so-acabara-em-2026-se-houver-um-milagre\/image-14-11\/\" data-orig-file=\"https:\/\/i0.wp.com\/blogdalucianaoliveira.com.br\/blog\/wp-content\/uploads\/2020\/09\/image-14.jpeg?fit=640%2C426\" data-orig-size=\"640,426\" data-comments-opened=\"0\" data-image-meta=\"{&quot;aperture&quot;:&quot;0&quot;,&quot;credit&quot;:&quot;&quot;,&quot;camera&quot;:&quot;&quot;,&quot;caption&quot;:&quot;&quot;,&quot;created_timestamp&quot;:&quot;0&quot;,&quot;copyright&quot;:&quot;&quot;,&quot;focal_length&quot;:&quot;0&quot;,&quot;iso&quot;:&quot;0&quot;,&quot;shutter_speed&quot;:&quot;0&quot;,&quot;title&quot;:&quot;&quot;,&quot;orientation&quot;:&quot;0&quot;}\" data-image-title=\"image-14\" data-image-description=\"\" data-image-caption=\"\" data-medium-file=\"https:\/\/i0.wp.com\/blogdalucianaoliveira.com.br\/blog\/wp-content\/uploads\/2020\/09\/image-14.jpeg?fit=300%2C200\" data-large-file=\"https:\/\/i0.wp.com\/blogdalucianaoliveira.com.br\/blog\/wp-content\/uploads\/2020\/09\/image-14.jpeg?fit=600%2C399\" src=\"https:\/\/i0.wp.com\/blogdalucianaoliveira.com.br\/blog\/wp-content\/uploads\/2020\/09\/image-14.jpeg?resize=600%2C399\" alt=\"\" class=\"wp-image-29775\" srcset=\"https:\/\/i0.wp.com\/blogdalucianaoliveira.com.br\/blog\/wp-content\/uploads\/2020\/09\/image-14.jpeg?w=640 640w, https:\/\/i0.wp.com\/blogdalucianaoliveira.com.br\/blog\/wp-content\/uploads\/2020\/09\/image-14.jpeg?resize=300%2C200 300w, https:\/\/i0.wp.com\/blogdalucianaoliveira.com.br\/blog\/wp-content\/uploads\/2020\/09\/image-14.jpeg?resize=451%2C300 451w\" sizes=\"auto, (max-width: 600px) 100vw, 600px\" \/><\/figure>\n\n\n\n<p>Respons\u00e1veis pelo templo do arquiteto Antoni Gaud\u00ed em Barcelona dizem que, na atual situa\u00e7\u00e3o, n\u00e3o podem marcar data para o fim das obras.<\/p>\n\n\n\n<!--more-->\n\n\n\n<p>El Pa\u00eds<\/p>\n\n\n\n<p>O coronav\u00edrus acabou com o sonho dos respons\u00e1veis pela\u00a0<a rel=\"noreferrer noopener\" href=\"https:\/\/brasil.elpais.com\/noticias\/sagrada-familia-barcelona\/\" target=\"_blank\">Sagrada Fam\u00edlia<\/a>, o templo expiat\u00f3rio de\u00a0<a rel=\"noreferrer noopener\" href=\"https:\/\/brasil.elpais.com\/noticias\/antoni-gaudi\/\" target=\"_blank\">Antoni Gaud\u00ed<\/a>, de poder concluir as obras em 2026, coincidindo com o centen\u00e1rio da morte do arquiteto. Na falta de visitantes, sobretudo de n\u00e3o espanh\u00f3is, que representam 94% do total, e sem previs\u00f5es de que a situa\u00e7\u00e3o se reverta nos pr\u00f3ximos meses, a data repetidamente anunciada nos \u00faltimos anos acabou indo pelos ares. \u201cSe n\u00e3o houver um milagre as obras n\u00e3o poder\u00e3o terminar em 2026 como t\u00ednhamos previsto\u201d, anunciou contundente, nesta quinta-feira, Esteve Camps,\u00a0presidente-executivo da Junta Construtora, durante o encontro anual com a imprensa antes da jornada de portas abertas pelas festas de La Merc\u00e8 de\u00a0<a rel=\"noreferrer noopener\" href=\"https:\/\/brasil.elpais.com\/noticias\/barcelona\/\" target=\"_blank\">Barcelona<\/a>.<\/p>\n\n\n\n<p>As obras foram interrompidas em 13 de mar\u00e7o, mesmo dia em que a Sagrada Fam\u00edlia fechou as portas aos visitantes antes do confinamento pela pandemia, e est\u00e3o programadas para serem retomadas \u201cdentro de pelo menos 15 dias, no m\u00e1ximo tr\u00eas semanas\u201d. Camps e o arquiteto-chefe dos trabalhos, Jordi Faul\u00ed, n\u00e3o quiseram propor uma nova data para a finaliza\u00e7\u00e3o da bas\u00edlica. \u201cEm 2021, com o remanescente de dinheiro que t\u00ednhamos, al\u00e9m de poder completar o sal\u00e1rio dos trabalhadores que est\u00e3o em ERTE [redu\u00e7\u00e3o de jornada e sal\u00e1rio], ser\u00e1 poss\u00edvel terminar a torre de Maria, a segunda mais alta do edif\u00edcio, com 138 metros de altura.\u201d<\/p>\n\n\n\n<figure class=\"wp-block-image\"><img data-recalc-dims=\"1\" decoding=\"async\" src=\"https:\/\/i0.wp.com\/imagens.brasil.elpais.com\/resizer\/boQghPJj-s10-6zElPTOxnoYDFo%3D\/768x0\/cloudfront-eu-central-1.images.arcpublishing.com\/prisa\/VMOMVOS3DFC3DFJO4DYFBA2IQI.JPG?w=600&#038;ssl=1\" alt=\"Uma das pontas da cruz luminosa que coroar\u00e1 a torre de Maria da Sagrada Fam\u00edlia de Gaud\u00ed.\"\/><figcaption>Uma das pontas da cruz luminosa que coroar\u00e1 a torre de Maria da Sagrada Fam\u00edlia de Gaud\u00ed.JUAN BARBOSA \/ EL PA\u00cdS<\/figcaption><\/figure>\n\n\n\n<p>\u201cA constru\u00e7\u00e3o propriamente dita j\u00e1 acabou, e agora come\u00e7ar\u00e1 a coroa\u00e7\u00e3o de 25 metros e o arremate: uma estrela de sete metros de altura, formada por doze pontas de a\u00e7o vidro, e que ser\u00e1 iluminada \u00e0 noite; mas nada mais\u201d, acrescentaram, falando no interior da nave do templo, estranhamente vazio e silencioso. Os trabalhos come\u00e7ar\u00e3o em La Galera, o recinto situado no munic\u00edpio de Gaia (prov\u00edncia de Barcelona), com o tamanho que 11 campos de futebol, onde \u00e9 feita a pr\u00e9-montagem das pe\u00e7as que s\u00e3o depois transportadas e instaladas em seus lugares. \u201cA pedra e o metal j\u00e1 est\u00e3o comprados\u201d, observou Camps.<\/p>\n\n\n\n<p>\u201cSe as medidas contra a\u00a0<a rel=\"noreferrer noopener\" href=\"https:\/\/brasil.elpais.com\/noticias\/covid-19\/\" target=\"_blank\">covid-19<\/a>\u00a0permitirem durante todo este tempo, temos a margem justa para finalizar a Torre de Maria nos \u00faltimos meses de 2021\u201d, confirmou Camps, enquanto que Faul\u00ed explicou que a cruz \u00e9 o s\u00edmbolo que identifica Maria e mostrou imagens do estudo de Gaud\u00ed em que se viam maquetes de estrelas poligonais penduradas do teto, como a que ser\u00e1 usada para arrematar esta torre.<\/p>\n\n\n\n<p>Camps explicou que em julho de 2019 o templo recebeu uma m\u00e9dia di\u00e1ria de 15.600 turistas, enquanto que neste ano, em todo o m\u00eas, foram apenas 2.000. \u201cSe voc\u00eas extrapolarem para a situa\u00e7\u00e3o atual, ver\u00e3o que isso faz que s\u00f3 possamos abrir aos s\u00e1bados e domingos, desde que haja um m\u00ednimo de entradas vendidas, porque os gastos de seguran\u00e7a e de sa\u00fade dos visitantes duplicam o valor das entradas\u201d. Tamb\u00e9m revelou que tinham previsto que, se superassem as 3.000 visitas di\u00e1rias, poderiam abrir um dia a mais por semana. \u201cMas nem em julho nem em agosto, nem no que j\u00e1 passou de setembro, em nenhum caso superamos os 2.000, e portanto \u00e9 imposs\u00edvel.\u201d<\/p>\n\n\n\n<p>Informou tamb\u00e9m que antes do final de ano ser\u00e1 demolida uma parte do im\u00f3vel da esquina das ruas Proven\u00e7a e Sardenya, e que a Prefeitura ceder\u00e1 dois metros e meio de cal\u00e7ada, \u201cum pacto que j\u00e1 foi feito\u201d. Ser\u00e1 para poder construir a capela da Assumpta, uma edifica\u00e7\u00e3o que se erguer\u00e1 no claustro da fachada do Nascimento e que precisa ocupar 2,6 metros da cal\u00e7ada da rua Proven\u00e7a ao longo de 21 metros. Em troca, o templo retrocede nas esquinas das ruas Marina e Sardenya.<\/p>\n\n\n\n<p>No ano passado,&nbsp;<a href=\"https:\/\/brasil.elpais.com\/brasil\/2016\/10\/15\/cultura\/1476551257_436477.html\" target=\"_blank\" rel=\"noreferrer noopener\">4,5 milh\u00f5es de pessoas visitaram o templo<\/a>. As previs\u00f5es para este ano eram de obter um faturamento de 103 milh\u00f5es de euros (640 milh\u00f5es de reais), 55 dos quais destinados \u00e0s obras, e o resto \u201cpara uma eventual redu\u00e7\u00e3o de visitantes\u201d. Camps disse na coletiva que, depois de seu reajuste, o or\u00e7amento para 2020 ser\u00e1 de apenas 17 milh\u00f5es de euros.<\/p>\n\n\n\n<p>\u201cQuero recordar que este edif\u00edcio \u00e9 feito com donativos das pessoas. Momentos piores j\u00e1 ocorreram; as obras chegaram inclusive a parar durante a&nbsp;<a href=\"https:\/\/brasil.elpais.com\/noticias\/guerra-civil-espanola\/\" target=\"_blank\" rel=\"noreferrer noopener\">Guerra Civil (1936-39)<\/a>, mas sempre, em maior ou menor medida, o projeto de Gaud\u00ed continuou virando realidade. E agora n\u00e3o ser\u00e1 uma exce\u00e7\u00e3o. Mantemos nosso compromisso e entusiasmo. O templo ser\u00e1 conclu\u00eddo\u201d, prosseguiu Camps, anunciando que em novembro haver\u00e1 uma campanha para que os cidad\u00e3os fa\u00e7am donativos.<\/p>\n","protected":false},"excerpt":{"rendered":"<p>Respons\u00e1veis pelo templo do arquiteto Antoni Gaud\u00ed em Barcelona dizem que, na atual situa\u00e7\u00e3o, n\u00e3o podem marcar data para o fim das obras.<\/p>\n","protected":false},"author":1,"featured_media":0,"comment_status":"closed","ping_status":"open","sticky":false,"template":"","format":"standard","meta":{"_exactmetrics_skip_tracking":false,"_exactmetrics_sitenote_active":false,"_exactmetrics_sitenote_note":"","_exactmetrics_sitenote_category":0,"jetpack_post_was_ever_published":false,"_jetpack_newsletter_access":"","_jetpack_dont_email_post_to_subs":false,"_jetpack_newsletter_tier_id":0,"_jetpack_memberships_contains_paywalled_content":false,"_jetpack_memberships_contains_paid_content":false,"footnotes":"","jetpack_publicize_message":"","jetpack_publicize_feature_enabled":true,"jetpack_social_post_already_shared":true,"jetpack_social_options":{"image_generator_settings":{"template":"highway","enabled":false},"version":2}},"categories":[1],"tags":[],"class_list":["post-29774","post","type-post","status-publish","format-standard","hentry","category-notas"],"jetpack_publicize_connections":[],"jetpack_sharing_enabled":true,"jetpack_featured_media_url":"","jetpack_shortlink":"https:\/\/wp.me\/p7wKYW-7Ke","jetpack-related-posts":[],"_links":{"self":[{"href":"http:\/\/blogdalucianaoliveira.com.br\/blog\/wp-json\/wp\/v2\/posts\/29774","targetHints":{"allow":["GET"]}}],"collection":[{"href":"http:\/\/blogdalucianaoliveira.com.br\/blog\/wp-json\/wp\/v2\/posts"}],"about":[{"href":"http:\/\/blogdalucianaoliveira.com.br\/blog\/wp-json\/wp\/v2\/types\/post"}],"author":[{"embeddable":true,"href":"http:\/\/blogdalucianaoliveira.com.br\/blog\/wp-json\/wp\/v2\/users\/1"}],"replies":[{"embeddable":true,"href":"http:\/\/blogdalucianaoliveira.com.br\/blog\/wp-json\/wp\/v2\/comments?post=29774"}],"version-history":[{"count":1,"href":"http:\/\/blogdalucianaoliveira.com.br\/blog\/wp-json\/wp\/v2\/posts\/29774\/revisions"}],"predecessor-version":[{"id":29776,"href":"http:\/\/blogdalucianaoliveira.com.br\/blog\/wp-json\/wp\/v2\/posts\/29774\/revisions\/29776"}],"wp:attachment":[{"href":"http:\/\/blogdalucianaoliveira.com.br\/blog\/wp-json\/wp\/v2\/media?parent=29774"}],"wp:term":[{"taxonomy":"category","embeddable":true,"href":"http:\/\/blogdalucianaoliveira.com.br\/blog\/wp-json\/wp\/v2\/categories?post=29774"},{"taxonomy":"post_tag","embeddable":true,"href":"http:\/\/blogdalucianaoliveira.com.br\/blog\/wp-json\/wp\/v2\/tags?post=29774"}],"curies":[{"name":"wp","href":"https:\/\/api.w.org\/{rel}","templated":true}]}}