{"id":29780,"date":"2020-09-20T19:45:35","date_gmt":"2020-09-20T23:45:35","guid":{"rendered":"http:\/\/blogdalucianaoliveira.com.br\/blog\/?p=29780"},"modified":"2020-09-20T19:45:39","modified_gmt":"2020-09-20T23:45:39","slug":"a-fome-de-volta-como-assombracao-ao-brasil-pos-golpe","status":"publish","type":"post","link":"http:\/\/blogdalucianaoliveira.com.br\/blog\/2020\/09\/20\/a-fome-de-volta-como-assombracao-ao-brasil-pos-golpe\/","title":{"rendered":"A fome de volta como assombra\u00e7\u00e3o ao Brasil p\u00f3s-golpe"},"content":{"rendered":"\n<figure class=\"wp-block-image size-large\"><img data-recalc-dims=\"1\" loading=\"lazy\" decoding=\"async\" width=\"600\" height=\"400\" data-attachment-id=\"29781\" data-permalink=\"http:\/\/blogdalucianaoliveira.com.br\/blog\/2020\/09\/20\/a-fome-de-volta-como-assombracao-ao-brasil-pos-golpe\/image-15-11\/\" data-orig-file=\"https:\/\/i0.wp.com\/blogdalucianaoliveira.com.br\/blog\/wp-content\/uploads\/2020\/09\/image-15.jpeg?fit=640%2C427\" data-orig-size=\"640,427\" data-comments-opened=\"0\" data-image-meta=\"{&quot;aperture&quot;:&quot;0&quot;,&quot;credit&quot;:&quot;&quot;,&quot;camera&quot;:&quot;&quot;,&quot;caption&quot;:&quot;&quot;,&quot;created_timestamp&quot;:&quot;0&quot;,&quot;copyright&quot;:&quot;&quot;,&quot;focal_length&quot;:&quot;0&quot;,&quot;iso&quot;:&quot;0&quot;,&quot;shutter_speed&quot;:&quot;0&quot;,&quot;title&quot;:&quot;&quot;,&quot;orientation&quot;:&quot;0&quot;}\" data-image-title=\"image-15\" data-image-description=\"\" data-image-caption=\"\" data-medium-file=\"https:\/\/i0.wp.com\/blogdalucianaoliveira.com.br\/blog\/wp-content\/uploads\/2020\/09\/image-15.jpeg?fit=300%2C200\" data-large-file=\"https:\/\/i0.wp.com\/blogdalucianaoliveira.com.br\/blog\/wp-content\/uploads\/2020\/09\/image-15.jpeg?fit=600%2C400\" src=\"https:\/\/i0.wp.com\/blogdalucianaoliveira.com.br\/blog\/wp-content\/uploads\/2020\/09\/image-15.jpeg?resize=600%2C400\" alt=\"\" class=\"wp-image-29781\" srcset=\"https:\/\/i0.wp.com\/blogdalucianaoliveira.com.br\/blog\/wp-content\/uploads\/2020\/09\/image-15.jpeg?w=640 640w, https:\/\/i0.wp.com\/blogdalucianaoliveira.com.br\/blog\/wp-content\/uploads\/2020\/09\/image-15.jpeg?resize=300%2C200 300w, https:\/\/i0.wp.com\/blogdalucianaoliveira.com.br\/blog\/wp-content\/uploads\/2020\/09\/image-15.jpeg?resize=450%2C300 450w\" sizes=\"auto, (max-width: 600px) 100vw, 600px\" \/><\/figure>\n\n\n\n<p>A inseguran\u00e7a alimentar bateu \u00e0 porta das fam\u00edlias carentes mesmo antes da pandemia do coronav\u00edrus. S\u00f3 a velha do chapel\u00e3o explica.<\/p>\n\n\n\n<!--more-->\n\n\n\n<p><a href=\"https:\/\/brasil.elpais.com\/autor\/francisco-reginaldo-de-sa-menezes\/\">XICO S\u00c1<\/a>, El Pa\u00eds <\/p>\n\n\n\n<p><em>\u201c\u00d4 Josu\u00e9, nunca vi tamanha desgra\u00e7a Quanto mais mis\u00e9ria tem, mais urubu amea\u00e7a\u201d \u2014 Chico Science &amp; Na\u00e7\u00e3o Zumbi, em \u2018Da lama ao caos\u2019<\/em><\/p>\n\n\n\n<p>A velha mal-assombrada do chapel\u00e3o castiga sert\u00f5es, veredas e as beiradas dos formigueiros metropolitanos. Tal criatura, cuja aba do chap\u00e9u sombreava o mundo de desgra\u00e7a, \u00e9 a imagem da&nbsp;<a href=\"https:\/\/brasil.elpais.com\/noticias\/hambre\/\" target=\"_blank\" rel=\"noreferrer noopener\">fome<\/a>&nbsp;braba na vis\u00e3o dos habitantes mais antigos do semi\u00e1rido nordestino.<\/p>\n\n\n\n<p>O horror&nbsp;<a href=\"https:\/\/brasil.elpais.com\/brasil\/2020-08-25\/nove-milhoes-de-brasileiros-deixaram-de-comer-por-falta-de-dinheiro-durante-a-pandemia.html\" target=\"_blank\" rel=\"noreferrer noopener\">deu as caras de novo.<\/a><\/p>\n\n\n\n<p>Pelo menos 10 milh\u00f5es de brasileiros&nbsp;<a href=\"https:\/\/brasil.elpais.com\/brasil\/2020-08-25\/nove-milhoes-de-brasileiros-deixaram-de-comer-por-falta-de-dinheiro-durante-a-pandemia.html\" target=\"_blank\" rel=\"noreferrer noopener\">voltaram a sofrer com a escassez de comida<\/a>. E bem antes da pandemia do coronav\u00edrus, conforme Pesquisa do Or\u00e7amento das Fam\u00edlias do IBGE realizada entre 2017 e 2018.&nbsp;<a href=\"https:\/\/brasil.elpais.com\/sociedade\/2020-06-09\/julio-berdegue-representante-da-fao-podemos-ter-um-retrocesso-historico-na-luta-contra-a-fome-na-america-latina.html\" target=\"_blank\" rel=\"noreferrer noopener\">Imagina como as coisas devem estar agora<\/a>, com o fantasma da carestia na tocaia de todas as g\u00f4ndolas e mercadinhos da esquina de casa.<\/p>\n\n\n\n<p>\u201cPode ainda n\u00e3o ser o apocalipse, meu filho, mas \u00e9 o fim do bai\u00e3o de dois como conhecemos\u201d, salta minha m\u00e3e, dona Maria do Socorro Novais, 79, egressa de Floresta do Navio (PE), espantada com o pre\u00e7o do arroz. \u00c9 humor do Cariri cearense, onde hoje reside, para\u00a0<a rel=\"noreferrer noopener\" href=\"https:\/\/brasil.elpais.com\/brasil\/2017\/09\/05\/internacional\/1504624883_402058.html\" target=\"_blank\">suportar a barra e manter a sanidade<\/a>. Minha comentarista de economia predileta, mestra nas quatro opera\u00e7\u00f5es de um sal\u00e1rio m\u00ednimo de aposentada do INSS. \u201cLogo mais tem pequi e feij\u00e3o verde com cuscuz, o inverno vai come\u00e7ar cedo este ano\u201d, diz, olhar na mira da chapada do Araripe.<\/p>\n\n\n\n<p>O Brasil voltou&nbsp;<a href=\"https:\/\/brasil.elpais.com\/sociedade\/2020-07-14\/fome-pode-afetar-67-milhoes-de-latino-americanos-em-2030-alerta-onu.html\" target=\"_blank\" rel=\"noreferrer noopener\">ao castigo da inseguran\u00e7a alimentar grave<\/a>. E como diria, ainda em 1946, o m\u00e9dico, escritor e ge\u00f3grafo pernambucano Josu\u00e9 de Castro, na obra-prima \u201cGeografia da Fome\u201d, isso \u00e9 a marca hist\u00f3rica do subdesenvolvimento brasileiro. Coisa dos homens. Desigualdade programada nas pranchetas da selvageria das bola\u00e7\u00f5es econ\u00f4micas. Neoliberalismo canibal, para dizer o m\u00ednimo, para mostrar educa\u00e7\u00e3o e bons modos.<\/p>\n\n\n\n<p>Foi apenas um recreio hist\u00f3rico. Esquece. A sombra do chapel\u00e3o manchou o territ\u00f3rio nacional outra vez.<\/p>\n\n\n\n<p>O gostinho de sair do Mapa da Fome em 2013, no governo Dilma Rousseff (PT), durou pouco. Era uma velha utopia de Josu\u00e9, reciclada nos anos 1990 como a\u00e7\u00e3o solid\u00e1ria do soci\u00f3logo Herbert de Souza, o Betinho. Em 2003, ganha ares institucionais como pol\u00edtica Fome Zero do governo Lula, sob o comando do professor e agr\u00f4nomo Jos\u00e9 Graziano da Silva, ex-diretor geral da Organiza\u00e7\u00e3o das Na\u00e7\u00f5es Unidas para a Alimenta\u00e7\u00e3o e Agricultura (FAO).<\/p>\n\n\n\n<p>\u201c\u00d4 Josu\u00e9 eu nunca vi tamanha desgra\u00e7a\u201d, como anunciava Chico Science em 1994. A&nbsp;<a href=\"https:\/\/brasil.elpais.com\/brasil\/2019\/11\/06\/politica\/1573049315_913111.html\" target=\"_blank\" rel=\"noreferrer noopener\">mal-assombrada criatura ronda o pa\u00eds<\/a>. Nos lares chefiados por mulheres e negros, o horror se acentua. Na zona rural do norte e do nordeste, a necessidade provoca ainda mais roncos no est\u00f4mago e estragos na exist\u00eancia.<\/p>\n\n\n\n<p>\u00c9 duro lidar com essa mem\u00f3ria da fome. Este retorno&nbsp;<a href=\"https:\/\/brasil.elpais.com\/brasil\/2017\/10\/24\/politica\/1508808429_182260.html\" target=\"_blank\" rel=\"noreferrer noopener\">\u00e0s tripas do subdesenvolvimento rebobina<\/a>&nbsp;no cocuruto os saques \u00e0s feiras livres do nordeste durante a ditadura. Legi\u00f5es de famintos sem outras alternativas. Meu pai me pegava pelo bra\u00e7o e tentava disfar\u00e7ar que nada estava ocorrendo no Cariri dos anos 1970. Uma nuvem de farinha encobria nossas vistas. Esquece, menino, deu para ver coisas do outro mundo. Dois ou tr\u00eas soldados rasos fingiam autoridade. O delegado pedia refor\u00e7o contra os \u201ccomunistas\u201d, inimigos imagin\u00e1rios. A mensagem de dom H\u00e9lder C\u00e2mara e uma Igreja Cat\u00f3lica a servi\u00e7o dos miser\u00e1veis corria a na\u00e7\u00e3o semi\u00e1rida.<\/p>\n\n\n\n<p>Tudo aquilo me fazia o av\u00f4 Jo\u00e3o Patriolino contar mil e uma noites de rebuli\u00e7os sobre e as mortes e os horrores vividos no \u201ccurral da fome\u201d das Batateiras, no Crato, onde o seu irm\u00e3o Francisco tombou na seca de 1932. Eram sete \u201ccampos de concentra\u00e7\u00e3o\u201d, espa\u00e7o de isolamento dos famintos para evitar contato com a gente \u201climpa\u201d das cidades grandes. A rep\u00f3rter Marina Rossi fez&nbsp;<a href=\"https:\/\/brasil.elpais.com\/brasil\/2019\/01\/08\/politica\/1546980554_464677.html\" target=\"_blank\" rel=\"noreferrer noopener\">reportagem neste EL PA\u00cdS sobre o assunto<\/a>.<\/p>\n\n\n\n<p>Nos \u00faltimos saques de famintos, vixe, meus olhos j\u00e1 eram de jovem rep\u00f3rter, estiagem de 1998, sob o governo Fernando Henrique Cardoso. Ocupa\u00e7\u00f5es de muitas feiras e com\u00e9rcios no nordeste. Rendeu arenga pesada entre as autoridades de Bras\u00edlia e a CNBB, uma Confer\u00eancia dos Bispos do Brasil ainda ligada \u00e0 prote\u00e7\u00e3o&nbsp;<a href=\"https:\/\/brasil.elpais.com\/sociedade\/2020-03-28\/sem-acoes-especificas-86-dos-moradores-de-favelas-vao-passar-fome-por-causa-do-coronavirus.html?rel=listapoyo\" target=\"_blank\" rel=\"noreferrer noopener\">aos desvalidos de todas as ordens<\/a>. Lembro como Miguel Arraes, ent\u00e3o governador de Pernambuco, bateu forte na pisada hist\u00f3rica, na defesa dos trabalhadores rurais acusados de baderneiros e agitadores. No repert\u00f3rio de \u201cPai Arraia\u201d, como os matutos e beiradeiros o tratavam, ainda estava viva o ataque de agentes norte-americanos \u00e0s Ligas Camponesas no golpe de 1964.<\/p>\n\n\n\n<p>A velha mal-assombrada do chapel\u00e3o, imagem da fome preservada gra\u00e7as a pesquisas de C\u00e2mara Cascudo, nunca \u00e9 algo apenas folcl\u00f3rico ou fantasmag\u00f3rico. Muito menos resultado dos des\u00edgnios de Deus. \u00c9 tudo Josu\u00e9, Josu\u00e9 de Castro,&nbsp;<a href=\"https:\/\/brasil.elpais.com\/brasil\/2020-05-03\/quando-a-fome-e-muito-grande-mas-a-procura-para-ajudar-tambem.html\" target=\"_blank\" rel=\"noreferrer noopener\">pioneiro ao politizar a fome<\/a>&nbsp;ainda nos anos 40 do s\u00e9culo passado. Sob ex\u00edlio na Fran\u00e7a, por causa do seu pensamento, morreu de desgosto, em 24 de setembro de 1973. Foi um dos maiores brasileiros de todos os tempos. Chico Science fez a sua evoca\u00e7\u00e3o no Recife ao resgatar o mimetismo do homem que vira caranguejo e vice-versa. Da lama ao caos, do caos \u00e0 lama.<\/p>\n\n\n\n<p><em><strong>Xico S\u00e1<\/strong><\/em><em>, escritor e jornalista, \u00e9 autor de \u201cBig Jato\u201d (editora Companhia das Letras), entre outros livros. Est\u00e1 no ar com o podcast \u201cNo Balc\u00e3o\u201d, na plataforma @orelo_audio.<\/em><\/p>\n\n\n\n<p><\/p>\n\n\n\n<p><\/p>\n","protected":false},"excerpt":{"rendered":"<p>A inseguran\u00e7a alimentar bateu \u00e0 porta das fam\u00edlias carentes mesmo antes da pandemia do coronav\u00edrus. S\u00f3 a velha do chapel\u00e3o explica.<\/p>\n","protected":false},"author":1,"featured_media":0,"comment_status":"closed","ping_status":"open","sticky":false,"template":"","format":"standard","meta":{"_exactmetrics_skip_tracking":false,"_exactmetrics_sitenote_active":false,"_exactmetrics_sitenote_note":"","_exactmetrics_sitenote_category":0,"jetpack_post_was_ever_published":false,"_jetpack_newsletter_access":"","_jetpack_dont_email_post_to_subs":false,"_jetpack_newsletter_tier_id":0,"_jetpack_memberships_contains_paywalled_content":false,"_jetpack_memberships_contains_paid_content":false,"footnotes":"","jetpack_publicize_message":"","jetpack_publicize_feature_enabled":true,"jetpack_social_post_already_shared":true,"jetpack_social_options":{"image_generator_settings":{"template":"highway","enabled":false},"version":2}},"categories":[1],"tags":[],"class_list":["post-29780","post","type-post","status-publish","format-standard","hentry","category-notas"],"jetpack_publicize_connections":[],"jetpack_sharing_enabled":true,"jetpack_featured_media_url":"","jetpack_shortlink":"https:\/\/wp.me\/p7wKYW-7Kk","jetpack-related-posts":[],"_links":{"self":[{"href":"http:\/\/blogdalucianaoliveira.com.br\/blog\/wp-json\/wp\/v2\/posts\/29780","targetHints":{"allow":["GET"]}}],"collection":[{"href":"http:\/\/blogdalucianaoliveira.com.br\/blog\/wp-json\/wp\/v2\/posts"}],"about":[{"href":"http:\/\/blogdalucianaoliveira.com.br\/blog\/wp-json\/wp\/v2\/types\/post"}],"author":[{"embeddable":true,"href":"http:\/\/blogdalucianaoliveira.com.br\/blog\/wp-json\/wp\/v2\/users\/1"}],"replies":[{"embeddable":true,"href":"http:\/\/blogdalucianaoliveira.com.br\/blog\/wp-json\/wp\/v2\/comments?post=29780"}],"version-history":[{"count":1,"href":"http:\/\/blogdalucianaoliveira.com.br\/blog\/wp-json\/wp\/v2\/posts\/29780\/revisions"}],"predecessor-version":[{"id":29782,"href":"http:\/\/blogdalucianaoliveira.com.br\/blog\/wp-json\/wp\/v2\/posts\/29780\/revisions\/29782"}],"wp:attachment":[{"href":"http:\/\/blogdalucianaoliveira.com.br\/blog\/wp-json\/wp\/v2\/media?parent=29780"}],"wp:term":[{"taxonomy":"category","embeddable":true,"href":"http:\/\/blogdalucianaoliveira.com.br\/blog\/wp-json\/wp\/v2\/categories?post=29780"},{"taxonomy":"post_tag","embeddable":true,"href":"http:\/\/blogdalucianaoliveira.com.br\/blog\/wp-json\/wp\/v2\/tags?post=29780"}],"curies":[{"name":"wp","href":"https:\/\/api.w.org\/{rel}","templated":true}]}}