{"id":29783,"date":"2020-09-22T07:32:09","date_gmt":"2020-09-22T11:32:09","guid":{"rendered":"http:\/\/blogdalucianaoliveira.com.br\/blog\/?p=29783"},"modified":"2020-09-22T07:32:20","modified_gmt":"2020-09-22T11:32:20","slug":"dizimos-e-dividas","status":"publish","type":"post","link":"http:\/\/blogdalucianaoliveira.com.br\/blog\/2020\/09\/22\/dizimos-e-dividas\/","title":{"rendered":"D\u00edzimos e d\u00edvidas"},"content":{"rendered":"\n<figure class=\"wp-block-image size-large\"><img loading=\"lazy\" decoding=\"async\" width=\"1345\" height=\"1203\" data-attachment-id=\"29785\" data-permalink=\"http:\/\/blogdalucianaoliveira.com.br\/blog\/2020\/09\/22\/dizimos-e-dividas\/2443a454-4e13-4cd3-8f30-55740bcf6b64\/\" data-orig-file=\"https:\/\/i0.wp.com\/blogdalucianaoliveira.com.br\/blog\/wp-content\/uploads\/2020\/09\/2443A454-4E13-4CD3-8F30-55740BCF6B64.jpeg?fit=1345%2C1203\" data-orig-size=\"1345,1203\" data-comments-opened=\"0\" data-image-meta=\"{&quot;aperture&quot;:&quot;0&quot;,&quot;credit&quot;:&quot;&quot;,&quot;camera&quot;:&quot;&quot;,&quot;caption&quot;:&quot;&quot;,&quot;created_timestamp&quot;:&quot;0&quot;,&quot;copyright&quot;:&quot;&quot;,&quot;focal_length&quot;:&quot;0&quot;,&quot;iso&quot;:&quot;0&quot;,&quot;shutter_speed&quot;:&quot;0&quot;,&quot;title&quot;:&quot;&quot;,&quot;orientation&quot;:&quot;0&quot;}\" data-image-title=\"2443A454-4E13-4CD3-8F30-55740BCF6B64\" data-image-description=\"\" data-image-caption=\"\" data-medium-file=\"https:\/\/i0.wp.com\/blogdalucianaoliveira.com.br\/blog\/wp-content\/uploads\/2020\/09\/2443A454-4E13-4CD3-8F30-55740BCF6B64.jpeg?fit=300%2C268\" data-large-file=\"https:\/\/i0.wp.com\/blogdalucianaoliveira.com.br\/blog\/wp-content\/uploads\/2020\/09\/2443A454-4E13-4CD3-8F30-55740BCF6B64.jpeg?fit=600%2C537\" src=\"https:\/\/i0.wp.com\/blogdalucianaoliveira.com.br\/blog\/wp-content\/uploads\/2020\/09\/2443A454-4E13-4CD3-8F30-55740BCF6B64.jpeg?fit=600%2C537\" alt=\"\" class=\"wp-image-29785\" srcset=\"https:\/\/i0.wp.com\/blogdalucianaoliveira.com.br\/blog\/wp-content\/uploads\/2020\/09\/2443A454-4E13-4CD3-8F30-55740BCF6B64.jpeg?w=1345 1345w, https:\/\/i0.wp.com\/blogdalucianaoliveira.com.br\/blog\/wp-content\/uploads\/2020\/09\/2443A454-4E13-4CD3-8F30-55740BCF6B64.jpeg?resize=300%2C268 300w, https:\/\/i0.wp.com\/blogdalucianaoliveira.com.br\/blog\/wp-content\/uploads\/2020\/09\/2443A454-4E13-4CD3-8F30-55740BCF6B64.jpeg?resize=1024%2C916 1024w, https:\/\/i0.wp.com\/blogdalucianaoliveira.com.br\/blog\/wp-content\/uploads\/2020\/09\/2443A454-4E13-4CD3-8F30-55740BCF6B64.jpeg?resize=768%2C687 768w, https:\/\/i0.wp.com\/blogdalucianaoliveira.com.br\/blog\/wp-content\/uploads\/2020\/09\/2443A454-4E13-4CD3-8F30-55740BCF6B64.jpeg?resize=335%2C300 335w, https:\/\/i0.wp.com\/blogdalucianaoliveira.com.br\/blog\/wp-content\/uploads\/2020\/09\/2443A454-4E13-4CD3-8F30-55740BCF6B64.jpeg?w=1200 1200w\" sizes=\"auto, (max-width: 600px) 100vw, 600px\" \/><\/figure>\n\n\n\n<p><strong>I<\/strong>grejas e institutos ligados a todas as religi\u00f5es devem ao menos 1,3 bilh\u00e3o de reais \u00e0 Uni\u00e3o. \u00c9 uma d\u00edvida formada sobretudo por tributos n\u00e3o pagos \u00e0 Previd\u00eancia \u2013 em geral, contribui\u00e7\u00f5es ao INSS que as igrejas deixaram de recolher. <br><\/p>\n\n\n\n<!--more-->\n\n\n\n<p><strong>LUIGI MAZZA E RENATA BUONO<\/strong>, Revista Piau\u00ed <\/p>\n\n\n\n<p>Tamb\u00e9m entram para a conta multas criminais e valores n\u00e3o pagos ao Fundo de Garantia do Tempo de Servi\u00e7o (FGTS). O d\u00e9bito se concentra na m\u00e3o de poucas igrejas, sendo a principal delas a Igreja Internacional da Gra\u00e7a de Deus, do mission\u00e1rio R.R. Soares, que\u00a0deve 145 milh\u00f5es de reais. Coube ao filho do pastor, o deputado federal David Soares (DEM-SP), apresentar a emenda ao Projeto de Lei 1581\/2020 que prop\u00f5e perdoar a d\u00edvida bilion\u00e1ria das igrejas. No \u00faltimo dia 11, o texto foi sancionado em parte pelo presidente Jair Bolsonaro: as d\u00edvidas previdenci\u00e1rias deixaram de ser contabilizadas, as demais permaneceram como estavam. O projeto voltou \u00e0 C\u00e2mara dos Deputados, que decidir\u00e1 se mant\u00e9m, derruba ou amplia essa anistia. O\u00a0<em>=igualdades\u00a0<\/em>fez um raio X das d\u00edvidas das igrejas, com base nos dados da Procuradoria-Geral da Fazenda Nacional.<\/p>\n\n\n\n<figure class=\"wp-block-image size-large\"><img loading=\"lazy\" decoding=\"async\" width=\"1387\" height=\"2389\" data-attachment-id=\"29784\" data-permalink=\"http:\/\/blogdalucianaoliveira.com.br\/blog\/2020\/09\/22\/dizimos-e-dividas\/image-16-11\/\" data-orig-file=\"https:\/\/i0.wp.com\/blogdalucianaoliveira.com.br\/blog\/wp-content\/uploads\/2020\/09\/image-16.jpeg?fit=1387%2C2389\" data-orig-size=\"1387,2389\" data-comments-opened=\"0\" data-image-meta=\"{&quot;aperture&quot;:&quot;0&quot;,&quot;credit&quot;:&quot;&quot;,&quot;camera&quot;:&quot;&quot;,&quot;caption&quot;:&quot;&quot;,&quot;created_timestamp&quot;:&quot;0&quot;,&quot;copyright&quot;:&quot;&quot;,&quot;focal_length&quot;:&quot;0&quot;,&quot;iso&quot;:&quot;0&quot;,&quot;shutter_speed&quot;:&quot;0&quot;,&quot;title&quot;:&quot;&quot;,&quot;orientation&quot;:&quot;0&quot;}\" data-image-title=\"image-16\" data-image-description=\"\" data-image-caption=\"\" data-medium-file=\"https:\/\/i0.wp.com\/blogdalucianaoliveira.com.br\/blog\/wp-content\/uploads\/2020\/09\/image-16.jpeg?fit=174%2C300\" data-large-file=\"https:\/\/i0.wp.com\/blogdalucianaoliveira.com.br\/blog\/wp-content\/uploads\/2020\/09\/image-16.jpeg?fit=595%2C1024\" src=\"https:\/\/i0.wp.com\/blogdalucianaoliveira.com.br\/blog\/wp-content\/uploads\/2020\/09\/image-16.jpeg?fit=595%2C1024\" alt=\"\" class=\"wp-image-29784\" srcset=\"https:\/\/i0.wp.com\/blogdalucianaoliveira.com.br\/blog\/wp-content\/uploads\/2020\/09\/image-16.jpeg?w=1387 1387w, https:\/\/i0.wp.com\/blogdalucianaoliveira.com.br\/blog\/wp-content\/uploads\/2020\/09\/image-16.jpeg?resize=174%2C300 174w, https:\/\/i0.wp.com\/blogdalucianaoliveira.com.br\/blog\/wp-content\/uploads\/2020\/09\/image-16.jpeg?resize=595%2C1024 595w, https:\/\/i0.wp.com\/blogdalucianaoliveira.com.br\/blog\/wp-content\/uploads\/2020\/09\/image-16.jpeg?resize=768%2C1323 768w, https:\/\/i0.wp.com\/blogdalucianaoliveira.com.br\/blog\/wp-content\/uploads\/2020\/09\/image-16.jpeg?resize=892%2C1536 892w, https:\/\/i0.wp.com\/blogdalucianaoliveira.com.br\/blog\/wp-content\/uploads\/2020\/09\/image-16.jpeg?resize=1189%2C2048 1189w\" sizes=\"auto, (max-width: 600px) 100vw, 600px\" \/><\/figure>\n\n\n\n<p><br><\/p>\n\n\n\n<p><strong>As igrejas e associa\u00e7\u00f5es ligadas a elas<\/strong>somam d\u00edvidas de&nbsp;<strong>ao menos R$ 1,3 bilh\u00e3o<\/strong>, segundo os dados da Procuradoria-Geral da Fazenda Nacional. O dado leva em conta d\u00edvidas com a Previd\u00eancia, com o FGTS e com outros encargos. Isso \u00e9&nbsp;<strong>praticamente o triplo<\/strong>&nbsp;da d\u00edvida de&nbsp;<strong>todos os times<\/strong>&nbsp;de futebol dos estados&nbsp;<strong>de S\u00e3o Paulo e Rio de Janeiro<\/strong>&nbsp;(juntos, eles devem R$ 491 milh\u00f5es \u00e0 Uni\u00e3o).<\/p>\n\n\n\n<figure class=\"wp-block-image\"><img data-recalc-dims=\"1\" decoding=\"async\" src=\"https:\/\/i0.wp.com\/piaui.folha.uol.com.br\/wp-content\/uploads\/2020\/09\/Arte-2.jpg?w=600&#038;ssl=1\" alt=\"\" class=\"wp-image-387400\"\/><\/figure>\n\n\n\n<p>A d\u00edvida das igrejas se concentra na&nbsp;<strong>Previd\u00eancia<\/strong>.&nbsp;<strong>A cada R$ 100<\/strong>&nbsp;devidos \u00e0 Uni\u00e3o,&nbsp;<strong>R$ 70<\/strong>&nbsp;s\u00e3o&nbsp;<strong>d\u00edvidas previdenci\u00e1rias<\/strong>,&nbsp;<strong>R$ 28<\/strong>&nbsp;s\u00e3o&nbsp;<strong>d\u00edvidas em geral<\/strong>&nbsp;(tribut\u00e1rias, multas trabalhistas, criminais, entre outras) e&nbsp;<strong>R$ 2<\/strong>&nbsp;s\u00e3o&nbsp;<strong>contribui\u00e7\u00f5es n\u00e3o recolhidas do FGTS<\/strong>.<\/p>\n\n\n\n<figure class=\"wp-block-image\"><img data-recalc-dims=\"1\" decoding=\"async\" src=\"https:\/\/i0.wp.com\/piaui.folha.uol.com.br\/wp-content\/uploads\/2020\/09\/Arte-3.jpg?w=600&#038;ssl=1\" alt=\"\" class=\"wp-image-387401\"\/><\/figure>\n\n\n\n<p>O&nbsp;<strong>Instituto Geral Evang\u00e9lico<\/strong>, sediado no Rio de Janeiro, acumula uma d\u00edvida de&nbsp;<strong>R$ 555 milh\u00f5es<\/strong>&nbsp;com a Previd\u00eancia. Com isso, responde sozinho por mais de 60% das d\u00edvidas previdenci\u00e1rias de todas as igrejas e associa\u00e7\u00f5es religiosas do pa\u00eds.<\/p>\n\n\n\n<p><\/p>\n\n\n\n<figure class=\"wp-block-image\"><img data-recalc-dims=\"1\" decoding=\"async\" src=\"https:\/\/i0.wp.com\/piaui.folha.uol.com.br\/wp-content\/uploads\/2020\/09\/Arte-4.jpg?w=600&#038;ssl=1\" alt=\"\" class=\"wp-image-387402\"\/><\/figure>\n\n\n\n<p>As d\u00edvidas se concentram nas m\u00e3os de poucos.&nbsp;<strong>Quatro igrejas<\/strong>&nbsp;respondem, juntas, por&nbsp;<strong>mais de 20% da d\u00edvida total<\/strong>&nbsp;das igrejas e associa\u00e7\u00f5es religiosas. S\u00e3o elas a Igreja Internacional da Gra\u00e7a de Deus (R$ 145,3 milh\u00f5es), a Igreja Mundial do Poder de Deus (R$ 90,5 milh\u00f5es), a Igreja Apost\u00f3lica Renascer em Cristo (R$ 33,4 milh\u00f5es) e a Associa\u00e7\u00e3o Vit\u00f3ria em Cristo (R$ 35,7 milh\u00f5es).<\/p>\n\n\n\n<figure class=\"wp-block-image\"><img data-recalc-dims=\"1\" decoding=\"async\" src=\"https:\/\/i0.wp.com\/piaui.folha.uol.com.br\/wp-content\/uploads\/2020\/09\/Arte-5.jpg?w=600&#038;ssl=1\" alt=\"\" class=\"wp-image-387403\"\/><\/figure>\n\n\n\n<p>A&nbsp;<strong>Igreja Internacional da Gra\u00e7a de Deus<\/strong>, do mission\u00e1rio R.R. Soares,&nbsp;<strong>deve<\/strong>&nbsp;<strong>R$ 145,3 milh\u00f5es<\/strong>&nbsp;\u00e0 Uni\u00e3o. \u00c9&nbsp;<strong>quase tanto dinheiro<\/strong>quanto devem&nbsp;<strong>todos os centros de espiritismo e umbanda<\/strong>&nbsp;listados na d\u00edvida p\u00fablica&nbsp;\u2013 juntos, eles acumulam d\u00e9bitos de pelo menos&nbsp;<strong>R$ 156 milh\u00f5es<\/strong>.<\/p>\n\n\n\n<figure class=\"wp-block-image\"><img data-recalc-dims=\"1\" decoding=\"async\" src=\"https:\/\/i0.wp.com\/piaui.folha.uol.com.br\/wp-content\/uploads\/2020\/09\/Arte-6.jpg?w=600&#038;ssl=1\" alt=\"\" class=\"wp-image-387404\"\/><\/figure>\n\n\n\n<p>A&nbsp;<strong>Igreja Mundial do Poder de Deus<\/strong>, do pastor Valdemiro Santiago, tem&nbsp;<strong>d\u00edvidas registradas de R$ 90,5 milh\u00f5es<\/strong>&nbsp;com a Uni\u00e3o. \u00c9&nbsp;<strong>mais que o dobro<\/strong>&nbsp;das d\u00edvidas em nome da&nbsp;<strong>Associa\u00e7\u00e3o Vit\u00f3ria em Cristo<\/strong>, do minist\u00e9rio do pastor Silas Malafaia, que deve&nbsp;<strong>R$ 35,7 milh\u00f5es<\/strong>.<\/p>\n\n\n\n<figure class=\"wp-block-image\"><img data-recalc-dims=\"1\" decoding=\"async\" src=\"https:\/\/i0.wp.com\/piaui.folha.uol.com.br\/wp-content\/uploads\/2020\/09\/Arte-7.jpg?w=600&#038;ssl=1\" alt=\"\" class=\"wp-image-387405\"\/><\/figure>\n\n\n\n<p>O buraco pode sempre ser mais embaixo. A&nbsp;<strong>d\u00edvida de R$ 1,3 bilh\u00e3o das igrejas<\/strong>&nbsp;e associa\u00e7\u00f5es religiosas&nbsp;<strong>n\u00e3o chega nem perto<\/strong>da d\u00edvida acumulada por&nbsp;<strong>quatro empresas de Eike Batista<\/strong>&nbsp;que hoje est\u00e3o em recupera\u00e7\u00e3o judicial: MMX Minera\u00e7\u00e3o, OSX Servi\u00e7os Operacionais, OSX Brasil S.A. e OSX Constru\u00e7\u00e3o Naval. Somadas, elas&nbsp;<strong>devem R$ 3,3 bilh\u00f5es<\/strong>&nbsp;\u00e0 Uni\u00e3o. O grosso dessa d\u00edvida \u00e9 formada por tributos n\u00e3o pagos, como IOF&nbsp;\u2013 Imposto sobre Opera\u00e7\u00f5es Financeiras&nbsp;\u2013 e Cofins&nbsp;\u2013 Contribui\u00e7\u00e3o para o Financiamento da Seguridade Social.<\/p>\n\n\n\n<p><strong>Fonte:<\/strong>&nbsp;Procuradoria-Geral da Fazenda Nacional (PGFN).<\/p>\n\n\n\n<p><strong>Nota metodol\u00f3gica:<\/strong>&nbsp;O c\u00e1lculo das d\u00edvidas considera apenas os d\u00e9bitos em situa\u00e7\u00e3o irregular&nbsp;\u2013 isto \u00e9, que est\u00e3o em fase de cobran\u00e7a efetiva pela PGFN. N\u00e3o foram levados em conta benef\u00edcios fiscais, d\u00edvidas sob garantia de pagamento e d\u00edvidas suspensas por decis\u00e3o judicial.<\/p>\n\n\n\n<p><\/p>\n","protected":false},"excerpt":{"rendered":"<p>Igrejas e institutos ligados a todas as religi\u00f5es devem ao menos 1,3 bilh\u00e3o de reais \u00e0 Uni\u00e3o. \u00c9 uma d\u00edvida formada sobretudo por tributos n\u00e3o pagos \u00e0 Previd\u00eancia \u2013 em geral, contribui\u00e7\u00f5es ao INSS que as igrejas deixaram de recolher.<\/p>\n","protected":false},"author":1,"featured_media":0,"comment_status":"closed","ping_status":"open","sticky":false,"template":"","format":"standard","meta":{"_exactmetrics_skip_tracking":false,"_exactmetrics_sitenote_active":false,"_exactmetrics_sitenote_note":"","_exactmetrics_sitenote_category":0,"jetpack_post_was_ever_published":false,"_jetpack_newsletter_access":"","_jetpack_dont_email_post_to_subs":false,"_jetpack_newsletter_tier_id":0,"_jetpack_memberships_contains_paywalled_content":false,"_jetpack_memberships_contains_paid_content":false,"footnotes":"","jetpack_publicize_message":"","jetpack_publicize_feature_enabled":true,"jetpack_social_post_already_shared":true,"jetpack_social_options":{"image_generator_settings":{"template":"highway","enabled":false},"version":2}},"categories":[1],"tags":[],"class_list":["post-29783","post","type-post","status-publish","format-standard","hentry","category-notas"],"jetpack_publicize_connections":[],"jetpack_sharing_enabled":true,"jetpack_featured_media_url":"","jetpack_shortlink":"https:\/\/wp.me\/p7wKYW-7Kn","jetpack-related-posts":[],"_links":{"self":[{"href":"http:\/\/blogdalucianaoliveira.com.br\/blog\/wp-json\/wp\/v2\/posts\/29783","targetHints":{"allow":["GET"]}}],"collection":[{"href":"http:\/\/blogdalucianaoliveira.com.br\/blog\/wp-json\/wp\/v2\/posts"}],"about":[{"href":"http:\/\/blogdalucianaoliveira.com.br\/blog\/wp-json\/wp\/v2\/types\/post"}],"author":[{"embeddable":true,"href":"http:\/\/blogdalucianaoliveira.com.br\/blog\/wp-json\/wp\/v2\/users\/1"}],"replies":[{"embeddable":true,"href":"http:\/\/blogdalucianaoliveira.com.br\/blog\/wp-json\/wp\/v2\/comments?post=29783"}],"version-history":[{"count":1,"href":"http:\/\/blogdalucianaoliveira.com.br\/blog\/wp-json\/wp\/v2\/posts\/29783\/revisions"}],"predecessor-version":[{"id":29786,"href":"http:\/\/blogdalucianaoliveira.com.br\/blog\/wp-json\/wp\/v2\/posts\/29783\/revisions\/29786"}],"wp:attachment":[{"href":"http:\/\/blogdalucianaoliveira.com.br\/blog\/wp-json\/wp\/v2\/media?parent=29783"}],"wp:term":[{"taxonomy":"category","embeddable":true,"href":"http:\/\/blogdalucianaoliveira.com.br\/blog\/wp-json\/wp\/v2\/categories?post=29783"},{"taxonomy":"post_tag","embeddable":true,"href":"http:\/\/blogdalucianaoliveira.com.br\/blog\/wp-json\/wp\/v2\/tags?post=29783"}],"curies":[{"name":"wp","href":"https:\/\/api.w.org\/{rel}","templated":true}]}}