{"id":29793,"date":"2020-09-22T17:13:09","date_gmt":"2020-09-22T21:13:09","guid":{"rendered":"http:\/\/blogdalucianaoliveira.com.br\/blog\/?p=29793"},"modified":"2020-09-22T17:13:14","modified_gmt":"2020-09-22T21:13:14","slug":"na-onu-bolsonaro-cita-dados-falsos-sobre-pandemia-e-meio-ambiente","status":"publish","type":"post","link":"http:\/\/blogdalucianaoliveira.com.br\/blog\/2020\/09\/22\/na-onu-bolsonaro-cita-dados-falsos-sobre-pandemia-e-meio-ambiente\/","title":{"rendered":"Na ONU, Bolsonaro cita dados falsos sobre pandemia e meio ambiente"},"content":{"rendered":"\n<figure class=\"wp-block-image size-large\"><img data-recalc-dims=\"1\" loading=\"lazy\" decoding=\"async\" width=\"600\" height=\"356\" data-attachment-id=\"29794\" data-permalink=\"http:\/\/blogdalucianaoliveira.com.br\/blog\/2020\/09\/22\/na-onu-bolsonaro-cita-dados-falsos-sobre-pandemia-e-meio-ambiente\/image-4-16\/\" data-orig-file=\"https:\/\/i0.wp.com\/blogdalucianaoliveira.com.br\/blog\/wp-content\/uploads\/2020\/09\/image-4.png?fit=675%2C400\" data-orig-size=\"675,400\" data-comments-opened=\"0\" data-image-meta=\"{&quot;aperture&quot;:&quot;0&quot;,&quot;credit&quot;:&quot;&quot;,&quot;camera&quot;:&quot;&quot;,&quot;caption&quot;:&quot;&quot;,&quot;created_timestamp&quot;:&quot;0&quot;,&quot;copyright&quot;:&quot;&quot;,&quot;focal_length&quot;:&quot;0&quot;,&quot;iso&quot;:&quot;0&quot;,&quot;shutter_speed&quot;:&quot;0&quot;,&quot;title&quot;:&quot;&quot;,&quot;orientation&quot;:&quot;0&quot;}\" data-image-title=\"image-4\" data-image-description=\"\" data-image-caption=\"\" data-medium-file=\"https:\/\/i0.wp.com\/blogdalucianaoliveira.com.br\/blog\/wp-content\/uploads\/2020\/09\/image-4.png?fit=300%2C178\" data-large-file=\"https:\/\/i0.wp.com\/blogdalucianaoliveira.com.br\/blog\/wp-content\/uploads\/2020\/09\/image-4.png?fit=600%2C356\" src=\"https:\/\/i0.wp.com\/blogdalucianaoliveira.com.br\/blog\/wp-content\/uploads\/2020\/09\/image-4.png?resize=600%2C356\" alt=\"\" class=\"wp-image-29794\" srcset=\"https:\/\/i0.wp.com\/blogdalucianaoliveira.com.br\/blog\/wp-content\/uploads\/2020\/09\/image-4.png?w=675 675w, https:\/\/i0.wp.com\/blogdalucianaoliveira.com.br\/blog\/wp-content\/uploads\/2020\/09\/image-4.png?resize=300%2C178 300w, https:\/\/i0.wp.com\/blogdalucianaoliveira.com.br\/blog\/wp-content\/uploads\/2020\/09\/image-4.png?resize=506%2C300 506w\" sizes=\"auto, (max-width: 600px) 100vw, 600px\" \/><\/figure>\n\n\n\n<p> Por <strong><a href=\"https:\/\/piaui.folha.uol.com.br\/lupa\/colaborador\/carol-macario\/\">CAROL MAC\u00c1RIO<\/a><\/strong> <a href=\"https:\/\/piaui.folha.uol.com.br\/lupa\/colaborador\/carol-macario\/\"><\/a><strong><a href=\"https:\/\/piaui.folha.uol.com.br\/lupa\/colaborador\/italo-romany\/\">\u00cdTALO R\u00d4MANY<\/a><\/strong> <a href=\"https:\/\/piaui.folha.uol.com.br\/lupa\/colaborador\/italo-romany\/\"><\/a><strong><a href=\"https:\/\/piaui.folha.uol.com.br\/lupa\/colaborador\/mauricio-moraes\/\">MAUR\u00cdCIO MORAES<\/a><\/strong> <a href=\"https:\/\/piaui.folha.uol.com.br\/lupa\/colaborador\/mauricio-moraes\/\"><\/a>e<strong><a href=\"https:\/\/piaui.folha.uol.com.br\/lupa\/colaborador\/nathalia-afonso\/\">NATH\u00c1LIA AFONSO<\/a><\/strong>, na Ag\u00eancia Lupa<br><\/p>\n\n\n\n<!--more-->\n\n\n\n<p>Nesta ter\u00e7a-feira (22), o presidente Jair Bolsonaro (sem partido) discursou na sess\u00e3o de abertura da 75\u00aa Assembleia Geral da Organiza\u00e7\u00e3o das Na\u00e7\u00f5es Unidas (ONU). Na ocasi\u00e3o, o presidente defendeu as a\u00e7\u00f5es tomadas pelo governo brasileiro contra a Covid-19 e acusou opositores de fazer uma suposta campanha de desinforma\u00e7\u00e3o sobre as queimadas na Amaz\u00f4nia e no Pantanal. A&nbsp;<strong>Lupa&nbsp;<\/strong>checou algumas das principais declara\u00e7\u00f5es de Bolsonaro, confira:<\/p>\n\n\n\n<p><strong>\u201cPor decis\u00e3o judicial, todas as medidas de isolamento e restri\u00e7\u00f5es de liberdade foram delegadas a cada um dos 27 governadores das unidades da Federa\u00e7\u00e3o\u201d<\/strong><em>Jair Bolsonaro (sem partido), presidente da Rep\u00fablica, em&nbsp;<\/em><a href=\"https:\/\/youtu.be\/yr5YD2pdHJU\" target=\"_blank\" rel=\"noreferrer noopener\"><em>discurso de abertura<\/em><\/a><em>&nbsp;da 75\u00aa Assembleia Geral da ONU em 22 de setembro de 2020<\/em><strong>FALSO<\/strong><\/p>\n\n\n\n<p>O Supremo Tribunal Federal (STF) julgou tr\u00eas a\u00e7\u00f5es e entendeu que os governadores e prefeitos t\u00eam autonomia para tra\u00e7ar planos de combate ao novo coronav\u00edrus em seus respectivos territ\u00f3rios. Com isso, essas autoridades tiveram o poder de estabelecer a\u00e7\u00f5es locais como quarentena e fechamento do com\u00e9rcio. Isso n\u00e3o significa, por\u00e9m, que medidas de isolamento s\u00f3 podem ser realizadas pelos estados, e sim que a Uni\u00e3o n\u00e3o pode interferir em medidas tomadas por eles.<\/p>\n\n\n\n<p>Na<a href=\"http:\/\/portal.stf.jus.br\/processos\/detalhe.asp?incidente=5880765\" target=\"_blank\" rel=\"noreferrer noopener\">&nbsp;A\u00e7\u00e3o Direta de Inconstitucionalidade (ADI) 6.341<\/a>, o Supremo decidiu que os governos municipais e estaduais podiam&nbsp;<a href=\"http:\/\/www.stf.jus.br\/arquivo\/cms\/noticiaNoticiaStf\/anexo\/ADI6341.pdf\" target=\"_blank\" rel=\"noreferrer noopener\">determinar o isolamento social, quarentena e fechamento do com\u00e9rcio<\/a>. J\u00e1 na&nbsp;<a href=\"http:\/\/portal.stf.jus.br\/processos\/detalhe.asp?incidente=5881008\">ADI 6.343<\/a>, os ministros entenderam que os&nbsp;<a href=\"http:\/\/www.stf.jus.br\/arquivo\/cms\/noticiaNoticiaStf\/anexo\/ADI6343decisao.pdf\" target=\"_blank\" rel=\"noreferrer noopener\">governadores e prefeitos poderiam restringir a locomo\u00e7\u00e3o interestadual e intermunicipal<\/a>, caso achem necess\u00e1rio. Por \u00faltimo, na<a href=\"http:\/\/www.stf.jus.br\/arquivo\/cms\/noticiaNoticiaStf\/anexo\/ADPF672liminar.pdf\" target=\"_blank\" rel=\"noreferrer noopener\">&nbsp;Argui\u00e7\u00e3o de descumprimento de Preceito Fundamental (ADPF) 672<\/a>, o ministro Alexandre de Moraes decidiu que as autoridades estaduais e municipais tinham compet\u00eancia para manter medidas adotadas para combater a pandemia. Nenhuma das decis\u00f5es afastava a possibilidade de o Governo Federal tomar medidas para a conten\u00e7\u00e3o do novo coronav\u00edrus, incluindo medidas de isolamento social.<\/p>\n\n\n\n<p>Em junho, Bolsonaro&nbsp;<a href=\"https:\/\/twitter.com\/jairbolsonaro\/status\/1274096953450790914\" target=\"_blank\" rel=\"noreferrer noopener\">usou o Twitter<\/a>&nbsp;para dizer que o Supremo determinou \u201cque as a\u00e7\u00f5es diretas em rela\u00e7\u00e3o \u00e0 Covid-19 s\u00e3o de responsabilidade de estados e munic\u00edpios\u201d. Essa informa\u00e7\u00e3o n\u00e3o est\u00e1 correta, como explicado anteriormente. O STF decidiu apenas que o governo federal n\u00e3o poderia interferir em a\u00e7\u00f5es adotadas pelos governos estaduais e municipais.&nbsp;As a\u00e7\u00f5es julgadas pelo \u00f3rg\u00e3o n\u00e3o isentava o governo federal de realizar medidas de combate ao v\u00edrus e a doen\u00e7a. Ele repetiu essa afirma\u00e7\u00e3o em diversas ocasi\u00f5es.<\/p>\n\n\n\n<p>Ministros do Supremo Tribunal tamb\u00e9m se posicionaram publicamente sobre as a\u00e7\u00f5es julgadas. A ministra&nbsp;<a href=\"https:\/\/noticias.uol.com.br\/politica\/ultimas-noticias\/2020\/06\/24\/acho-dificil-superar-a-pandemia-com-esse-desgoverno-diz-carmen-lucia.htm\" target=\"_blank\" rel=\"noreferrer noopener\">C\u00e1rmen L\u00facia criticou medidas do poder p\u00fablico<\/a>&nbsp;e disse que as decis\u00f5es do Supremo mostram que a responsabilidade \u00e9 dos tr\u00eas n\u00edveis federativos e que o combate ao v\u00edrus precisa ser uma colabora\u00e7\u00e3o. O ministro Marco Aur\u00e9lio, por sua vez,&nbsp;<a href=\"https:\/\/brpolitico.com.br\/noticias\/marco-aurelio-refuta-alibi-de-bolsonaro-para-omissao-na-pandemia\/\" target=\"_blank\" rel=\"noreferrer noopener\">disse que as decis\u00f5es do Supremo n\u00e3o tiravam a responsabilidade do governo federal<\/a>. \u201c\u00c9 letra expressa da Constitui\u00e7\u00e3o Federal: cumpre \u00e0 Uni\u00e3o, a Estados, munic\u00edpios e ao Distrito Federal cuidar da Sa\u00fade e legislar sobre a sa\u00fade\u201d, declarou.<\/p>\n\n\n\n<hr class=\"wp-block-separator\"\/>\n\n\n\n<p><strong>\u201c[Nosso governo] concedeu aux\u00edlio emergencial em parcelas que somam aproximadamente US$ 1 mil\u201d<\/strong><em>Jair Bolsonaro (sem partido), presidente da Rep\u00fablica, em&nbsp;<\/em><a href=\"https:\/\/youtu.be\/yr5YD2pdHJU\" target=\"_blank\" rel=\"noreferrer noopener\"><em>discurso de abertura<\/em><\/a><em>&nbsp;da 75\u00aa Assembleia Geral da ONU em 22 de setembro de 2020<\/em><strong>EXAGERADO<\/strong><\/p>\n\n\n\n<p>O governo federal comprometeu-se a pagar nove parcelas do aux\u00edlio emergencial para quem se cadastrou em abril no programa. Os primeiros&nbsp;<a href=\"https:\/\/www.gov.br\/pt-br\/noticias\/assistencia-social\/2020\/06\/governo-anuncia-a-prorrogacao-do-auxilio-emergencial-por-dois-meses#:~:text=Governo%20anuncia%20a%20prorroga%C3%A7%C3%A3o%20do%20Aux%C3%ADlio%20Emergencial%20por%20dois%20meses,-64%2C5%20milh%C3%B5es&amp;text=O%20Governo%20Federal%20anunciou%20mais,presidente%20da%20Rep%C3%BAblica%2C%20Jair%20Bolsonaro.\" target=\"_blank\" rel=\"noreferrer noopener\">cinco dep\u00f3sitos do benef\u00edcio foram de R$ 600 cada um<\/a>, enquanto&nbsp;<a href=\"https:\/\/www.in.gov.br\/en\/web\/dou\/-\/medida-provisoria-n-1.000-de-2-de-setembro-de-2020-275657334\" target=\"_blank\" rel=\"noreferrer noopener\">os quatro \u00faltimos tiveram o valor reduzido para R$ 300<\/a>. A ajuda soma, portanto, R$ 4.200, equivalentes a US$ 772, segundo&nbsp;<a href=\"https:\/\/www.bcb.gov.br\/estabilidadefinanceira\/historicocotacoes\" target=\"_blank\" rel=\"noreferrer noopener\">a cota\u00e7\u00e3o da moeda norte-americana no fechamento do dia 21 de setembro (R$ 5,44)<\/a>. O n\u00famero \u00e9 22,8% menor do que o citado pelo presidente no discurso da ONU.<\/p>\n\n\n\n<p>Nem todas as pessoas com direito ao benef\u00edcio, no entanto, v\u00e3o receber esse valor integralmente.&nbsp;<a href=\"https:\/\/www.in.gov.br\/en\/web\/dou\/-\/medida-provisoria-n-1.000-de-2-de-setembro-de-2020-275657334\" target=\"_blank\" rel=\"noreferrer noopener\">Segundo a Medida Provis\u00f3ria n\u00ba 1.000\/2020<\/a>, que prorrogou o aux\u00edlio emergencial por mais quatro parcelas de R$ 300, os pagamentos v\u00e3o ocorrer at\u00e9 31 de dezembro deste ano, independentemente da quantidade de parcelas j\u00e1 recebidas. Com isso, quem entrou no programa meses depois de seu in\u00edcio ter\u00e1 direito a uma soma total menor do benef\u00edcio.&nbsp;<\/p>\n\n\n\n<p>O aux\u00edlio emergencial&nbsp;<a href=\"https:\/\/www1.folha.uol.com.br\/mercado\/2020\/04\/bolsonaro-anuncia-sancao-de-auxilio-de-r-600-para-aliviar-impacto-do-coronavirus.shtml\" target=\"_blank\" rel=\"noreferrer noopener\">foi aprovado pelo Congresso em mar\u00e7o deste ano<\/a>, e sancionado por Bolsonaro em 1\u00ba de abril. Inicialmente, a proposta do governo era de um aux\u00edlio de R$ 200. O relator da proposta na C\u00e2mara, o deputado federal Marcelo Aro (PP-MG),&nbsp;<a href=\"https:\/\/www.camara.leg.br\/noticias\/648772--RELATOR-PROPOE-AUXILIO-EMERGENCIAL-DE-R-500-PARA-PESSOAS-DE-BAIXA-RENDA\" target=\"_blank\" rel=\"noreferrer noopener\">prop\u00f4s aumentar para R$ 500<\/a>, com apoio da maioria dos congressistas. O&nbsp;<a href=\"https:\/\/economia.uol.com.br\/noticias\/redacao\/2020\/03\/26\/bolsonaro-aumenta-valor-apos-fala-de-maia-e-propoe-r-600-a-trabalhadores.htm\" target=\"_blank\" rel=\"noreferrer noopener\">governo passou a defender<\/a>, ent\u00e3o, o valor de R$ 600, que foi aprovado pelos deputados e senadores.<\/p>\n\n\n\n<hr class=\"wp-block-separator\"\/>\n\n\n\n<p><strong>\u201c[Nosso governo] concedeu aux\u00edlio emergencial (\u2026) para 65 milh\u00f5es de pessoas\u201d<\/strong><em>Jair Bolsonaro (sem partido), presidente da Rep\u00fablica, em&nbsp;<\/em><a href=\"https:\/\/youtu.be\/yr5YD2pdHJU\"><em>discurso de abertura<\/em><\/a><em>&nbsp;da 75\u00aa Assembleia Geral da ONU em 22 de setembro de 2020<\/em><strong>VERDADEIRO<\/strong><\/p>\n\n\n\n<p>Os dados do&nbsp;<a href=\"http:\/\/www.portaltransparencia.gov.br\/beneficios\" target=\"_blank\" rel=\"noreferrer noopener\">Portal da Transpar\u00eancia<\/a>&nbsp;mostram que o governo federal pagou&nbsp;<a href=\"https:\/\/docs.google.com\/spreadsheets\/d\/1c2v9BjKYSezHVb28Si3mNut7dpQqrx6hF3LXs1v-Bek\/edit?usp=sharing\" target=\"_blank\" rel=\"noreferrer noopener\">parcelas do aux\u00edlio emergencial para 65.601.741 pessoas<\/a>. O estado com o maior n\u00famero de benefici\u00e1rios foi S\u00e3o Paulo (12 milh\u00f5es), seguido de Minas Gerais (6,1 milh\u00f5es), Bahia (5,6 milh\u00f5es), Rio de Janeiro (5,4 milh\u00f5es) e Pernambuco (3,5 milh\u00f5es).<\/p>\n\n\n\n<hr class=\"wp-block-separator\"\/>\n\n\n\n<p><strong>\u201c[O governo federal] destinou mais de US$ 100 bilh\u00f5es para a\u00e7\u00f5es de sa\u00fade, socorro a pequenas e microempresas, assim como compensou a perda de arrecada\u00e7\u00e3o dos estados e munic\u00edpios\u201d<br><\/strong><em>Jair Bolsonaro (sem partido), presidente da Rep\u00fablica, em&nbsp;<\/em><a href=\"https:\/\/youtu.be\/yr5YD2pdHJU\" target=\"_blank\" rel=\"noreferrer noopener\"><em>discurso de abertura<\/em><\/a><em>&nbsp;da 75\u00aa Assembleia Geral da ONU em 22 de setembro de 2020<\/em><strong>EXAGERADO<\/strong><\/p>\n\n\n\n<p>Segundo o&nbsp;<a href=\"https:\/\/www.tesourotransparente.gov.br\/visualizacao\/painel-de-monitoramentos-dos-gastos-com-covid-19\" target=\"_blank\" rel=\"noreferrer noopener\">monitoramento dos gastos da Uni\u00e3o no combate \u00e0 Covid-19<\/a>, do Tesouro Nacional, foram efetivamente pagos R$ 194 bilh\u00f5es em a\u00e7\u00f5es de sa\u00fade, aux\u00edlio a empresas e compensa\u00e7\u00e3o a estados e munic\u00edpios. Considerando a cota\u00e7\u00e3o do d\u00f3lar em R$ 5,44,&nbsp;<a href=\"https:\/\/www.bcb.gov.br\/estabilidadefinanceira\/historicocotacoes\" target=\"_blank\" rel=\"noreferrer noopener\">valor de fechamento na \u00faltima segunda-feira (21)<\/a>, isso corresponde a cerca de US$ 36 bilh\u00f5es.<\/p>\n\n\n\n<p>O valor citado pelo presidente \u00e9, na verdade, a previs\u00e3o de gastos da Uni\u00e3o com todas as a\u00e7\u00f5es referentes a Covid-19, incluindo o aux\u00edlio emergencial \u2013 que corresponde a 56% do total. Essa previs\u00e3o \u00e9 de R$ 574,32 bilh\u00f5es, o que equivale, na cota\u00e7\u00e3o atual, a mais ou menos 104 bilh\u00f5es de d\u00f3lares. O total efetivamente pago \u00e9 de R$ 411,7 bilh\u00f5es, ou US$ 76 bilh\u00f5es.<\/p>\n\n\n\n<p>Segundo o monitoramento da Uni\u00e3o, at\u00e9 o momento, foram gastos R$ 34,79 bilh\u00f5es em despesas adicionais causadas pela pandemia, incluindo o Minist\u00e9rio da Sa\u00fade. R$ 24,24 bilh\u00f5es foram pagos como benef\u00edcio emergencial para a manuten\u00e7\u00e3o do emprego e renda e 17 bilh\u00f5es para o financiamento do pagamento da folha salarial. R$ 74,24 bilh\u00f5es foram transferidos a estados e munic\u00edpios e R$ 42,90 bilh\u00f5es foram gastos em fundos garantidores de opera\u00e7\u00f5es e de cr\u00e9dito.<\/p>\n\n\n\n<p>O&nbsp;<a href=\"http:\/\/www9.senado.gov.br\/QvAJAXZfc\/opendoc.htm?document=senado%2Fsigabrasilpainelcidadao.qvw&amp;host=QVS%40www9&amp;anonymous=true&amp;Sheet=shOrcamentoVisaoGeral\" target=\"_blank\" rel=\"noreferrer noopener\">Siga Brasil<\/a>, portal do senado Federal sobre o or\u00e7amento, confirma os dados do Tesouro Nacional, com pequenas mudan\u00e7as. A t\u00edtulo de exemplo, o total autorizado para as despesas \u00e9 de R$ 591,86 bilh\u00f5es, enquanto o total pago \u00e9 de R$ 411,1 bilh\u00f5es.&nbsp;<\/p>\n\n\n\n<hr class=\"wp-block-separator\"\/>\n\n\n\n<p><strong>\u201c[O governo] Estimulou, ouvindo profissionais de sa\u00fade, o tratamento precoce da doen\u00e7a\u201d<br><\/strong><em>Jair Bolsonaro (sem partido), presidente da Rep\u00fablica, em&nbsp;<\/em><a href=\"https:\/\/youtu.be\/yr5YD2pdHJU\" target=\"_blank\" rel=\"noreferrer noopener\"><em>discurso de abertura<\/em><\/a><em>&nbsp;da 75\u00aa Assembleia Geral da ONU em 22 de setembro de 2020<\/em><strong>FALSO<\/strong><\/p>\n\n\n\n<p>A informa\u00e7\u00e3o analisada pela&nbsp;<strong>Lupa&nbsp;<\/strong>\u00e9 falsa. Segundo a Organiza\u00e7\u00e3o Mundial da Sa\u00fade (OMS),&nbsp;<a href=\"https:\/\/www.paho.org\/pt\/covid19\" target=\"_blank\" rel=\"noreferrer noopener\">ainda n\u00e3o existe tratamento, rem\u00e9dio ou vacina efetiva contra a Covid-19<\/a>. De acordo com a institui\u00e7\u00e3o, as maneiras mais eficazes de proteger a si e aos outros s\u00e3o limpar frequentemente as m\u00e3os, usar m\u00e1scaras e manter uma dist\u00e2ncia de pelo menos um metro das pessoas.&nbsp;<\/p>\n\n\n\n<p>Sobre o uso da cloroquina e hidroxicloroquina para o tratamento precoce,&nbsp;<a href=\"https:\/\/www.paho.org\/pt\/covid19#cloroquina-hidroxicloroquina\" target=\"_blank\" rel=\"noreferrer noopener\">a OMS diz<\/a>&nbsp;que as evid\u00eancias dispon\u00edveis sobre benef\u00edcios do uso dos medicamentos s\u00e3o \u201cinsuficientes\u201d. \u201cA maioria das pesquisas at\u00e9 agora sugere que n\u00e3o h\u00e1 benef\u00edcio e j\u00e1 foram emitidos alertas sobre efeitos colaterais do medicamento\u201d, diz.<\/p>\n\n\n\n<p>Em junho, o&nbsp;<a href=\"https:\/\/www.saude.gov.br\/noticias\/agencia-saude\/47067-ministerio-da-saude-amplia-orientacoes-para-uso-da-cloroquina-2\" target=\"_blank\" rel=\"noreferrer noopener\">Minist\u00e9rio da Sa\u00fade atualizou o protocolo<\/a>&nbsp;sobre a orienta\u00e7\u00e3o para manuseio da cloroquina e hidroxicloroquina em pacientes com Covid-19. O texto diz que a administra\u00e7\u00e3o do medicamento pode ser feita para casos leves, moderados e graves. O pr\u00f3prio \u00f3rg\u00e3o diz que a orienta\u00e7\u00e3o para a prescri\u00e7\u00e3o do medicamento n\u00e3o \u00e9 obrigat\u00f3ria, j\u00e1 que o protocolo serve somente para dar uma linha geral sobre o manuseio da medica\u00e7\u00e3o. \u201cPermanece a crit\u00e9rio do m\u00e9dico, sendo necess\u00e1ria tamb\u00e9m a vontade declarada do paciente\u201d, diz o texto.&nbsp;<\/p>\n\n\n\n<p>Em 24 de agosto, ao receber um grupo de m\u00e9dicos que defendem o suposto \u201ctratamento precoce\u201d do novo coronav\u00edrus com o uso da hidroxicloroquina,&nbsp;<a href=\"https:\/\/www.gov.br\/planalto\/pt-br\/acompanhe-o-planalto\/noticias\/2020\/08\/medicos-entregam-carta-ao-presidente-defendendo-tratamento-precoce-contra-a-covid-19\" target=\"_blank\" rel=\"noreferrer noopener\">Bolsonaro disse<\/a>&nbsp;que, se o medicamento n\u00e3o tivesse sido \u201cpolitizado\u201d, o Brasil poderia ter salvo as v\u00edtimas do novo coronav\u00edrus. \u201cO momento de salvar vida de algu\u00e9m, n\u00e3o tem pre\u00e7o. [\u2026]&nbsp; Porque, pior que uma decis\u00e3o mal tomada, \u00e9 uma indecis\u00e3o [\u2026]. [Se a cloroquina] n\u00e3o tivesse sido politizada, muito mais vidas poderiam ter sido salvas dessas 115 mil, que o Brasil chegou nesse momento\u201d, declarou o presidente, na ocasi\u00e3o.<\/p>\n\n\n\n<p>Em junho, o Recovery Trial, coordenado pela Universidade de Oxford,&nbsp;<a href=\"https:\/\/www.recoverytrial.net\/news\/statement-from-the-chief-investigators-of-the-randomised-evaluation-of-covid-19-therapy-recovery-trial-on-hydroxychloroquine-5-june-2020-no-clinical-benefit-from-use-of-hydroxychloroquine-in-hospitalised-patients-with-covid-19\" target=\"_blank\" rel=\"noreferrer noopener\">suspendeu testes com o rem\u00e9dio<\/a>&nbsp;ao notar que ele n\u00e3o mostrou nenhum benef\u00edcio no tratamento da doen\u00e7a em rela\u00e7\u00e3o ao grupo-controle. Ao todo, 1.532 pacientes foram medicados, em testes randomizados. Em julho, foi a vez do Solidarity Trial, coordenado pela Organiza\u00e7\u00e3o Mundial da Sa\u00fade (OMS),&nbsp;<a href=\"https:\/\/www.who.int\/emergencies\/diseases\/novel-coronavirus-2019\/global-research-on-novel-coronavirus-2019-ncov\/solidarity-clinical-trial-for-covid-19-treatments\" target=\"_blank\" rel=\"noreferrer noopener\">encerrar testes com hidroxicloroquina<\/a>. Assim como no Recovery Trial, a droga n\u00e3o mostrou benef\u00edcios no tratamento.<\/p>\n\n\n\n<p>Um estudo brasileiro&nbsp;<a href=\"https:\/\/www.nejm.org\/doi\/full\/10.1056\/NEJMoa2019014\" target=\"_blank\" rel=\"noreferrer noopener\">publicado em julho no peri\u00f3dico New England Journal of Medicine<\/a>&nbsp;tamb\u00e9m comprovou que a&nbsp;<a href=\"https:\/\/piaui.folha.uol.com.br\/lupa\/2020\/07\/27\/lupa-na-ciencia-estudo-brasileiro\/\" target=\"_blank\" rel=\"noreferrer noopener\">hidroxicloroquina \u00e9 ineficaz<\/a>&nbsp;no tratamento de casos leves e moderados da Covid-19. Foi um ensaio cl\u00ednico multic\u00eantrico, randomizado e controlado, realizado com centenas de pacientes.&nbsp;<\/p>\n\n\n\n<hr class=\"wp-block-separator\"\/>\n\n\n\n<p><strong>\u201c[O governo federal] Destinou mais de US$ 400 milh\u00f5es para a pesquisa, desenvolvimento e produ\u00e7\u00e3o da vacina de Oxford no Brasil\u201d<br><\/strong><em>Jair Bolsonaro (sem partido), presidente da Rep\u00fablica, em&nbsp;<\/em><a href=\"https:\/\/youtu.be\/yr5YD2pdHJU\" target=\"_blank\" rel=\"noreferrer noopener\"><em>discurso de abertura<\/em><\/a><em>&nbsp;da 75\u00aa Assembleia Geral da ONU em 22 de setembro de 2020<\/em><strong>EXAGERADO<\/strong><\/p>\n\n\n\n<p>A informa\u00e7\u00e3o analisada pela&nbsp;<strong>Lupa<\/strong>&nbsp;\u00e9 exagerada. Em 6 de agosto, o presidente Jair Bolsonaro&nbsp;<a href=\"https:\/\/www.saude.gov.br\/noticias\/agencia-saude\/47321-presidente-assina-medida-provisoria-que-garante-producao-de-vacina-contra-a-covid-19\" target=\"_blank\" rel=\"noreferrer noopener\">assinou Medida Provis\u00f3ria<\/a>&nbsp;que viabiliza recursos para produ\u00e7\u00e3o e aquisi\u00e7\u00e3o de uma vacina em desenvolvimento contra a Covid-19, produzida pelo laborat\u00f3rio AstraZeneca e Universidade de Oxford. A proposta prev\u00ea um cr\u00e9dito or\u00e7ament\u00e1rio extraordin\u00e1rio de R$ 1,9 bilh\u00e3o para que a Funda\u00e7\u00e3o Oswaldo Cruz (Fiocruz) possa dar in\u00edcio \u00e0 produ\u00e7\u00e3o da vacina. No&nbsp;<a href=\"https:\/\/www.bcb.gov.br\/estabilidadefinanceira\/historicocotacoes\" target=\"_blank\" rel=\"noreferrer noopener\">fechamento da \u00faltima segunda-feira (21)<\/a>, o d\u00f3lar valia R$ 5,44. Esse valor corresponde, portanto, a cerca de US$ 351 milh\u00f5es \u2013 ou seja, abaixo do citado pelo presidente, de US$ 400 milh\u00f5es.<\/p>\n\n\n\n<p>Os recursos&nbsp;<a href=\"https:\/\/www.camara.leg.br\/noticias\/682855-mp-destina-r-1995-bilhao-para-desenvolvimento-de-vacina-contra-covid-19\/\" target=\"_blank\" rel=\"noreferrer noopener\">ser\u00e3o oriundos de opera\u00e7\u00f5es de cr\u00e9dito<\/a>&nbsp;(emiss\u00e3o de t\u00edtulos p\u00fablicos). Do total, R$ 1,3 bilh\u00e3o corresponder\u00e1 \u00e0 encomenda tecnol\u00f3gica. A Bio-Manguinhos, que \u00e9 a unidade da Fiocruz produtora de vacinas, receber\u00e1 investimentos de R$ 522 milh\u00f5es, para ampliar a produ\u00e7\u00e3o de vacinas e tecnologia dispon\u00edvel para a prote\u00e7\u00e3o da popula\u00e7\u00e3o. Segundo o governo federal, o valor investido garante a produ\u00e7\u00e3o e a entrega de 100 milh\u00f5es de doses.&nbsp;<\/p>\n\n\n\n<p>Em junho,&nbsp;<a href=\"https:\/\/www.gov.br\/pt-br\/noticias\/saude-e-vigilancia-sanitaria\/2020\/06\/brasil-entra-em-parceria-para-producao-de-vacina-contra-covid-19\" target=\"_blank\" rel=\"noreferrer noopener\">quando anunciou o acordo<\/a>, o Minist\u00e9rio da Sa\u00fade disse que a previs\u00e3o \u00e9 de que as primeiras doses sejam disponibilizadas em dezembro deste ano e janeiro de 2021.<\/p>\n\n\n\n<hr class=\"wp-block-separator\"\/>\n\n\n\n<p><strong>\u201cSomos l\u00edderes em conserva\u00e7\u00e3o de florestas tropicais\u201d<\/strong><em>Jair Bolsonaro (sem partido), presidente da Rep\u00fablica, em<\/em><a href=\"https:\/\/youtu.be\/yr5YD2pdHJU\" target=\"_blank\" rel=\"noreferrer noopener\">&nbsp;<em>discurso de abertura<\/em><\/a><em>&nbsp;da 75\u00aa Assembleia Geral da ONU em 22 de setembro de 2020<\/em><strong>FALSO<\/strong><\/p>\n\n\n\n<p>Um ter\u00e7o da perda de florestas tropicais prim\u00e1rias do mundo foi registrado no Brasil, segundo<a href=\"https:\/\/www.globalforestwatch.org\/dashboards\/country\/BRA\/?category=summary&amp;dashboardPrompts=eyJzaG93UHJvbXB0cyI6dHJ1ZSwicHJvbXB0c1ZpZXdlZCI6WyJ2aWV3TmF0aW9uYWxEYXNoYm9hcmRzIl0sInNldHRpbmdzIjp7InNob3dQcm9tcHRzIjp0cnVlLCJwcm9tcHRzVmlld2VkIjpbXSwic2V0dGluZ3Mi\" target=\"_blank\" rel=\"noreferrer noopener\">&nbsp;dados<\/a>&nbsp;de junho de 2020 da Global Forest Watch, organiza\u00e7\u00e3o n\u00e3o-governamental que faz o monitoramento de florestas em todo o mundo. O pa\u00eds est\u00e1 em primeiro lugar na lista dos 10 principais pa\u00edses tropicais que perderam mais floresta prim\u00e1ria em 2019.<\/p>\n\n\n\n<p>Al\u00e9m disso, segundo o<a href=\"https:\/\/epi.yale.edu\/epi-results\/2020\/component\/epi\" target=\"_blank\" rel=\"noreferrer noopener\">&nbsp;\u00cdndice de Desempenho Ambiental<\/a>&nbsp;(EPI, na sigla em ing\u00eas), estudo publicado em julho de 2020 pelas universidades de Yale e Columbia, nos Estados Unidos, o Brasil ocupa o 114\u00ba lugar na categoria que mede a perda anual de \u00e1rea florestal proporcional ao territ\u00f3rio, considerando m\u00e9dia dos \u00faltimos cinco anos. Nesta categoria, o pa\u00eds est\u00e1<a href=\"https:\/\/epi.yale.edu\/epi-results\/2020\/component\/tcl\" target=\"_blank\" rel=\"noreferrer noopener\">&nbsp;atr\u00e1s<\/a>&nbsp;de todos os outros pa\u00edses amaz\u00f4nicos: Bol\u00edvia, Peru, Equador, Col\u00f4mbia, Venezuela, Guiana e Suriname \u2013 n\u00e3o h\u00e1 dados espec\u00edficos para a Guiana Francesa. No ranking geral de desempenho ambiental, o pa\u00eds ficou em 55\u00ba lugar.<\/p>\n\n\n\n<hr class=\"wp-block-separator\"\/>\n\n\n\n<p><strong>\u201cSomos respons\u00e1veis por apenas 3% da emiss\u00e3o de carbono\u201d<br><\/strong><em>Jair Bolsonaro (sem partido), presidente da Rep\u00fablica, em<\/em><a href=\"https:\/\/youtu.be\/yr5YD2pdHJU\" target=\"_blank\" rel=\"noreferrer noopener\">&nbsp;<em>discurso de abertura<\/em><\/a><em>&nbsp;da 75\u00aa Assembleia Geral da ONU em 22 de setembro de 2020<\/em><strong>EXAGERADO<\/strong><\/p>\n\n\n\n<p>Os&nbsp;<a href=\"http:\/\/www.globalcarbonatlas.org\/en\/CO2-emissions\" target=\"_blank\" rel=\"noreferrer noopener\">dados do Global Carbon Atlas mostram que o Brasil foi respons\u00e1vel por 1,3% da emiss\u00e3o de di\u00f3xido de carbono no mundo em 2018<\/a>, dados mais recentes. Naquele ano, todos os pa\u00edses somados emitiram 36.573 megatoneladas do g\u00e1s. Desse total, o Brasil foi respons\u00e1vel por 457 megatoneladas. Em n\u00fameros absolutos, o Brasil foi o 14\u00ba pa\u00eds que mais emitiu essa subst\u00e2ncia \u2013 China, Estados Unidos e \u00cdndia lideram esse ranking. O n\u00famero \u00e9, portanto, menor que o citado por Bolsonaro.<\/p>\n\n\n\n<p>Contudo, proporcionalmente, o pa\u00eds emite relativamente pouco di\u00f3xido de carbono, se comparado com o resto do mundo. Entre 214 pa\u00edses avaliados, o pa\u00eds est\u00e1 em 126\u00ba lugar, emitindo 2,2 toneladas de carbono por habitante ao ano \u2013 o Qatar, l\u00edder nesse quesito, emite 38 toneladas. Em outra avalia\u00e7\u00e3o feita pelo Global Carbon Atlas, relacionando a emiss\u00e3o, a popula\u00e7\u00e3o e o PIB, o Brasil aparece na 98\u00aa coloca\u00e7\u00e3o, de 137 dispon\u00edveis.&nbsp;<\/p>\n\n\n\n<p>O dado mencionado pelo presidente Jair Bolsonaro (sem partido) estaria correto levando em considera\u00e7\u00e3o a emiss\u00e3o de todos os gases do efeito estufa \u2013 o que inclui tamb\u00e9m, por exemplo, metano e \u00f3xido de nitrog\u00eanio. Segundo&nbsp;<a href=\"http:\/\/seeg.eco.br\/infografico\" target=\"_blank\" rel=\"noreferrer noopener\">o Sistema de Estimativas de Emiss\u00f5es de Gases de Efeito Estufa (Seeg)<\/a>, o Brasil \u00e9 respons\u00e1vel por&nbsp;<a href=\"https:\/\/seeg-br.s3.amazonaws.com\/SEEG-infografico-Brasil2-BR-2018-rev_1.jpg\" target=\"_blank\" rel=\"noreferrer noopener\">3,4% da emiss\u00e3o desses gases em 2018<\/a>, sendo considerado o sexto maior emissor de gases do efeito estufa. Com isso, o pa\u00eds fica atr\u00e1s apenas da China, Estados Unidos, \u00cdndia, Indon\u00e9sia e R\u00fassia.&nbsp;<\/p>\n\n\n\n<hr class=\"wp-block-separator\"\/>\n\n\n\n<p><strong>\u201cNunca exportamos tanto [alimento]\u201d<br><\/strong><em>Jair Bolsonaro (sem partido), presidente da Rep\u00fablica, em<\/em><a href=\"https:\/\/youtu.be\/yr5YD2pdHJU\" target=\"_blank\" rel=\"noreferrer noopener\">&nbsp;<em>discurso de abertura<\/em><\/a><em>&nbsp;da 75\u00aa Assembleia Geral da ONU em 22 de setembro de 2020<\/em><strong>VERDADEIRO<\/strong><\/p>\n\n\n\n<p>A exporta\u00e7\u00e3o de produtos aliment\u00edcios pelo Brasil foi recorde entre janeiro e agosto deste ano, de acordo com&nbsp;<a href=\"http:\/\/comexstat.mdic.gov.br\/pt\/geral\" target=\"_blank\" rel=\"noreferrer noopener\">a s\u00e9rie hist\u00f3rica do Minist\u00e9rio da Economia, iniciada em 1997<\/a>. Os embarques somaram&nbsp;<a href=\"https:\/\/docs.google.com\/spreadsheets\/d\/1zsCUcfzzwRHOSGv632bNQ11zlh5lWaENbUOl9YrlI7w\/edit?usp=sharing\" target=\"_blank\" rel=\"noreferrer noopener\">130,2 milh\u00f5es de toneladas<\/a>, contra 111,2 milh\u00f5es de toneladas no mesmo per\u00edodo em 2019 e 108,9 milh\u00f5es de toneladas em 2018.<\/p>\n\n\n\n<p>O valor obtido com essas vendas tamb\u00e9m foi o maior da s\u00e9rie hist\u00f3rica. As exporta\u00e7\u00f5es de alimentos alcan\u00e7aram US$ 56,7 bilh\u00f5es de janeiro a agosto deste ano. A quantia representa uma alta em valores nominais em rela\u00e7\u00e3o ao mesmo per\u00edodo de 2019 (US$ 49,9 bilh\u00f5es) e 2018 (US$ 54 bilh\u00f5es), que teve a segunda maior quantia registrada.<\/p>\n\n\n\n<hr class=\"wp-block-separator\"\/>\n\n\n\n<p><strong>\u201cMantenho minha pol\u00edtica de toler\u00e2ncia zero com crime ambiental\u201d<\/strong><em>Jair Bolsonaro (sem partido), presidente da Rep\u00fablica, em<\/em><a href=\"https:\/\/youtu.be\/yr5YD2pdHJU\" target=\"_blank\" rel=\"noreferrer noopener\">&nbsp;<em>discurso de abertura<\/em><\/a><em>&nbsp;da 75\u00aa Assembleia Geral da ONU em 22 de setembro de 2020<\/em><strong>FALSO<\/strong><\/p>\n\n\n\n<p>A informa\u00e7\u00e3o analisada pela&nbsp;<strong>Lupa&nbsp;<\/strong>\u00e9 falsa. Segundo<a href=\"https:\/\/apublica.org\/2020\/08\/governo-bolsonaro-reduz-multas-em-municipios-onde-desmatamento-cresce\/#Link1\" target=\"_blank\" rel=\"noreferrer noopener\">&nbsp;levantamento<\/a>&nbsp;feito pela Ag\u00eancia P\u00fablica, o Instituto Brasileiro do Meio Ambiente (Ibama) multou 40% a menos entre janeiro e julho de 2020 em rela\u00e7\u00e3o ao mesmo per\u00edodo de 2019. A diminui\u00e7\u00e3o no ritmo de autua\u00e7\u00f5es coincide com o aumento do<a href=\"http:\/\/terrabrasilis.dpi.inpe.br\/app\/dashboard\/deforestation\/biomes\/legal_amazon\/increments\" target=\"_blank\" rel=\"noreferrer noopener\">&nbsp;desmatamento<\/a>&nbsp;e o&nbsp;<a href=\"http:\/\/queimadas.dgi.inpe.br\/queimadas\/portal-static\/situacao-atual\/\" target=\"_blank\" rel=\"noreferrer noopener\">n\u00famero recorde de focos<\/a>&nbsp;de inc\u00eandio nos biomas da Amaz\u00f4nia e do Pantanal. Investiga\u00e7\u00f5es em curso pelo Minist\u00e9rio P\u00fablico Federal (MPF) tamb\u00e9m avaliam a\u00e7\u00f5es que teriam prejudicado a fiscaliza\u00e7\u00e3o de crimes ambientais.&nbsp;<\/p>\n\n\n\n<p>O \u00f3rg\u00e3o apura, por exemplo, a<a href=\"http:\/\/www.mpf.mp.br\/df\/sala-de-imprensa\/noticias-df\/mpf-abre-investigacao-sobre-a-exoneracao-do-diretor-de-protecao-ambiental-do-ibama\" target=\"_blank\" rel=\"noreferrer noopener\">&nbsp;exonera\u00e7\u00e3o<\/a>&nbsp;do diretor de Prote\u00e7\u00e3o Ambiental do Ibama, Olivaldi Alves Borges Azevedo, em abril de 2020. Ele coordenava uma opera\u00e7\u00e3o de fiscaliza\u00e7\u00e3o contra garimpo e desmatamento ilegal em terras ind\u00edgenas no Par\u00e1 quando foi afastado.&nbsp;<\/p>\n\n\n\n<p>O MPF tamb\u00e9m investiga o uso de um avi\u00e3o da For\u00e7a A\u00e9rea Brasileira (FAB) para<a href=\"http:\/\/www.mpf.mp.br\/pa\/sala-de-imprensa\/noticias-pa\/mpf-abre-investigacao-por-uso-de-aviao-da-fab-para-transportar-garimpeiros-ate-brasilia\" target=\"_blank\" rel=\"noreferrer noopener\">&nbsp;transportar garimpeiros ilegais<\/a>&nbsp;do Par\u00e1 para uma reuni\u00e3o no Minist\u00e9rio do Meio Ambiente. No dia 6 de agosto, o ministro do Meio Ambiente, Ricardo Salles, recebeu a comitiva em Bras\u00edlia, segundo a<a href=\"https:\/\/epoca.globo.com\/brasil\/ministro-do-meio-ambiente-recebeu-garimpeiros-ilegais-em-conversa-fora-da-agenda-sem-registros-24621378\" target=\"_blank\" rel=\"noreferrer noopener\">&nbsp;revista \u00c9poca<\/a>. A reuni\u00e3o n\u00e3o consta na&nbsp;<a href=\"https:\/\/mma.gov.br\/agenda-de-autoridades.html?view=autoridade&amp;amp;dia=2020-08-06&amp;amp;id=18\" target=\"_blank\" rel=\"noreferrer noopener\">agenda oficial<\/a>&nbsp;do ministro.<\/p>\n\n\n\n<p>A<a href=\"https:\/\/www.dw.com\/pt-br\/viol%C3%AAncia-e-destrui%C3%A7%C3%A3o-ambiental-avan%C3%A7am-durante-a-pandemia\/a-53455339\" target=\"_blank\" rel=\"noreferrer noopener\">&nbsp;perda de autonomia<\/a>&nbsp;e de servidores de \u00f3rg\u00e3os como o Instituto Chico Mendes de Conserva\u00e7\u00e3o da Biodiversidade (ICMBio) e o Ibama, al\u00e9m de<a href=\"https:\/\/einvestidor.estadao.com.br\/ultimas-noticias\/ibama-e-meio-ambiente-omitem-dados-sobre-areas-embargadas-por-crime-ambiental#:~:text=Os%20dados%20de%20%C3%A1reas%20embargadas,para%20plantio%20e%20produ%C3%A7%C3%A3o%20animal.\" target=\"_blank\" rel=\"noreferrer noopener\">&nbsp;omiss\u00e3o de dados<\/a>&nbsp;sobre \u00e1reas embargadas, vem sendo relatada na imprensa desde o come\u00e7o da gest\u00e3o de Jair Bolsonaro.&nbsp;<\/p>\n\n\n\n<hr class=\"wp-block-separator\"\/>\n\n\n\n<p><strong>\u201cAs grandes queimadas s\u00e3o consequ\u00eancias inevit\u00e1veis da alta temperatura local somada ao ac\u00famulo de massa org\u00e2nica em decomposi\u00e7\u00e3o\u201d<br><\/strong><em>Jair Bolsonaro (sem partido), presidente da Rep\u00fablica, em&nbsp;<\/em><a href=\"https:\/\/youtu.be\/yr5YD2pdHJU\" target=\"_blank\" rel=\"noreferrer noopener\"><em>discurso de abertura<\/em><\/a><em>&nbsp;da 75\u00aa Assembleia Geral da ONU em 22 de setembro de 2020<\/em><strong>INSUSTENT\u00c1VEL<\/strong><\/p>\n\n\n\n<p>A informa\u00e7\u00e3o analisada pela&nbsp;<strong>Lupa<\/strong>&nbsp;\u00e9 insustent\u00e1vel. O Pantanal vive, atualmente, a&nbsp;<a href=\"https:\/\/www.bbc.com\/portuguese\/brasil-53662968\" target=\"_blank\" rel=\"noreferrer noopener\">pior seca registrada desde a d\u00e9cada de 1960<\/a>, mas isso n\u00e3o significa que as queimadas sejam uma \u201cconsequ\u00eancia inevit\u00e1vel\u201d da condi\u00e7\u00e3o ambiental. Segundo a Pol\u00edcia Federal (PF), uma das hip\u00f3teses do aumento das queimadas no Pantanal \u00e9 a a\u00e7\u00e3o criminosa, conforme investiga\u00e7\u00f5es do \u00f3rg\u00e3o.<\/p>\n\n\n\n<p>Na segunda-feira (14), a PF&nbsp;<a href=\"https:\/\/www.gov.br\/pf\/pt-br\/assuntos\/noticias\/2020\/09-Noticias-de-setembro-de-2020\/pf-deflagra-operacao-mataa-contra-crimes-ambientais-decorrentes-das-queimadas-no-pantanal-de-mato-grosso-do-sul\" target=\"_blank\" rel=\"noreferrer noopener\">deflagrou a Opera\u00e7\u00e3o Mat\u00e1\u00e1<\/a>, nas cidades de Corumb\u00e1 e Campo Grande (MS), para apurar a responsabilidade criminal pelas queimadas na regi\u00e3o do Pantanal Sul. No domingo (20), o&nbsp;<a href=\"https:\/\/g1.globo.com\/fantastico\/noticia\/2020\/09\/20\/no-pantanal-imagens-mostram-caminho-do-fogo-e-pf-suspeita-de-acao-criminosa-em-fazendas.ghtml\" target=\"_blank\" rel=\"noreferrer noopener\">Fant\u00e1stico veiculou uma reportagem exclusiva<\/a>&nbsp;sobre a Opera\u00e7\u00e3o Mat\u00e1\u00e1. Quatro fazendas v\u00eam sendo investigadas por terem iniciado as queimadas na regi\u00e3o, refor\u00e7ando a suspeita de inc\u00eandio proposital, conforme a PF. Segundo a PF, o dano ambiental apurado supera mais de 25 mil hectares do bioma pantaneiro.<\/p>\n\n\n\n<p><a href=\"http:\/\/queimadas.dgi.inpe.br\/queimadas\/portal-static\/estatisticas_estados\/\" target=\"_blank\" rel=\"noreferrer noopener\">Dados consolidados do Instituto Nacional de Pesquisas Espaciais (Inpe)<\/a>&nbsp;apontam que o bioma Pantanal registrou 16.119 queimadas de&nbsp;<a href=\"https:\/\/piaui.folha.uol.com.br\/lupa\/wp-content\/uploads\/2020\/09\/dados-inpe-21_set.jpg\" target=\"_blank\" rel=\"noreferrer noopener\">1\u00ba de janeiro at\u00e9 21 de setembro deste ano<\/a>, contra 5.652 no mesmo per\u00edodo do ano passado \u2013 um aumento que representa mais de 185%. Os inc\u00eandios v\u00eam se alastrando com mais for\u00e7a&nbsp;<a href=\"https:\/\/g1.globo.com\/natureza\/noticia\/2020\/09\/14\/incendios-no-pantanal-causam-devastacao-matam-animais-e-emitem-alerta-climatico.ghtml\" target=\"_blank\" rel=\"noreferrer noopener\">desde meados de julho<\/a>.<\/p>\n\n\n\n<hr class=\"wp-block-separator\"\/>\n\n\n\n<p><strong>\u201cEm 2019, o Brasil foi v\u00edtima de um criminoso derramamento de \u00f3leo venezuelano\u201d<\/strong><em>Jair Bolsonaro (sem partido), presidente da Rep\u00fablica, em<\/em><a href=\"https:\/\/youtu.be\/yr5YD2pdHJU\" target=\"_blank\" rel=\"noreferrer noopener\">&nbsp;<em>discurso de abertura<\/em><\/a><em>&nbsp;da 75\u00aa Assembleia Geral da ONU em 22 de setembro de 2020<\/em><strong>INSUSTENT\u00c1VEL<\/strong><\/p>\n\n\n\n<p>At\u00e9 o momento, as investiga\u00e7\u00f5es relacionadas ao derramamento de \u00f3leo \u2013 que poluiu mais de 2 mil quil\u00f4metros do litoral brasileiro, afetando 11 estados \u2013 n\u00e3o indicaram culpados. Embora haja ind\u00edcios de que o petr\u00f3leo seja de origem venezuelana, h\u00e1 teses divergentes sobre a fonte do derramamento. N\u00e3o h\u00e1 evid\u00eancias de que ele tenha ocorrido de forma intencional.<\/p>\n\n\n\n<p>Inicialmente, a&nbsp;<a href=\"https:\/\/g1.globo.com\/politica\/noticia\/2019\/10\/08\/manchas-em-praias-no-nordeste-sao-mistura-de-oleo-venezuelano-diz-relatorio-da-petrobras.ghtml\" target=\"_blank\" rel=\"noreferrer noopener\">Petrobras<\/a>&nbsp;e a&nbsp;<a href=\"https:\/\/g1.globo.com\/ba\/bahia\/noticia\/2019\/10\/10\/analise-da-ufba-aponta-que-oleo-que-atinge-litoral-do-ne-e-da-venezuela.ghtml\" target=\"_blank\" rel=\"noreferrer noopener\">UFBA<\/a>&nbsp;avaliaram que o petr\u00f3leo tinha similaridades qu\u00edmicas com a produ\u00e7\u00e3o venezuelana. Em novembro do ano passado, a&nbsp;<a href=\"http:\/\/www.pf.gov.br\/imprensa\/noticias\/2019\/11\/policia-federal-deflagra-operacao-que-visa-esclarecer-derramamento-de-oleo-no-litoral-brasileiro\" target=\"_blank\" rel=\"noreferrer noopener\">PF deflagrou a Opera\u00e7\u00e3o M\u00e1cula&nbsp;<\/a>para apurar o crime. Na \u00e9poca, a entidade aponta que uma embarca\u00e7\u00e3o grega navegou pela \u00e1rea indicada como o ponto inicial do vazamento. O navio atracou na Venezuela, onde foi carregado com \u00f3leo, e depois aportou na \u00c1frica do Sul.&nbsp;<\/p>\n\n\n\n<p>Contudo,&nbsp;<a href=\"https:\/\/exame.com\/brasil\/pesquisadores-dizem-que-oleo-apareceu-antes-de-passagem-de-navio-grego\/\" target=\"_blank\" rel=\"noreferrer noopener\">a tese de que essa embarca\u00e7\u00e3o seja a respons\u00e1vel pelo derramamento de \u00f3leo foi<\/a>&nbsp;negada pela empresa, que diz ter entregue toda a carga na Mal\u00e1sia, meses depois. Uma pesquisa do Laborat\u00f3rio de An\u00e1lise e Processamento de Imagens de Sat\u00e9lite (Lapis), da Universidade Federal de Alagoas (UFAL), sugeriu que o vazamento teria ocorrido<a href=\"https:\/\/exame.com\/brasil\/pesquisadores-dizem-que-oleo-apareceu-antes-de-passagem-de-navio-grego\/\" target=\"_blank\" rel=\"noreferrer noopener\">&nbsp;antes da passagem do navio<\/a>.<\/p>\n\n\n\n<p><a href=\"https:\/\/apublica.org\/2020\/08\/laboratorio-identifica-possivel-origem-do-vazamento-de-oleo-nas-praias-do-nordeste\/\" target=\"_blank\" rel=\"noreferrer noopener\">Em agosto deste ano<\/a>, outra pesquisa do Lapis apontou que o derramamento pode ter acontecido perto do litoral de&nbsp;Camar\u00f5es, no Golfo da Guin\u00e9, no litoral africano. Nesse caso, o petr\u00f3leo pode ser, na verdade, de origem africana.&nbsp;<a href=\"https:\/\/www.marinha.mil.br\/sites\/default\/files\/nota_a_imprensa_oleo_26ago.pdf\" target=\"_blank\" rel=\"noreferrer noopener\">Essa hip\u00f3tese, por\u00e9m, foi negada pela Marinha<\/a>.<\/p>\n\n\n\n<p>Durante a crise, Bolsonaro afirmou&nbsp;\u2013 sem apresentar nenhuma prova concreta \u2013 que a Venezuela seria a respons\u00e1vel pelo derramamento do \u00f3leo. No final de 2019, Bolsonaro&nbsp;<a href=\"https:\/\/g1.globo.com\/natureza\/desastre-ambiental-petroleo-praias\/noticia\/2019\/10\/23\/governo-federal-solicitou-a-oea-que-venezuela-se-manifeste-sobre-o-vazamento-de-oleo-na-costa-brasileira-diz-ministro.ghtml\" target=\"_blank\" rel=\"noreferrer noopener\">fez uma solicita\u00e7\u00e3o formal \u00e0 Organiza\u00e7\u00e3o dos Estados Americanos (OEA)<\/a>&nbsp;para que o pa\u00eds vizinho se manifestasse oficialmente sobre o \u00f3leo nas praias brasileiras. J\u00e1 o ministro do meio-ambiente, Ricardo Salles, com base em informa\u00e7\u00f5es falsas,&nbsp;<a href=\"https:\/\/piaui.folha.uol.com.br\/lupa\/2019\/10\/24\/ricardo-salles-greenpeace-oleo\/\" target=\"_blank\" rel=\"noreferrer noopener\">insinuou que o Greenpeace estaria por tr\u00e1s dos vazamentos<\/a>.<\/p>\n\n\n\n<hr class=\"wp-block-separator\"\/>\n\n\n\n<p><strong>\u201cA Opera\u00e7\u00e3o Acolhida, encabe\u00e7ada pelo Minist\u00e9rio da Defesa, recebeu quase 400 mil venezuelanos deslocados devido \u00e0 grave crise pol\u00edtica e econ\u00f4mica gerada pela ditadura bolivariana\u201d<\/strong><em>Jair Bolsonaro (sem partido), presidente da Rep\u00fablica, em<\/em><a href=\"https:\/\/youtu.be\/yr5YD2pdHJU\" target=\"_blank\" rel=\"noreferrer noopener\">&nbsp;<em>discurso de abertura<\/em><\/a><em>&nbsp;da 75\u00aa Assembleia Geral da ONU em 22 de setembro de 2020<\/em><strong>EXAGERADO<\/strong><\/p>\n\n\n\n<p>A Opera\u00e7\u00e3o Acolhida foi criada em 2018 com o prop\u00f3sito de receber refugiados e migrantes venezuelanos. Desde o in\u00edcio da for\u00e7a-tarefa at\u00e9 o dia 15 de junho de 2020, quando foi feita a \u00faltima atualiza\u00e7\u00e3o no<a href=\"https:\/\/www.gov.br\/acolhida\/historico\/\" target=\"_blank\" rel=\"noreferrer noopener\">&nbsp;site do programa<\/a>, foi registrado um total de<a href=\"https:\/\/piaui.folha.uol.com.br\/lupa\/wp-content\/uploads\/2020\/09\/22.09-Opera%C3%A7%C3%A3o-Acolhida.png\" target=\"_blank\" rel=\"noreferrer noopener\">&nbsp;264.865 solicita\u00e7\u00f5es<\/a>&nbsp;de regulariza\u00e7\u00e3o migrat\u00f3ria \u2013 um n\u00famero menor, portanto, que o mencionado por Jair Bolsonaro.<\/p>\n\n\n\n<p>A maioria dos venezuelanos chega ao Brasil por Roraima, um dos estados que faz fronteira com o pa\u00eds. Eles s\u00e3o acolhidos em um dos 13 abrigos localizados no estado. Al\u00e9m de alimentos e kits de higiene, s\u00e3o tamb\u00e9m deslocados para outras regi\u00f5es para que possam buscar oportunidades de emprego e, dessa forma, diminuir a press\u00e3o nos servi\u00e7os p\u00fablicos de Roraima. At\u00e9 15 de junho de 2020,<a href=\"https:\/\/www.gov.br\/acolhida\/historico\/#operacao\">&nbsp;35.567<\/a>&nbsp;refugiados foram interiorizados.<strong>Editado por:&nbsp;<\/strong>Chico Mar\u00e9s e Marcela Duarte<br><\/p>\n","protected":false},"excerpt":{"rendered":"<p>Por CAROL MAC\u00c1RIO \u00cdTALO R\u00d4MANY MAUR\u00cdCIO MORAES eNATH\u00c1LIA AFONSO, na Ag\u00eancia Lupa<\/p>\n","protected":false},"author":1,"featured_media":0,"comment_status":"closed","ping_status":"open","sticky":false,"template":"","format":"standard","meta":{"_exactmetrics_skip_tracking":false,"_exactmetrics_sitenote_active":false,"_exactmetrics_sitenote_note":"","_exactmetrics_sitenote_category":0,"jetpack_post_was_ever_published":false,"_jetpack_newsletter_access":"","_jetpack_dont_email_post_to_subs":false,"_jetpack_newsletter_tier_id":0,"_jetpack_memberships_contains_paywalled_content":false,"_jetpack_memberships_contains_paid_content":false,"footnotes":"","jetpack_publicize_message":"","jetpack_publicize_feature_enabled":true,"jetpack_social_post_already_shared":true,"jetpack_social_options":{"image_generator_settings":{"template":"highway","enabled":false},"version":2}},"categories":[1],"tags":[],"class_list":["post-29793","post","type-post","status-publish","format-standard","hentry","category-notas"],"jetpack_publicize_connections":[],"jetpack_sharing_enabled":true,"jetpack_featured_media_url":"","jetpack_shortlink":"https:\/\/wp.me\/p7wKYW-7Kx","jetpack-related-posts":[],"_links":{"self":[{"href":"http:\/\/blogdalucianaoliveira.com.br\/blog\/wp-json\/wp\/v2\/posts\/29793","targetHints":{"allow":["GET"]}}],"collection":[{"href":"http:\/\/blogdalucianaoliveira.com.br\/blog\/wp-json\/wp\/v2\/posts"}],"about":[{"href":"http:\/\/blogdalucianaoliveira.com.br\/blog\/wp-json\/wp\/v2\/types\/post"}],"author":[{"embeddable":true,"href":"http:\/\/blogdalucianaoliveira.com.br\/blog\/wp-json\/wp\/v2\/users\/1"}],"replies":[{"embeddable":true,"href":"http:\/\/blogdalucianaoliveira.com.br\/blog\/wp-json\/wp\/v2\/comments?post=29793"}],"version-history":[{"count":1,"href":"http:\/\/blogdalucianaoliveira.com.br\/blog\/wp-json\/wp\/v2\/posts\/29793\/revisions"}],"predecessor-version":[{"id":29795,"href":"http:\/\/blogdalucianaoliveira.com.br\/blog\/wp-json\/wp\/v2\/posts\/29793\/revisions\/29795"}],"wp:attachment":[{"href":"http:\/\/blogdalucianaoliveira.com.br\/blog\/wp-json\/wp\/v2\/media?parent=29793"}],"wp:term":[{"taxonomy":"category","embeddable":true,"href":"http:\/\/blogdalucianaoliveira.com.br\/blog\/wp-json\/wp\/v2\/categories?post=29793"},{"taxonomy":"post_tag","embeddable":true,"href":"http:\/\/blogdalucianaoliveira.com.br\/blog\/wp-json\/wp\/v2\/tags?post=29793"}],"curies":[{"name":"wp","href":"https:\/\/api.w.org\/{rel}","templated":true}]}}