{"id":298,"date":"2016-05-06T10:22:38","date_gmt":"2016-05-06T14:22:38","guid":{"rendered":"http:\/\/blogdalucianaoliveira.com.br\/blog\/?p=298"},"modified":"2016-05-06T10:33:28","modified_gmt":"2016-05-06T14:33:28","slug":"carta-ao-idiota-util","status":"publish","type":"post","link":"http:\/\/blogdalucianaoliveira.com.br\/blog\/2016\/05\/06\/carta-ao-idiota-util\/","title":{"rendered":"Carta ao idiota \u00fatil"},"content":{"rendered":"<p><img data-recalc-dims=\"1\" loading=\"lazy\" decoding=\"async\" data-attachment-id=\"299\" data-permalink=\"http:\/\/blogdalucianaoliveira.com.br\/blog\/2016\/05\/06\/carta-ao-idiota-util\/image-47\/\" data-orig-file=\"https:\/\/i0.wp.com\/blogdalucianaoliveira.com.br\/blog\/wp-content\/uploads\/2016\/05\/image-42.jpeg?fit=433%2C339\" data-orig-size=\"433,339\" data-comments-opened=\"0\" data-image-meta=\"{&quot;aperture&quot;:&quot;0&quot;,&quot;credit&quot;:&quot;&quot;,&quot;camera&quot;:&quot;&quot;,&quot;caption&quot;:&quot;&quot;,&quot;created_timestamp&quot;:&quot;0&quot;,&quot;copyright&quot;:&quot;&quot;,&quot;focal_length&quot;:&quot;0&quot;,&quot;iso&quot;:&quot;0&quot;,&quot;shutter_speed&quot;:&quot;0&quot;,&quot;title&quot;:&quot;&quot;,&quot;orientation&quot;:&quot;0&quot;}\" data-image-title=\"image\" data-image-description=\"\" data-image-caption=\"\" data-medium-file=\"https:\/\/i0.wp.com\/blogdalucianaoliveira.com.br\/blog\/wp-content\/uploads\/2016\/05\/image-42.jpeg?fit=300%2C235\" data-large-file=\"https:\/\/i0.wp.com\/blogdalucianaoliveira.com.br\/blog\/wp-content\/uploads\/2016\/05\/image-42.jpeg?fit=433%2C339\" src=\"https:\/\/i0.wp.com\/blogdalucianaoliveira.com.br\/blog\/wp-content\/uploads\/2016\/05\/image-42.jpeg?resize=433%2C339\" alt=\"image\" width=\"433\" height=\"339\" class=\"alignnone size-full wp-image-299\" srcset=\"https:\/\/i0.wp.com\/blogdalucianaoliveira.com.br\/blog\/wp-content\/uploads\/2016\/05\/image-42.jpeg?w=433 433w, https:\/\/i0.wp.com\/blogdalucianaoliveira.com.br\/blog\/wp-content\/uploads\/2016\/05\/image-42.jpeg?resize=300%2C235 300w, https:\/\/i0.wp.com\/blogdalucianaoliveira.com.br\/blog\/wp-content\/uploads\/2016\/05\/image-42.jpeg?resize=383%2C300 383w\" sizes=\"auto, (max-width: 433px) 100vw, 433px\" \/><\/p>\n<p>Eduardo Cunha est\u00e1 inconformado. Diz que houve interfer\u00eancia de poder no ato de seu afastamento, confirmado por unanimidade pelo STF. <\/p>\n<p>De fato houve e isso n\u00e3o \u00e9 bom pra preservar a autonomia dos poderes, mas n\u00e3o pra cassar seu mandato, o que s\u00f3 a C\u00e2mara pode fazer. O STF interveio pra impedir que Cunha d\u00ea a marcha no seu processo na Comiss\u00e3o de \u00c9tica, que pode resultar na cassa\u00e7\u00e3o de mandato.<\/p>\n<p>\u00c9 at\u00e9 rid\u00edculo Cunha cobrar respeito ao processo e a autonomia dos poderes, porque ele tamb\u00e9m exorbitou de suas prerrogativas, legislou em causa pr\u00f3pria, violou a soberania de decis\u00f5es do plen\u00e1rio que comanda. <!--more--><\/p>\n<p>Quando o resultado de uma vota\u00e7\u00e3o n\u00e3o lhe era favor\u00e1vel, criava um atalho pra fazer valer sua vontade com nova vota\u00e7\u00e3o. <\/p>\n<p>Cunha \u00e9 o abuso de poder em pessoa.<\/p>\n<p>Mas, para n\u00e3o variar, \u00e9 comum ouvir que Cunha \u00e9 um grande articulador. <\/p>\n<p>Parece mentira, mas h\u00e1 quem diga em alto e bom som que se Dilma fosse como ele o pa\u00eds n\u00e3o estava como um trem descarrilado. <\/p>\n<p>E quem diz isso, se mistura \u00e0 manifesta\u00e7\u00f5es pelo fim da corrup\u00e7\u00e3o e pela moralidade na pol\u00edtica. <\/p>\n<p>&#8220;\u00c9 UM BANDIDO \u00daTIL&#8221;, dedilham em caixa alta. <\/p>\n<p>E burro n\u00e9? Porque os que dizem isso, justificam o &#8216;racioc\u00ednio&#8217; de que depois que ele fizer o servi\u00e7o sujo, ser\u00e1 punido. <\/p>\n<p>Sabe o que acho? Cunha \u00e9 um articulador genial, porque n\u00e3o deve ser dif\u00edcil negociar com mais de 200 deputados enrolados com a justi\u00e7a. <\/p>\n<p>Dizem que ele tem a pr\u00f3pria bancada, com 250 parlamentares, o que se prova com a facilidade com que obteve apoio \u00e0 sua pauta bomba. <\/p>\n<p>Fosse bandido, voc\u00ea teria mais dificuldade ou facilidade pra negociar com pol\u00edtico bandido ou honesto?<\/p>\n<p>A &#8216;genialidade&#8217; de Cunha se deve a fragilidade moral do parlamento com o qual negocia.  <\/p>\n<p>Duvido que se daria bem num cen\u00e1rio distinto, ou seja, com 2\/3 da C\u00e2mara que n\u00e3o devessem nada \u00e0 justi\u00e7a. <\/p>\n<p>S\u00f3 que \u00e9 o contr\u00e1rio. <\/p>\n","protected":false},"excerpt":{"rendered":"<p>Eduardo Cunha est\u00e1 inconformado. Diz que houve interfer\u00eancia de poder no ato de seu afastamento, confirmado por unanimidade pelo STF. De fato houve e isso n\u00e3o \u00e9 bom pra preservar a autonomia dos poderes, mas n\u00e3o pra cassar seu mandato, o que s\u00f3 a C\u00e2mara pode fazer. O STF interveio pra impedir que Cunha d\u00ea&#8230;<a class=\"more-link\" href=\"http:\/\/blogdalucianaoliveira.com.br\/blog\/2016\/05\/06\/carta-ao-idiota-util\/\">Continue a leitura <span class=\"meta-nav\">&raquo;<\/span><\/a><\/p>\n","protected":false},"author":1,"featured_media":0,"comment_status":"closed","ping_status":"open","sticky":false,"template":"","format":"standard","meta":{"_exactmetrics_skip_tracking":false,"_exactmetrics_sitenote_active":false,"_exactmetrics_sitenote_note":"","_exactmetrics_sitenote_category":0,"jetpack_post_was_ever_published":false,"_jetpack_newsletter_access":"","_jetpack_dont_email_post_to_subs":false,"_jetpack_newsletter_tier_id":0,"_jetpack_memberships_contains_paywalled_content":false,"_jetpack_memberships_contains_paid_content":false,"footnotes":"","jetpack_publicize_message":"","jetpack_publicize_feature_enabled":true,"jetpack_social_post_already_shared":false,"jetpack_social_options":{"image_generator_settings":{"template":"highway","enabled":false},"version":2}},"categories":[1],"tags":[],"class_list":["post-298","post","type-post","status-publish","format-standard","hentry","category-notas"],"jetpack_publicize_connections":[],"jetpack_sharing_enabled":true,"jetpack_featured_media_url":"","jetpack_shortlink":"https:\/\/wp.me\/p7wKYW-4O","jetpack-related-posts":[],"_links":{"self":[{"href":"http:\/\/blogdalucianaoliveira.com.br\/blog\/wp-json\/wp\/v2\/posts\/298","targetHints":{"allow":["GET"]}}],"collection":[{"href":"http:\/\/blogdalucianaoliveira.com.br\/blog\/wp-json\/wp\/v2\/posts"}],"about":[{"href":"http:\/\/blogdalucianaoliveira.com.br\/blog\/wp-json\/wp\/v2\/types\/post"}],"author":[{"embeddable":true,"href":"http:\/\/blogdalucianaoliveira.com.br\/blog\/wp-json\/wp\/v2\/users\/1"}],"replies":[{"embeddable":true,"href":"http:\/\/blogdalucianaoliveira.com.br\/blog\/wp-json\/wp\/v2\/comments?post=298"}],"version-history":[{"count":5,"href":"http:\/\/blogdalucianaoliveira.com.br\/blog\/wp-json\/wp\/v2\/posts\/298\/revisions"}],"predecessor-version":[{"id":304,"href":"http:\/\/blogdalucianaoliveira.com.br\/blog\/wp-json\/wp\/v2\/posts\/298\/revisions\/304"}],"wp:attachment":[{"href":"http:\/\/blogdalucianaoliveira.com.br\/blog\/wp-json\/wp\/v2\/media?parent=298"}],"wp:term":[{"taxonomy":"category","embeddable":true,"href":"http:\/\/blogdalucianaoliveira.com.br\/blog\/wp-json\/wp\/v2\/categories?post=298"},{"taxonomy":"post_tag","embeddable":true,"href":"http:\/\/blogdalucianaoliveira.com.br\/blog\/wp-json\/wp\/v2\/tags?post=298"}],"curies":[{"name":"wp","href":"https:\/\/api.w.org\/{rel}","templated":true}]}}