{"id":29804,"date":"2020-09-25T21:14:39","date_gmt":"2020-09-26T01:14:39","guid":{"rendered":"http:\/\/blogdalucianaoliveira.com.br\/blog\/?p=29804"},"modified":"2020-09-25T21:14:48","modified_gmt":"2020-09-26T01:14:48","slug":"bolsonaro-dizimou-a-populacao-indigena-ao-acusa-la-de-promover-queimadas-diz-vice-presidente-de-conselho-indigena","status":"publish","type":"post","link":"http:\/\/blogdalucianaoliveira.com.br\/blog\/2020\/09\/25\/bolsonaro-dizimou-a-populacao-indigena-ao-acusa-la-de-promover-queimadas-diz-vice-presidente-de-conselho-indigena\/","title":{"rendered":"\u2018Bolsonaro dizimou a popula\u00e7\u00e3o ind\u00edgena\u2019 ao acus\u00e1-la de promover queimadas, diz vice-presidente de conselho ind\u00edgena"},"content":{"rendered":"\n<figure class=\"wp-block-image size-large\"><img data-recalc-dims=\"1\" loading=\"lazy\" decoding=\"async\" width=\"500\" height=\"240\" data-attachment-id=\"29805\" data-permalink=\"http:\/\/blogdalucianaoliveira.com.br\/blog\/2020\/09\/25\/bolsonaro-dizimou-a-populacao-indigena-ao-acusa-la-de-promover-queimadas-diz-vice-presidente-de-conselho-indigena\/image-18-11\/\" data-orig-file=\"https:\/\/i0.wp.com\/blogdalucianaoliveira.com.br\/blog\/wp-content\/uploads\/2020\/09\/image-18.jpeg?fit=500%2C240\" data-orig-size=\"500,240\" data-comments-opened=\"0\" data-image-meta=\"{&quot;aperture&quot;:&quot;0&quot;,&quot;credit&quot;:&quot;&quot;,&quot;camera&quot;:&quot;&quot;,&quot;caption&quot;:&quot;&quot;,&quot;created_timestamp&quot;:&quot;0&quot;,&quot;copyright&quot;:&quot;&quot;,&quot;focal_length&quot;:&quot;0&quot;,&quot;iso&quot;:&quot;0&quot;,&quot;shutter_speed&quot;:&quot;0&quot;,&quot;title&quot;:&quot;&quot;,&quot;orientation&quot;:&quot;0&quot;}\" data-image-title=\"image-18\" data-image-description=\"\" data-image-caption=\"\" data-medium-file=\"https:\/\/i0.wp.com\/blogdalucianaoliveira.com.br\/blog\/wp-content\/uploads\/2020\/09\/image-18.jpeg?fit=300%2C144\" data-large-file=\"https:\/\/i0.wp.com\/blogdalucianaoliveira.com.br\/blog\/wp-content\/uploads\/2020\/09\/image-18.jpeg?fit=500%2C240\" src=\"https:\/\/i0.wp.com\/blogdalucianaoliveira.com.br\/blog\/wp-content\/uploads\/2020\/09\/image-18.jpeg?resize=500%2C240\" alt=\"\" class=\"wp-image-29805\" srcset=\"https:\/\/i0.wp.com\/blogdalucianaoliveira.com.br\/blog\/wp-content\/uploads\/2020\/09\/image-18.jpeg?w=500 500w, https:\/\/i0.wp.com\/blogdalucianaoliveira.com.br\/blog\/wp-content\/uploads\/2020\/09\/image-18.jpeg?resize=300%2C144 300w\" sizes=\"auto, (max-width: 500px) 100vw, 500px\" \/><\/figure>\n\n\n\n<p><strong>247 &#8211;\u00a0<\/strong>O vice-presidente do Conselho Distrital de Sa\u00fade Ind\u00edgena (Condisi) de Rond\u00f4nia, Elivar Karitiana, disse \u00e0 TV 247 que Jair Bolsonaro \u201cdizimou a popula\u00e7\u00e3o ind\u00edgena\u201d ao acus\u00e1-la na ONU de promover as queimadas nas florestas brasileiras. O l\u00edder ind\u00edgena disse ainda que \u201cBolsonaro trata povos ind\u00edgenas com racismo\u201d e que ele mesmo \u201c\u00e9 o maior incentivador do desmatamento&#8221;.Em\u00a0<a rel=\"noreferrer noopener\" target=\"_blank\" href=\"https:\/\/www.brasil247.com\/brasil\/bolsonaro-mente-sem-pudor-na-onu-culpa-indigenas-por-incendios-e-venezuela-por-oleo-no-nordeste\">discurso na Assembleia Geral das Na\u00e7\u00f5es Unidas (ONU)<\/a>\u00a0na \u00faltima semana, Bolsonaro afirmou que \u201c\u00edndios queimam em busca de sobreviv\u00eancia\u201d.<\/p>\n\n\n\n<!--more-->\n\n\n\n<p>Para Karitiana, Bolsonaro acusa os ind\u00edgenas para se esquivar das cr\u00edticas que recebe em raz\u00e3o da irresponsabilidade de seu governo perante a preserva\u00e7\u00e3o ambiental. O vice-presidente do Condisi ainda afirmou que, por ess\u00eancia, os ind\u00edgenas jamais seriam capazes de destruir a mata.&nbsp;<\/p>\n\n\n\n<p>\u201cMais uma vez, milhares de vezes no seu mandato, no seu governo, o presidente da Rep\u00fablica injustamente condena a popula\u00e7\u00e3o ind\u00edgena de todo o Brasil. \u00c9 um absurdo o representante do Pa\u00eds dizer, acusar a popula\u00e7\u00e3o ind\u00edgena pela sua irresponsabilidade, tirando a sua responsabilidade acusa a popula\u00e7\u00e3o ind\u00edgena. N\u00f3s, povos ind\u00edgenas, temos respeito com a natureza, temos respeito com os animais. Para n\u00f3s \u00e9 super importante a natureza. Para n\u00f3s a floresta \u00e9 ser vivo. N\u00f3s, povos ind\u00edgenas, n\u00e3o cortamos, n\u00e3o derrubamos qualquer madeira, qualquer arbusto, n\u00e3o matamos qualquer animal, por qu\u00ea? N\u00f3s temos respeito\u201d.<\/p>\n\n\n\n<p>Elivar Karitiana afirmou tamb\u00e9m que \u201ca floresta que est\u00e1 em p\u00e9 hoje \u00e9 a terra ind\u00edgena\u201d no Brasil. \u201cN\u00f3s n\u00e3o precisamos desmatar para fazer nosso consumo. Como que a popula\u00e7\u00e3o ind\u00edgena vai fazer uma queimada absurda como a que est\u00e1 acontecendo no Pantanal? N\u00f3s, povos ind\u00edgenas, fazermos isso? Nunca. Pela falta de compet\u00eancia dele, ele acusa a popula\u00e7\u00e3o ind\u00edgena. Ele dizimou a popula\u00e7\u00e3o ind\u00edgena com a sua fala, com a sua acusa\u00e7\u00e3o\u201d.<\/p>\n","protected":false},"excerpt":{"rendered":"<p>247 &#8211;\u00a0O vice-presidente do Conselho Distrital de Sa\u00fade Ind\u00edgena (Condisi) de Rond\u00f4nia, Elivar Karitiana, disse \u00e0 TV 247 que Jair Bolsonaro \u201cdizimou a popula\u00e7\u00e3o ind\u00edgena\u201d ao acus\u00e1-la na ONU de promover as queimadas nas florestas brasileiras. O l\u00edder ind\u00edgena disse ainda que \u201cBolsonaro trata povos ind\u00edgenas com racismo\u201d e que ele mesmo \u201c\u00e9 o maior&#8230;<a class=\"more-link\" href=\"http:\/\/blogdalucianaoliveira.com.br\/blog\/2020\/09\/25\/bolsonaro-dizimou-a-populacao-indigena-ao-acusa-la-de-promover-queimadas-diz-vice-presidente-de-conselho-indigena\/\">Continue a leitura <span class=\"meta-nav\">&raquo;<\/span><\/a><\/p>\n","protected":false},"author":1,"featured_media":0,"comment_status":"closed","ping_status":"open","sticky":false,"template":"","format":"standard","meta":{"_exactmetrics_skip_tracking":false,"_exactmetrics_sitenote_active":false,"_exactmetrics_sitenote_note":"","_exactmetrics_sitenote_category":0,"jetpack_post_was_ever_published":false,"_jetpack_newsletter_access":"","_jetpack_dont_email_post_to_subs":false,"_jetpack_newsletter_tier_id":0,"_jetpack_memberships_contains_paywalled_content":false,"_jetpack_memberships_contains_paid_content":false,"footnotes":"","jetpack_publicize_message":"","jetpack_publicize_feature_enabled":true,"jetpack_social_post_already_shared":true,"jetpack_social_options":{"image_generator_settings":{"template":"highway","enabled":false},"version":2}},"categories":[1],"tags":[],"class_list":["post-29804","post","type-post","status-publish","format-standard","hentry","category-notas"],"jetpack_publicize_connections":[],"jetpack_sharing_enabled":true,"jetpack_featured_media_url":"","jetpack_shortlink":"https:\/\/wp.me\/p7wKYW-7KI","jetpack-related-posts":[],"_links":{"self":[{"href":"http:\/\/blogdalucianaoliveira.com.br\/blog\/wp-json\/wp\/v2\/posts\/29804","targetHints":{"allow":["GET"]}}],"collection":[{"href":"http:\/\/blogdalucianaoliveira.com.br\/blog\/wp-json\/wp\/v2\/posts"}],"about":[{"href":"http:\/\/blogdalucianaoliveira.com.br\/blog\/wp-json\/wp\/v2\/types\/post"}],"author":[{"embeddable":true,"href":"http:\/\/blogdalucianaoliveira.com.br\/blog\/wp-json\/wp\/v2\/users\/1"}],"replies":[{"embeddable":true,"href":"http:\/\/blogdalucianaoliveira.com.br\/blog\/wp-json\/wp\/v2\/comments?post=29804"}],"version-history":[{"count":1,"href":"http:\/\/blogdalucianaoliveira.com.br\/blog\/wp-json\/wp\/v2\/posts\/29804\/revisions"}],"predecessor-version":[{"id":29806,"href":"http:\/\/blogdalucianaoliveira.com.br\/blog\/wp-json\/wp\/v2\/posts\/29804\/revisions\/29806"}],"wp:attachment":[{"href":"http:\/\/blogdalucianaoliveira.com.br\/blog\/wp-json\/wp\/v2\/media?parent=29804"}],"wp:term":[{"taxonomy":"category","embeddable":true,"href":"http:\/\/blogdalucianaoliveira.com.br\/blog\/wp-json\/wp\/v2\/categories?post=29804"},{"taxonomy":"post_tag","embeddable":true,"href":"http:\/\/blogdalucianaoliveira.com.br\/blog\/wp-json\/wp\/v2\/tags?post=29804"}],"curies":[{"name":"wp","href":"https:\/\/api.w.org\/{rel}","templated":true}]}}