{"id":29807,"date":"2020-09-28T07:01:29","date_gmt":"2020-09-28T11:01:29","guid":{"rendered":"http:\/\/blogdalucianaoliveira.com.br\/blog\/?p=29807"},"modified":"2020-09-28T07:01:37","modified_gmt":"2020-09-28T11:01:37","slug":"eleicoes-terao-185-lulas-99-tiriricas-e-84-bolsonaros-veja-outros-nomes-curiosos","status":"publish","type":"post","link":"http:\/\/blogdalucianaoliveira.com.br\/blog\/2020\/09\/28\/eleicoes-terao-185-lulas-99-tiriricas-e-84-bolsonaros-veja-outros-nomes-curiosos\/","title":{"rendered":"Elei\u00e7\u00f5es ter\u00e3o 185 Lulas, 99 Tiriricas e 84 Bolsonaros. Veja outros nomes curiosos"},"content":{"rendered":"\n<figure class=\"wp-block-image size-large\"><img data-recalc-dims=\"1\" loading=\"lazy\" decoding=\"async\" width=\"600\" height=\"344\" data-attachment-id=\"29808\" data-permalink=\"http:\/\/blogdalucianaoliveira.com.br\/blog\/2020\/09\/28\/eleicoes-terao-185-lulas-99-tiriricas-e-84-bolsonaros-veja-outros-nomes-curiosos\/image-19-11\/\" data-orig-file=\"https:\/\/i0.wp.com\/blogdalucianaoliveira.com.br\/blog\/wp-content\/uploads\/2020\/09\/image-19.jpeg?fit=750%2C430\" data-orig-size=\"750,430\" data-comments-opened=\"0\" data-image-meta=\"{&quot;aperture&quot;:&quot;0&quot;,&quot;credit&quot;:&quot;&quot;,&quot;camera&quot;:&quot;&quot;,&quot;caption&quot;:&quot;&quot;,&quot;created_timestamp&quot;:&quot;0&quot;,&quot;copyright&quot;:&quot;&quot;,&quot;focal_length&quot;:&quot;0&quot;,&quot;iso&quot;:&quot;0&quot;,&quot;shutter_speed&quot;:&quot;0&quot;,&quot;title&quot;:&quot;&quot;,&quot;orientation&quot;:&quot;0&quot;}\" data-image-title=\"image-19\" data-image-description=\"\" data-image-caption=\"\" data-medium-file=\"https:\/\/i0.wp.com\/blogdalucianaoliveira.com.br\/blog\/wp-content\/uploads\/2020\/09\/image-19.jpeg?fit=300%2C172\" data-large-file=\"https:\/\/i0.wp.com\/blogdalucianaoliveira.com.br\/blog\/wp-content\/uploads\/2020\/09\/image-19.jpeg?fit=600%2C344\" src=\"https:\/\/i0.wp.com\/blogdalucianaoliveira.com.br\/blog\/wp-content\/uploads\/2020\/09\/image-19.jpeg?resize=600%2C344\" alt=\"\" class=\"wp-image-29808\" srcset=\"https:\/\/i0.wp.com\/blogdalucianaoliveira.com.br\/blog\/wp-content\/uploads\/2020\/09\/image-19.jpeg?w=750 750w, https:\/\/i0.wp.com\/blogdalucianaoliveira.com.br\/blog\/wp-content\/uploads\/2020\/09\/image-19.jpeg?resize=300%2C172 300w, https:\/\/i0.wp.com\/blogdalucianaoliveira.com.br\/blog\/wp-content\/uploads\/2020\/09\/image-19.jpeg?resize=523%2C300 523w\" sizes=\"auto, (max-width: 600px) 100vw, 600px\" \/><\/figure>\n\n\n\n<p>Congresso em Foco &#8211; Walderice Santos da Concei\u00e7\u00e3o, a Wal do A\u00e7a\u00ed, ex-assessora de Jair Bolsonaro<a href=\"https:\/\/congressoemfoco.uol.com.br\/especial\/noticias\/bolsonaro-demite-assessora-apontada-como-fantasma\/\"><strong>\u00a0investigada como funcion\u00e1ria fantasma dele<\/strong><\/a>\u00a0na C\u00e2mara, n\u00e3o \u00e9 a \u00fanica que pretende usar o sobrenome do presidente na urna mesmo n\u00e3o fazendo parte da fam\u00edlia. A agora Wal Bolsonaro, que almeja uma vaga de vereadora em Angra dos Reis, tem a companhia de mais de 80 postulantes a um mandato que tentam se eleger na onda do presidente.<\/p>\n\n\n\n<!--more-->\n\n\n\n<p>Levantamento da jornalista Cec\u00edlia do Lago mostra que o Tribunal Superior Eleitoral (TSE) recebeu o pedido de registro de 84 candidaturas com o nome Bolsonaro. Entre eles, apenas tr\u00eas t\u00eam o sobrenome na carteira de identidade:\u00a0<a href=\"https:\/\/congressoemfoco.uol.com.br\/eleicoes\/carlos-bolsonaro-declaracao-tse\/\"><strong>Carlos (Republicanos), filho do presidente<\/strong><\/a>\u00a0que tenta a reelei\u00e7\u00e3o na C\u00e2mara do Rio, sua m\u00e3e, Rogeria Bolsonaro, que busca o mesmo cargo, e Marcos Bolsonaro (PSL), primo candidato a prefeito em Jaboticabal (SP).<\/p>\n\n\n\n<p>Outros pol\u00edticos tamb\u00e9m devem ser lembrados nas urnas. A base de dados do TSE tamb\u00e9m aponta a candidatura de<a href=\"https:\/\/congressoemfoco.uol.com.br\/tag\/lula\/\"><strong>&nbsp;185 Lulas<\/strong><\/a>. Tamb\u00e9m figuram&nbsp;<a href=\"https:\/\/congressoemfoco.uol.com.br\/tag\/tiririca\/\"><strong>99 Tiriricas<\/strong><\/a>, 58 Brizolas, 19 Malus e 18 Obamas e tr\u00eas Trumps. Os super her\u00f3is tamb\u00e9m est\u00e3o em alta entre os que pretendem concorrer. Entre eles, 26 Hulks. Mais de 1,3 mil candidatos querem usar a express\u00e3o \u201cdo Bar\u201d para atrair o voto do eleitor.<\/p>\n\n\n\n<p>Veja as curiosidades dos nomes identificados\u00a0<a href=\"https:\/\/congressoemfoco.uol.com.br\/eleicoes\/brasil-tem-recorde-de-candidatos-mdb-psd-e-pp-lideram-veja-outros-numeros\/\"><strong>entre os mais de 542 mil postulantes<\/strong><\/a>\u00a0aos cargos de prefeito, vice e vereador, no fio da jornalista Cec\u00edlia do Lago. As candidaturas ainda precisam ser confirmadas pela Justi\u00e7a eleitoral.<\/p>\n\n\n\n<figure class=\"wp-block-embed-twitter wp-block-embed is-type-rich is-provider-twitter\"><div class=\"wp-block-embed__wrapper\">\n<blockquote class=\"twitter-tweet\" data-width=\"550\" data-dnt=\"true\"><p lang=\"pt\" dir=\"ltr\">NOMES DE CANDIDATOS 2020 Segue o fio \ud83e\uddf6\ud83e\uddf5<br><br>Este ano (at\u00e9 agora) temos 541.925 inscri\u00e7\u00f5es nas elei\u00e7\u00f5es municipais<\/p>&mdash; Cec\u00edlia do Lago (@ceciliadolago) <a href=\"https:\/\/twitter.com\/ceciliadolago\/status\/1310071679817781249?ref_src=twsrc%5Etfw\">September 27, 2020<\/a><\/blockquote><script async src=\"https:\/\/platform.twitter.com\/widgets.js\" charset=\"utf-8\"><\/script>\n<\/div><\/figure>\n\n\n\n<figure class=\"wp-block-embed-twitter wp-block-embed is-type-rich is-provider-twitter\"><div class=\"wp-block-embed__wrapper\">\n<blockquote class=\"twitter-tweet\" data-width=\"550\" data-dnt=\"true\"><p lang=\"pt\" dir=\"ltr\">Ser\u00e1 que toda cidade do interior tem um Z\u00e9 das Couves? Resolvi ent\u00e3o contar TODOS eles. Aqui os sabores favoritos desse suco de Brasil. <br><br>DA PADARIA: 591<br>DA PRA\u00c7A: 64<br>DO A\u00c7OUGUE: 363<br>DA IGREJA: 92<br>DA SORVETERIA: 165<br>DO POSTO: 986<br>DA MEC\u00c2NICA: 25<br>DA PEIXARIA: 394<br>DA FEIRA: 328<\/p>&mdash; Cec\u00edlia do Lago (@ceciliadolago) <a href=\"https:\/\/twitter.com\/ceciliadolago\/status\/1310071688416178178?ref_src=twsrc%5Etfw\">September 27, 2020<\/a><\/blockquote><script async src=\"https:\/\/platform.twitter.com\/widgets.js\" charset=\"utf-8\"><\/script>\n<\/div><\/figure>\n","protected":false},"excerpt":{"rendered":"<p>Congresso em Foco &#8211; Walderice Santos da Concei\u00e7\u00e3o, a Wal do A\u00e7a\u00ed, ex-assessora de Jair Bolsonaro\u00a0investigada como funcion\u00e1ria fantasma dele\u00a0na C\u00e2mara, n\u00e3o \u00e9 a \u00fanica que pretende usar o sobrenome do presidente na urna mesmo n\u00e3o fazendo parte da fam\u00edlia. A agora Wal Bolsonaro, que almeja uma vaga de vereadora em Angra dos Reis, tem&#8230;<a class=\"more-link\" href=\"http:\/\/blogdalucianaoliveira.com.br\/blog\/2020\/09\/28\/eleicoes-terao-185-lulas-99-tiriricas-e-84-bolsonaros-veja-outros-nomes-curiosos\/\">Continue a leitura <span class=\"meta-nav\">&raquo;<\/span><\/a><\/p>\n","protected":false},"author":1,"featured_media":0,"comment_status":"closed","ping_status":"open","sticky":false,"template":"","format":"standard","meta":{"_exactmetrics_skip_tracking":false,"_exactmetrics_sitenote_active":false,"_exactmetrics_sitenote_note":"","_exactmetrics_sitenote_category":0,"jetpack_post_was_ever_published":false,"_jetpack_newsletter_access":"","_jetpack_dont_email_post_to_subs":false,"_jetpack_newsletter_tier_id":0,"_jetpack_memberships_contains_paywalled_content":false,"_jetpack_memberships_contains_paid_content":false,"footnotes":"","jetpack_publicize_message":"","jetpack_publicize_feature_enabled":true,"jetpack_social_post_already_shared":true,"jetpack_social_options":{"image_generator_settings":{"template":"highway","enabled":false},"version":2}},"categories":[1],"tags":[],"class_list":["post-29807","post","type-post","status-publish","format-standard","hentry","category-notas"],"jetpack_publicize_connections":[],"jetpack_sharing_enabled":true,"jetpack_featured_media_url":"","jetpack_shortlink":"https:\/\/wp.me\/p7wKYW-7KL","jetpack-related-posts":[],"_links":{"self":[{"href":"http:\/\/blogdalucianaoliveira.com.br\/blog\/wp-json\/wp\/v2\/posts\/29807","targetHints":{"allow":["GET"]}}],"collection":[{"href":"http:\/\/blogdalucianaoliveira.com.br\/blog\/wp-json\/wp\/v2\/posts"}],"about":[{"href":"http:\/\/blogdalucianaoliveira.com.br\/blog\/wp-json\/wp\/v2\/types\/post"}],"author":[{"embeddable":true,"href":"http:\/\/blogdalucianaoliveira.com.br\/blog\/wp-json\/wp\/v2\/users\/1"}],"replies":[{"embeddable":true,"href":"http:\/\/blogdalucianaoliveira.com.br\/blog\/wp-json\/wp\/v2\/comments?post=29807"}],"version-history":[{"count":1,"href":"http:\/\/blogdalucianaoliveira.com.br\/blog\/wp-json\/wp\/v2\/posts\/29807\/revisions"}],"predecessor-version":[{"id":29809,"href":"http:\/\/blogdalucianaoliveira.com.br\/blog\/wp-json\/wp\/v2\/posts\/29807\/revisions\/29809"}],"wp:attachment":[{"href":"http:\/\/blogdalucianaoliveira.com.br\/blog\/wp-json\/wp\/v2\/media?parent=29807"}],"wp:term":[{"taxonomy":"category","embeddable":true,"href":"http:\/\/blogdalucianaoliveira.com.br\/blog\/wp-json\/wp\/v2\/categories?post=29807"},{"taxonomy":"post_tag","embeddable":true,"href":"http:\/\/blogdalucianaoliveira.com.br\/blog\/wp-json\/wp\/v2\/tags?post=29807"}],"curies":[{"name":"wp","href":"https:\/\/api.w.org\/{rel}","templated":true}]}}