{"id":29813,"date":"2020-09-28T22:55:10","date_gmt":"2020-09-29T02:55:10","guid":{"rendered":"http:\/\/blogdalucianaoliveira.com.br\/blog\/?p=29813"},"modified":"2020-09-28T22:55:20","modified_gmt":"2020-09-29T02:55:20","slug":"ricardo-salles-passa-a-boiada-e-retira-a-protecao-a-manguezais-e-restingas-para-promover-turismo","status":"publish","type":"post","link":"http:\/\/blogdalucianaoliveira.com.br\/blog\/2020\/09\/28\/ricardo-salles-passa-a-boiada-e-retira-a-protecao-a-manguezais-e-restingas-para-promover-turismo\/","title":{"rendered":"Ricardo Salles \u201cpassa a boiada\u201d e retira a prote\u00e7\u00e3o a manguezais e restingas para promover turismo"},"content":{"rendered":"\n<figure class=\"wp-block-image size-large\"><img data-recalc-dims=\"1\" loading=\"lazy\" decoding=\"async\" width=\"600\" height=\"400\" data-attachment-id=\"29814\" data-permalink=\"http:\/\/blogdalucianaoliveira.com.br\/blog\/2020\/09\/28\/ricardo-salles-passa-a-boiada-e-retira-a-protecao-a-manguezais-e-restingas-para-promover-turismo\/image-21-11\/\" data-orig-file=\"https:\/\/i0.wp.com\/blogdalucianaoliveira.com.br\/blog\/wp-content\/uploads\/2020\/09\/image-21.jpeg?fit=640%2C427\" data-orig-size=\"640,427\" data-comments-opened=\"0\" data-image-meta=\"{&quot;aperture&quot;:&quot;0&quot;,&quot;credit&quot;:&quot;&quot;,&quot;camera&quot;:&quot;&quot;,&quot;caption&quot;:&quot;&quot;,&quot;created_timestamp&quot;:&quot;0&quot;,&quot;copyright&quot;:&quot;&quot;,&quot;focal_length&quot;:&quot;0&quot;,&quot;iso&quot;:&quot;0&quot;,&quot;shutter_speed&quot;:&quot;0&quot;,&quot;title&quot;:&quot;&quot;,&quot;orientation&quot;:&quot;0&quot;}\" data-image-title=\"image-21\" data-image-description=\"\" data-image-caption=\"\" data-medium-file=\"https:\/\/i0.wp.com\/blogdalucianaoliveira.com.br\/blog\/wp-content\/uploads\/2020\/09\/image-21.jpeg?fit=300%2C200\" data-large-file=\"https:\/\/i0.wp.com\/blogdalucianaoliveira.com.br\/blog\/wp-content\/uploads\/2020\/09\/image-21.jpeg?fit=600%2C400\" src=\"https:\/\/i0.wp.com\/blogdalucianaoliveira.com.br\/blog\/wp-content\/uploads\/2020\/09\/image-21.jpeg?resize=600%2C400\" alt=\"\" class=\"wp-image-29814\" srcset=\"https:\/\/i0.wp.com\/blogdalucianaoliveira.com.br\/blog\/wp-content\/uploads\/2020\/09\/image-21.jpeg?w=640 640w, https:\/\/i0.wp.com\/blogdalucianaoliveira.com.br\/blog\/wp-content\/uploads\/2020\/09\/image-21.jpeg?resize=300%2C200 300w, https:\/\/i0.wp.com\/blogdalucianaoliveira.com.br\/blog\/wp-content\/uploads\/2020\/09\/image-21.jpeg?resize=450%2C300 450w\" sizes=\"auto, (max-width: 600px) 100vw, 600px\" \/><\/figure>\n\n\n\n<p>Ministro articula revoga\u00e7\u00e3o de restri\u00e7\u00f5es no Conselho Nacional do Meio Ambiente, o Conama, para privilegiar instala\u00e7\u00e3o de hot\u00e9is em detrimento de 1,6 milh\u00e3o de ha de \u00e1reas de preserva\u00e7\u00e3o.<\/p>\n\n\n\n<!--more-->\n\n\n\n<p><a href=\"https:\/\/brasil.elpais.com\/autor\/afonso-benites\/\">AFONSO BENITES<\/a>|<a href=\"https:\/\/brasil.elpais.com\/autor\/felipe-betim\/\">FELIPE BETIM<\/a>, no El Pa\u00eds<\/p>\n\n\n\n<p>O ministro do Meio Ambiente,\u00a0<a rel=\"noreferrer noopener\" href=\"https:\/\/brasil.elpais.com\/noticias\/ricardo-de-aquino-salles\/\" target=\"_blank\">Ricardo Salles<\/a>, cumpriu nesta segunda-feira parte de sua promessa de acabar com normas de prote\u00e7\u00e3o ambiental que, em sua opini\u00e3o, atrapalham a vida de empres\u00e1rios. E, utilizando a met\u00e1fora que o pr\u00f3prio ministro\u00a0<a rel=\"noreferrer noopener\" href=\"https:\/\/brasil.elpais.com\/brasil\/2020-05-22\/salles-ve-oportunidade-com-coronavirus-para-passar-de-boiada-desregulacao-da-protecao-ao-meio-ambiente.html\" target=\"_blank\">empregou durante uma reuni\u00e3o ministerial de abril<\/a>, \u201cpassou a boiada\u201d em algumas dessas regras. Como resultado de sua articula\u00e7\u00e3o, o Conselho Nacional do Meio Ambiente (Conama) retirou nesta segunda a prote\u00e7\u00e3o cerca de 1,6 milh\u00e3o de hectares de restingas e manguezais pelo pa\u00eds. S\u00e3o \u00e1reas de preserva\u00e7\u00e3o permanente nas proximidades do litoral brasileiro que despertam interesse do setor imobili\u00e1rio e de carcinicultores, os produtores de camar\u00e3o.<\/p>\n\n\n\n<p>Na reuni\u00e3o ordin\u00e1ria das 10h desta segunda, os 23 conselheiros revogaram as resolu\u00e7\u00f5es 302 e 303 do Conama, que estabeleciam normas como a prote\u00e7\u00e3o de uma faixa m\u00ednima de 300 metros de restingas e dos manguezais, al\u00e9m de mananciais urbanos e outros reservat\u00f3rios de \u00e1gua. Essas s\u00e3o \u00e1reas de prote\u00e7\u00e3o permanente. Sem essa preserva\u00e7\u00e3o, h\u00e1 a possibilidade, por exemplo, de hot\u00e9is de luxo se instalarem em \u00e1reas de mangues, por toda a regi\u00e3o litor\u00e2nea. O c\u00e1lculo sobre a regi\u00e3o potencialmente atingida foi feito pela organiza\u00e7\u00e3o&nbsp;<a href=\"https:\/\/mapbiomas.org\/\">Mapbiomas Brasil<\/a>, a pedido da reportagem.<\/p>\n\n\n\n<p>Tamb\u00e9m entrou na mira dos conselheiros \u2014a maioria ligados ao Governo federal, por meio de minist\u00e9rios, ou de entidades empresariais, como as confedera\u00e7\u00f5es nacionais da Agricultura (CNA) e da\u00a0Ind\u00fastria (CNI)\u2014 a resolu\u00e7\u00e3o 284, que submetia projetos de irriga\u00e7\u00e3o ao licenciamento ambiental. Tamb\u00e9m entrou em vigor uma resolu\u00e7\u00e3o que permite a queima de res\u00edduos poluentes de agrot\u00f3xicos em fornos de produ\u00e7\u00e3o de cimento.<\/p>\n\n\n\n<p>Essas prote\u00e7\u00f5es vigoram no pa\u00eds desde 2002. Parte delas, como as que tratam de faixas em que \u00e9 proibido desmatar ao redor de rios, j\u00e1 foi incorporada pelo C\u00f3digo Florestal, em vig\u00eancia desde 2012. Mas a que trata das restingas e do manguezal n\u00e3o foram. \u201cPouco a pouco estamos perdendo todo um arcabou\u00e7o legal que vem desde antes da Constitui\u00e7\u00e3o Federal de 1988. \u00c9 um retrocesso sem par\u00e2metros para o pa\u00eds\u201d, alertou a gerente da causa \u00e1gua da organiza\u00e7\u00e3o n\u00e3o governamental SOS Mata Atl\u00e2ntica, Malu Ribeiro. Para ela, o Conama deveria estar ampliando a \u00e1rea de prote\u00e7\u00e3o dos biomas, n\u00e3o diminuindo, como sugere o ministro Salles, que tamb\u00e9m preside o conselho.<\/p>\n\n\n\n<p>Em parecer emitido em mar\u00e7o deste ano, a consultoria jur\u00eddica do Minist\u00e9rio do Meio Ambiente j\u00e1 havia&nbsp;<a href=\"http:\/\/www2.mma.gov.br\/port\/conama\/processos\/797B7A8A\/PARECER_n._00059_2020_CONJUR_MMA_CGU_AGU_303.pdf\">defendido a revoga\u00e7\u00e3o integral<\/a>da resolu\u00e7\u00e3o. Seu principal argumento \u00e9 o de que as normas ou se repetem no C\u00f3digo Florestal ou elas foram alterados por ele. Portanto, haveria uma caducidade, o que geraria um antagonismo entre as duas regras. Desde 2017, quando a sugest\u00e3o de revoga\u00e7\u00e3o foi apresentada, o Minist\u00e9rio P\u00fablico Federal emite recomenda\u00e7\u00f5es para que esta regra n\u00e3o seja alterada. Os procuradores t\u00eam uma vaga no Conama, mas s\u00f3 t\u00eam direito a voz, n\u00e3o a voto.<\/p>\n\n\n\n<p>Essas desregulamenta\u00e7\u00f5es s\u00e3o algumas das que n\u00e3o dependem do Congresso Nacional, s\u00e3o as chamadas de infralegais. Em abril, durante uma reuni\u00e3o ministerial que acabou sendo divulgada no \u00e2mbito de uma investiga\u00e7\u00e3o policial contra o presidente Jair Bolsonaro, o ministro Salles chegou a sugerir que o momento da pandemia, onde as aten\u00e7\u00f5es da imprensa estavam voltadas para o tema da covid-19, seria o ideal para \u201cir&nbsp;<a href=\"https:\/\/brasil.elpais.com\/brasil\/2020-05-22\/salles-ve-oportunidade-com-coronavirus-para-passar-de-boiada-desregulacao-da-protecao-ao-meio-ambiente.html\">passando a boiada<\/a>&nbsp;e mudando todo o regramento e simplificando normas [ambientais] (&#8230;) de baciada\u201d.<\/p>\n\n\n\n<p>No in\u00edcio do Governo Jair Bolsonaro, houve uma mudan\u00e7a significativa na composi\u00e7\u00e3o dos conselhos. Antes, eram 96 conselheiros,&nbsp;<a href=\"http:\/\/www2.mma.gov.br\/port\/conama\/processos\/797B7A8A\/PARECER_n._00059_2020_CONJUR_MMA_CGU_AGU_303.pdf\">hoje s\u00e3o 23<\/a>. Quem mais perdeu assento no \u00f3rg\u00e3o colegiado foram as organiza\u00e7\u00f5es da sociedade civil, que tinham 23 representantes e hoje t\u00eam 4, e os Estados, que eram 27 e agora s\u00e3o 5. Os \u00fanicos votos contr\u00e1rios \u00e0 iniciativa do Governo vieram do Estado do Piau\u00ed e as duas ONGs presentes no encontro \u2014Instituto Internacional de Pesquisa e Responsabilidade Socioambiental Chico Mendes e a Associa\u00e7\u00e3o Novo Encanto de Desenvolvimento Ecol\u00f3gico. Por sua vez, o Rio Grande do Sul foi contr\u00e1rio a duas das tr\u00eas revoga\u00e7\u00f5es.<\/p>\n\n\n\n<p>Esses n\u00e3o foram os primeiros retrocessos na \u00e1rea ambiental em 2020. Nas \u00faltimas semanas, o Governo Bolsonaro tem atuado de maneira controversa no combate aos&nbsp;<a href=\"https:\/\/brasil.elpais.com\/brasil\/2020-09-12\/pantanal-sofre-a-maior-devastacao-de-sua-historia-enquanto-voluntarios-lutam-para-salvar-os-animais.html\">inc\u00eandios no Pantanal<\/a>&nbsp;e na Amaz\u00f4nia. Foi apenas na semana passada, dois meses ap\u00f3s a intensifica\u00e7\u00e3o das queimadas pantaneiras, que o ministro sobrevoou a regi\u00e3o e enviou equipes do Instituto Brasileiro do Meio Ambiente para fiscalizar \u00e1reas que estavam registrando focos de calor.<\/p>\n\n\n\n<p>Os\u00a0<a href=\"https:\/\/brasil.elpais.com\/opiniao\/2020-09-22\/sem-projeto-nacional-sobrou-o-antigoverno-na-defensiva.html\">discursos de Bolsonaro<\/a>\u00a0neste tema s\u00e3o no sentido de culpar \u00edndios e caboclos pelos inc\u00eandios, ainda que ele n\u00e3o apresente nenhuma prova neste sentido. Na \u00faltima semana, a PF indiciou quatro fazendeiros pelo in\u00edcio das queimadas em uma \u00e1rea de 25.000 hectares no\u00a0<a href=\"https:\/\/brasil.elpais.com\/brasil\/2020-09-16\/descaso-no-pantanal-e-amazonia-ameaca-negocios-do-brasil-enquanto-governo-se-isenta-de-responsabilidade.html\">Pantanal mato-grossense<\/a>.<\/p>\n","protected":false},"excerpt":{"rendered":"<p>Ministro articula revoga\u00e7\u00e3o de restri\u00e7\u00f5es no Conselho Nacional do Meio Ambiente, o Conama, para privilegiar instala\u00e7\u00e3o de hot\u00e9is em detrimento de 1,6 milh\u00e3o de ha de \u00e1reas de preserva\u00e7\u00e3o.<\/p>\n","protected":false},"author":1,"featured_media":0,"comment_status":"closed","ping_status":"open","sticky":false,"template":"","format":"standard","meta":{"_exactmetrics_skip_tracking":false,"_exactmetrics_sitenote_active":false,"_exactmetrics_sitenote_note":"","_exactmetrics_sitenote_category":0,"jetpack_post_was_ever_published":false,"_jetpack_newsletter_access":"","_jetpack_dont_email_post_to_subs":false,"_jetpack_newsletter_tier_id":0,"_jetpack_memberships_contains_paywalled_content":false,"_jetpack_memberships_contains_paid_content":false,"footnotes":"","jetpack_publicize_message":"","jetpack_publicize_feature_enabled":true,"jetpack_social_post_already_shared":true,"jetpack_social_options":{"image_generator_settings":{"template":"highway","enabled":false},"version":2}},"categories":[1],"tags":[],"class_list":["post-29813","post","type-post","status-publish","format-standard","hentry","category-notas"],"jetpack_publicize_connections":[],"jetpack_sharing_enabled":true,"jetpack_featured_media_url":"","jetpack_shortlink":"https:\/\/wp.me\/p7wKYW-7KR","jetpack-related-posts":[],"_links":{"self":[{"href":"http:\/\/blogdalucianaoliveira.com.br\/blog\/wp-json\/wp\/v2\/posts\/29813","targetHints":{"allow":["GET"]}}],"collection":[{"href":"http:\/\/blogdalucianaoliveira.com.br\/blog\/wp-json\/wp\/v2\/posts"}],"about":[{"href":"http:\/\/blogdalucianaoliveira.com.br\/blog\/wp-json\/wp\/v2\/types\/post"}],"author":[{"embeddable":true,"href":"http:\/\/blogdalucianaoliveira.com.br\/blog\/wp-json\/wp\/v2\/users\/1"}],"replies":[{"embeddable":true,"href":"http:\/\/blogdalucianaoliveira.com.br\/blog\/wp-json\/wp\/v2\/comments?post=29813"}],"version-history":[{"count":1,"href":"http:\/\/blogdalucianaoliveira.com.br\/blog\/wp-json\/wp\/v2\/posts\/29813\/revisions"}],"predecessor-version":[{"id":29815,"href":"http:\/\/blogdalucianaoliveira.com.br\/blog\/wp-json\/wp\/v2\/posts\/29813\/revisions\/29815"}],"wp:attachment":[{"href":"http:\/\/blogdalucianaoliveira.com.br\/blog\/wp-json\/wp\/v2\/media?parent=29813"}],"wp:term":[{"taxonomy":"category","embeddable":true,"href":"http:\/\/blogdalucianaoliveira.com.br\/blog\/wp-json\/wp\/v2\/categories?post=29813"},{"taxonomy":"post_tag","embeddable":true,"href":"http:\/\/blogdalucianaoliveira.com.br\/blog\/wp-json\/wp\/v2\/tags?post=29813"}],"curies":[{"name":"wp","href":"https:\/\/api.w.org\/{rel}","templated":true}]}}