{"id":29817,"date":"2020-09-30T22:20:04","date_gmt":"2020-10-01T02:20:04","guid":{"rendered":"http:\/\/blogdalucianaoliveira.com.br\/blog\/?p=29817"},"modified":"2020-09-30T22:20:14","modified_gmt":"2020-10-01T02:20:14","slug":"desembargador-cotado-para-stf-decidiu-contra-terra-indigena-e-a-favor-dos-agrotoxicos","status":"publish","type":"post","link":"http:\/\/blogdalucianaoliveira.com.br\/blog\/2020\/09\/30\/desembargador-cotado-para-stf-decidiu-contra-terra-indigena-e-a-favor-dos-agrotoxicos\/","title":{"rendered":"Desembargador cotado para STF decidiu contra terra ind\u00edgena e a favor dos agrot\u00f3xicos"},"content":{"rendered":"\n<figure class=\"wp-block-image size-large\"><img data-recalc-dims=\"1\" loading=\"lazy\" decoding=\"async\" width=\"600\" height=\"400\" data-attachment-id=\"29818\" data-permalink=\"http:\/\/blogdalucianaoliveira.com.br\/blog\/2020\/09\/30\/desembargador-cotado-para-stf-decidiu-contra-terra-indigena-e-a-favor-dos-agrotoxicos\/image-22-11\/\" data-orig-file=\"https:\/\/i0.wp.com\/blogdalucianaoliveira.com.br\/blog\/wp-content\/uploads\/2020\/09\/image-22.jpeg?fit=800%2C533\" data-orig-size=\"800,533\" data-comments-opened=\"0\" data-image-meta=\"{&quot;aperture&quot;:&quot;0&quot;,&quot;credit&quot;:&quot;&quot;,&quot;camera&quot;:&quot;&quot;,&quot;caption&quot;:&quot;&quot;,&quot;created_timestamp&quot;:&quot;0&quot;,&quot;copyright&quot;:&quot;&quot;,&quot;focal_length&quot;:&quot;0&quot;,&quot;iso&quot;:&quot;0&quot;,&quot;shutter_speed&quot;:&quot;0&quot;,&quot;title&quot;:&quot;&quot;,&quot;orientation&quot;:&quot;0&quot;}\" data-image-title=\"image-22\" data-image-description=\"\" data-image-caption=\"\" data-medium-file=\"https:\/\/i0.wp.com\/blogdalucianaoliveira.com.br\/blog\/wp-content\/uploads\/2020\/09\/image-22.jpeg?fit=300%2C200\" data-large-file=\"https:\/\/i0.wp.com\/blogdalucianaoliveira.com.br\/blog\/wp-content\/uploads\/2020\/09\/image-22.jpeg?fit=600%2C400\" src=\"https:\/\/i0.wp.com\/blogdalucianaoliveira.com.br\/blog\/wp-content\/uploads\/2020\/09\/image-22.jpeg?resize=600%2C400\" alt=\"\" class=\"wp-image-29818\" srcset=\"https:\/\/i0.wp.com\/blogdalucianaoliveira.com.br\/blog\/wp-content\/uploads\/2020\/09\/image-22.jpeg?w=800 800w, https:\/\/i0.wp.com\/blogdalucianaoliveira.com.br\/blog\/wp-content\/uploads\/2020\/09\/image-22.jpeg?resize=300%2C200 300w, https:\/\/i0.wp.com\/blogdalucianaoliveira.com.br\/blog\/wp-content\/uploads\/2020\/09\/image-22.jpeg?resize=768%2C512 768w, https:\/\/i0.wp.com\/blogdalucianaoliveira.com.br\/blog\/wp-content\/uploads\/2020\/09\/image-22.jpeg?resize=450%2C300 450w\" sizes=\"auto, (max-width: 600px) 100vw, 600px\" \/><\/figure>\n\n\n\n<h4 class=\"wp-block-heading\">Decis\u00f5es de Kassio Nunes Marques no ano de 2019 v\u00e3o ao encontro das pautas defendidas pelo governo federal<\/h4>\n\n\n\n<!--more-->\n\n\n\n<p>Vin\u00edcius Segalla, Brasil de Fato\u00a0<\/p>\n\n\n\n<p>O desembargador&nbsp;piauiense Kassio Nunes Marques, do Tribunal Regional Federal da 1\u00aa Regi\u00e3o (TRF-1), \u00e9 o mais recente nome cotado para ocupar a vaga do ministro Celso de Mello no Supremo Tribunal Federa (STFl), que dever\u00e1 deixar a corte \u2013 em aposentadoria antecipada \u2013 no dia 13 de outubro. \u00d3rg\u00e3os da imprensa nacional publicaram nesta quarta-feira (30) que Jair Bolsonaro teria dito a ministros da Suprema Corte que tem a inten\u00e7\u00e3o de indicar Nunes Marques para o cargo.<br><br>O desembargador \u2013 &nbsp;sempre h\u00e1 a possibilidade de se tratar de mais um bal\u00e3o de ensaio lan\u00e7ado pelo presidente da Rep\u00fablica \u2013 est\u00e1 sendo considerado mais moderado do que os demais juristas cotados para a fun\u00e7\u00e3o at\u00e9 agora. O hist\u00f3rico de suas decis\u00f5es recentes e mais emblem\u00e1ticas, entretanto, \u00e9 a favor de uma s\u00e9rie de bandeiras, pr\u00e1ticas e valores empunhados pelo&nbsp;<a href=\"https:\/\/www.brasildefato.com.br\/2020\/08\/29\/pesquisadores-debatem-antidotos-para-enfrentar-o-bolsonarismo-nas-redes\" target=\"_blank\" rel=\"noreferrer noopener\">bolsonarismo<\/a>.<\/p>\n\n\n\n<p>Veja, abaixo, uma amostra de como pensa e decide o desembargador Kassio Nunes Marques em temas sens\u00edveis ao presidente da Rep\u00fablica, como territ\u00f3rios ind\u00edgenas, combate \u00e0 corrup\u00e7\u00e3o e privil\u00e9gios, privatiza\u00e7\u00f5es, meio ambiente e agroneg\u00f3cio.<\/p>\n\n\n\n<p>Libera\u00e7\u00e3o do uso de agrot\u00f3xico<\/p>\n\n\n\n<figure class=\"wp-block-image\"><img data-recalc-dims=\"1\" decoding=\"async\" src=\"https:\/\/i0.wp.com\/cdn.brasildefato.com.br\/media\/9d9554c229f235de7ec91ec88516e4d3.jpg?w=600&#038;ssl=1\" alt=\"\"\/><\/figure>\n\n\n\n<p><br>No Brasil, o glifosato&nbsp;\u00e9 o herbicida mais utilizado na agricultura \/ Josh Edelson\/AFP<\/p>\n\n\n\n<p>No in\u00edcio de setembro de 2018, K\u00e1ssio Nunes Marques, do Tribunal Regional Federal da 1\u00aa Regi\u00e3o (TRF1), derrubou a liminar (decis\u00e3o provis\u00f3ria) que&nbsp;<a href=\"https:\/\/www.brasildefato.com.br\/2018\/09\/04\/uso-do-agrotoxico-glifosato-e-liberado-pela-justica\" target=\"_blank\" rel=\"noreferrer noopener\">suspendeu o registro de produtos \u00e0 base das subst\u00e2ncias glifosato<\/a>, tiram e abamectina no pa\u00eds. Conhecido comercialmente como Roundup, o glifosato \u00e9 um herbicida usado contra ervas daninhas indesejadas em produ\u00e7\u00f5es agr\u00edcolas.<br><br>Para decidir em favor dos agrot\u00f3xicos, Nunes Marques fez uso de um argumento econ\u00f4mico e de mercado, ponderou que a suspens\u00e3o dos registros dos produtos causaria les\u00e3o \u00e0 ordem p\u00fablica, por tirar as subst\u00e2ncias do mercado de maneira \u201cabrupta, sem a an\u00e1lise dos graves impactos que tal medida trar\u00e1 \u00e0 economia do pa\u00eds e \u00e0 popula\u00e7\u00e3o em geral\u201d.<\/p>\n\n\n\n<p>No dia 23 de setembro, latifundi\u00e1rio da soja e ent\u00e3o<a href=\"https:\/\/www.brasildefato.com.br\/2017\/07\/25\/fazenda-do-ministro-da-agricultura-em-rondonopolis-mt-e-ocupada-pelo-mst\" target=\"_blank\" rel=\"noreferrer noopener\">&nbsp;ministro da Agricultura, Blairo Maggi<\/a>, chegou a comemorar em sua conta no Twitter a derrubada da liminar, mas se desculpou em seguida, pois a decis\u00e3o ainda n\u00e3o havia sido proferida, o que s\u00f3 veio a acontecer sete dias depois, 30 de setembro. Nem o fazendeiro outrora ministro, nem o desembargador jamais explicaram como o primeiro soube com uma semana de anteced\u00eancia da decis\u00e3o do segundo.<\/p>\n\n\n\n<p>Para Alan Tygel, da coordena\u00e7\u00e3o nacional da Campanha Permanente Contra os Agrot\u00f3xicos e Pela Vida, a decis\u00e3o representou um risco para a popula\u00e7\u00e3o:&nbsp;<\/p>\n\n\n\n<p>\u201cA gente tem a\u00ed desde 2015, que a Organiza\u00e7\u00e3o Mundial da Sa\u00fade, atrav\u00e9s da sua ag\u00eancia de estudos oncol\u00f3gicos, classifica o Glifosato como&nbsp;um agrot\u00f3xico provavelmente cancer\u00edgeno, o que indica que j\u00e1 existem pesquisas s\u00f3lidas o suficiente para associar o Glifosato ao c\u00e2ncer.\u201d<\/p>\n\n\n\n<p>Libera\u00e7\u00e3o de ocupa\u00e7\u00e3o de terras ind\u00edgenas por n\u00e3o-ind\u00edgenas<\/p>\n\n\n\n<figure class=\"wp-block-image\"><img data-recalc-dims=\"1\" decoding=\"async\" src=\"https:\/\/i0.wp.com\/images02.brasildefato.com.br\/f1b8662eb90a792357ff4751031f6a1f.jpeg?w=600&#038;ssl=1\" alt=\"\"\/><\/figure>\n\n\n\n<p><br>O territ\u00f3rio de Jarudore \u00e9 terra ind\u00edgena protegida desde 1912, mas 90% de sua \u00e1rea \u00e9 ocupada por n\u00e3o \u00edndios \/ Reprodu\u00e7\u00e3o &#8211; Youtube<\/p>\n\n\n\n<p>K\u00e1ssio Nunes Marques suspendeu, no dia 24 de setembro do ano passado, liminar que obrigava a desocupa\u00e7\u00e3o de 2,5 mil moradores \u2013 n\u00e3o ind\u00edgenas \u2013 da comunidade em terra protegida de Jarudore, no munic\u00edpio de Poxor\u00e9u (MT), a 240 quil\u00f4metros da capital, Cuiab\u00e1.<br><br>No Plen\u00e1rio da C\u00e2mara Federal, o deputado federal Jos\u00e9 Antonio Medeiros (Pode-MT), que \u00e9 agente policial rodovi\u00e1rio e um dos maiores defensores do governo Bolsonaro, comemorou a decis\u00e3o:<br><br>\u201cUma grande vit\u00f3ria, nos esfor\u00e7amos muito. Temos que parabenizar a bancada toda e a cada morador de Jarudore. Eu diria que \u00e9 uma vit\u00f3ria substancial na busca pela reafirma\u00e7\u00e3o da verdade que se imp\u00f5e.\u201d<br><br>No dia 20 de agosto de 2019, os moradores que ocupam \u00e1reas de 1.930 hectares do territ\u00f3rio ind\u00edgena deveriam ter se retirado da \u00e1rea em 45 dias, conforme a determina\u00e7\u00e3o judicial relativa \u00e0 a\u00e7\u00e3o civil p\u00fablica proposta pelo Minist\u00e9rio P\u00fablico Federal (MPF), para a reintegra\u00e7\u00e3o de posse de terra pelos povos ind\u00edgenas Bororo.&nbsp;O Distrito de Jarudore foi reconhecido como terra Ind\u00edgena em 1912, mas, atualmente, mais de 90% da \u00e1rea \u00e9 ocupada por pessoas n\u00e3o \u00edndias.<\/p>\n\n\n\n<p>Lagosta no STF e&nbsp;fila especial para advogados no INSS&nbsp;<\/p>\n\n\n\n<p>No dia 7 de maio de 2019,&nbsp;K\u00e1ssio Nunes Marques atendeu pedido da Advocacia Geral da Uni\u00e3o (AGU) e liberou a licita\u00e7\u00e3o do Supremo Tribunal Federal (STF) para a compra de vinhos e refei\u00e7\u00f5es, incluindo lagosta e vinhos premiados internacionalmente. O TRF-1 estava decidindo sobre a mat\u00e9ria porque se tratava de um contrato feito com empresa fornecedora com sede em sua jurisdi\u00e7\u00e3o.<\/p>\n\n\n\n<p>Na decis\u00e3o, Nunes Marques afirmou que os produtos de alto custo eram justific\u00e1veis porque seriam utilizados em &#8220;refei\u00e7\u00f5es&nbsp;institucionais oferecidas \u00e0s mais graduadas autoridades nacionais e estrangeiras&#8221;, conforme se l\u00ea no trecho abaixo:<\/p>\n\n\n\n<p><em>N\u00e3o se trata de mero fornecimento ordin\u00e1rio de alimenta\u00e7\u00e3o aos Magistrados daquela Corte, tampouco se destina, a contrata\u00e7\u00e3o, a todo e qualquer evento. Bem diferente disso, o contrato a que se refere o Preg\u00e3o Eletr\u00f4nico 27\/2019\/STF se destina a qualificar o STF a oferecer&nbsp;<strong>refei\u00e7\u00f5es institucionais \u00e0s mais graduadas autoridades nacionais e estrangeiras<\/strong>, em compromissos oficiais nos quais a pr\u00f3pria dignidade da Institui\u00e7\u00e3o, obviamente<\/em><\/p>\n\n\n\n<p>Em outra decis\u00e3o recente, de novembro de 2017, durante o governo Michel Temer, o TRF-1&nbsp;manteve o atendimento priorit\u00e1rio dos advogados nas ag\u00eancias do Instituto Nacional do Seguro Social (INSS).<\/p>\n\n\n\n<p>O desembargador Kassio Nunes Marques, rejeitou efeito suspensivo apresentado pela ag\u00eancia. Desde 30 de outubro daquele ano, valia uma liminar concedida pela Justi\u00e7a Federal no DF, que determinou a garantia de atendimento diferenciado a advogados nas ag\u00eancias do INSS, sem agendamento pr\u00e9vio, em local pr\u00f3prio e independente de distribui\u00e7\u00e3o de senhas, durante o hor\u00e1rio de expediente.<\/p>\n\n\n\n<p>Privatiza\u00e7\u00e3o de subsidi\u00e1ria da Petrobras<\/p>\n\n\n\n<p>No dia 27 de junho de 2016, a Justi\u00e7a&nbsp;suspendeu liminar que impedia a venda pela Petrobras de 49% de sua subsidi\u00e1ria de g\u00e1s Gaspetro \u00e0 japonesa Mitsui. A estatal, ent\u00e3o vivendo uma&nbsp;<a href=\"https:\/\/www.brasildefato.com.br\/2017\/07\/11\/analise-or-dinheiro-que-lava-jato-quer-recuperar-nao-e-nem-metade-do-rombo-causado\" target=\"_blank\" rel=\"noreferrer noopener\">crise de caixa incensada pela Opera\u00e7\u00e3o Lava Jato<\/a>,&nbsp;tentava colocar em pr\u00e1tica um bilion\u00e1rio plano de venda de ativos.<\/p>\n\n\n\n<p>O neg\u00f3cio, de R$ 1,9 bilh\u00e3o de reais, havia sido impedido integralmente pelo&nbsp;Ju\u00edzo da Subse\u00e7\u00e3o Judici\u00e1ria de Paulo Afonso, na Bahia, mas a decis\u00e3o foi derrubada pelo desembargador Kassio Nunes Marques.<\/p>\n\n\n\n<p>Edi\u00e7\u00e3o: Rodrigo Chagas<\/p>\n","protected":false},"excerpt":{"rendered":"<p>Decis\u00f5es de Kassio Nunes Marques no ano de 2019 v\u00e3o ao encontro das pautas defendidas pelo governo federal<\/p>\n","protected":false},"author":1,"featured_media":0,"comment_status":"closed","ping_status":"open","sticky":false,"template":"","format":"standard","meta":{"_exactmetrics_skip_tracking":false,"_exactmetrics_sitenote_active":false,"_exactmetrics_sitenote_note":"","_exactmetrics_sitenote_category":0,"jetpack_post_was_ever_published":false,"_jetpack_newsletter_access":"","_jetpack_dont_email_post_to_subs":false,"_jetpack_newsletter_tier_id":0,"_jetpack_memberships_contains_paywalled_content":false,"_jetpack_memberships_contains_paid_content":false,"footnotes":"","jetpack_publicize_message":"","jetpack_publicize_feature_enabled":true,"jetpack_social_post_already_shared":true,"jetpack_social_options":{"image_generator_settings":{"template":"highway","enabled":false},"version":2}},"categories":[1],"tags":[],"class_list":["post-29817","post","type-post","status-publish","format-standard","hentry","category-notas"],"jetpack_publicize_connections":[],"jetpack_sharing_enabled":true,"jetpack_featured_media_url":"","jetpack_shortlink":"https:\/\/wp.me\/p7wKYW-7KV","jetpack-related-posts":[],"_links":{"self":[{"href":"http:\/\/blogdalucianaoliveira.com.br\/blog\/wp-json\/wp\/v2\/posts\/29817","targetHints":{"allow":["GET"]}}],"collection":[{"href":"http:\/\/blogdalucianaoliveira.com.br\/blog\/wp-json\/wp\/v2\/posts"}],"about":[{"href":"http:\/\/blogdalucianaoliveira.com.br\/blog\/wp-json\/wp\/v2\/types\/post"}],"author":[{"embeddable":true,"href":"http:\/\/blogdalucianaoliveira.com.br\/blog\/wp-json\/wp\/v2\/users\/1"}],"replies":[{"embeddable":true,"href":"http:\/\/blogdalucianaoliveira.com.br\/blog\/wp-json\/wp\/v2\/comments?post=29817"}],"version-history":[{"count":1,"href":"http:\/\/blogdalucianaoliveira.com.br\/blog\/wp-json\/wp\/v2\/posts\/29817\/revisions"}],"predecessor-version":[{"id":29819,"href":"http:\/\/blogdalucianaoliveira.com.br\/blog\/wp-json\/wp\/v2\/posts\/29817\/revisions\/29819"}],"wp:attachment":[{"href":"http:\/\/blogdalucianaoliveira.com.br\/blog\/wp-json\/wp\/v2\/media?parent=29817"}],"wp:term":[{"taxonomy":"category","embeddable":true,"href":"http:\/\/blogdalucianaoliveira.com.br\/blog\/wp-json\/wp\/v2\/categories?post=29817"},{"taxonomy":"post_tag","embeddable":true,"href":"http:\/\/blogdalucianaoliveira.com.br\/blog\/wp-json\/wp\/v2\/tags?post=29817"}],"curies":[{"name":"wp","href":"https:\/\/api.w.org\/{rel}","templated":true}]}}