{"id":2982,"date":"2016-08-09T17:29:38","date_gmt":"2016-08-09T21:29:38","guid":{"rendered":"http:\/\/blogdalucianaoliveira.com.br\/blog\/?p=2982"},"modified":"2016-08-09T17:29:38","modified_gmt":"2016-08-09T21:29:38","slug":"nao-saiba-teu-irmao-a-esquerda-o-que-teu-irmao-a-direita-faz","status":"publish","type":"post","link":"http:\/\/blogdalucianaoliveira.com.br\/blog\/2016\/08\/09\/nao-saiba-teu-irmao-a-esquerda-o-que-teu-irmao-a-direita-faz\/","title":{"rendered":"N\u00e3o saiba teu irM\u00e3o \u00e0 esquerda o que teu irM\u00e3o \u00e0 direita faz"},"content":{"rendered":"<p><img data-recalc-dims=\"1\" loading=\"lazy\" decoding=\"async\" data-attachment-id=\"2984\" data-permalink=\"http:\/\/blogdalucianaoliveira.com.br\/blog\/2016\/08\/09\/nao-saiba-teu-irmao-a-esquerda-o-que-teu-irmao-a-direita-faz\/image-693\/\" data-orig-file=\"https:\/\/i0.wp.com\/blogdalucianaoliveira.com.br\/blog\/wp-content\/uploads\/2016\/08\/image-60.jpeg?fit=514%2C286\" data-orig-size=\"514,286\" data-comments-opened=\"0\" data-image-meta=\"{&quot;aperture&quot;:&quot;0&quot;,&quot;credit&quot;:&quot;&quot;,&quot;camera&quot;:&quot;&quot;,&quot;caption&quot;:&quot;&quot;,&quot;created_timestamp&quot;:&quot;0&quot;,&quot;copyright&quot;:&quot;&quot;,&quot;focal_length&quot;:&quot;0&quot;,&quot;iso&quot;:&quot;0&quot;,&quot;shutter_speed&quot;:&quot;0&quot;,&quot;title&quot;:&quot;&quot;,&quot;orientation&quot;:&quot;0&quot;}\" data-image-title=\"image\" data-image-description=\"\" data-image-caption=\"\" data-medium-file=\"https:\/\/i0.wp.com\/blogdalucianaoliveira.com.br\/blog\/wp-content\/uploads\/2016\/08\/image-60.jpeg?fit=300%2C167\" data-large-file=\"https:\/\/i0.wp.com\/blogdalucianaoliveira.com.br\/blog\/wp-content\/uploads\/2016\/08\/image-60.jpeg?fit=514%2C286\" src=\"https:\/\/i0.wp.com\/blogdalucianaoliveira.com.br\/blog\/wp-content\/uploads\/2016\/08\/image-60.jpeg?resize=514%2C286\" alt=\"image\" width=\"514\" height=\"286\" class=\"alignnone size-full wp-image-2984\" srcset=\"https:\/\/i0.wp.com\/blogdalucianaoliveira.com.br\/blog\/wp-content\/uploads\/2016\/08\/image-60.jpeg?w=514 514w, https:\/\/i0.wp.com\/blogdalucianaoliveira.com.br\/blog\/wp-content\/uploads\/2016\/08\/image-60.jpeg?resize=300%2C167 300w\" sizes=\"auto, (max-width: 514px) 100vw, 514px\" \/><\/p>\n<p>PSC mant\u00e9m Feliciano na lideran\u00e7a do partido e decide processar jovem que denunciou deputado<!--more--><\/p>\n<p>De acordo com a assessoria da legenda, a c\u00fapula da sigla decidiu entrar na Justi\u00e7a contra a jovem por falsa denuncia\u00e7\u00e3o, para &#8216;defender a imagem do partido&#8217;<\/p>\n<p>Igor Gadelha,<br \/>\nO Estado de S.Paulo<\/p>\n<p>BRAS\u00cdLIA &#8211; A presid\u00eancia do PSC decidiu nesta ter\u00e7a-feira, 9, manter o deputado Pastor Marco Feliciano (SP) na lideran\u00e7a do partido na C\u00e2mara. A decis\u00e3o foi tomada durante reuni\u00e3o da c\u00fapula da sigla, para discutir a acusa\u00e7\u00e3o contra o parlamentar por tentativa de estupro, ass\u00e9dio sexual e agress\u00e3o feita pela jornalista Patr\u00edcia Lellis, de 22 anos. <\/p>\n<p>De acordo com a assessoria de imprensa do PSC, a c\u00fapula da sigla n\u00e3o s\u00f3 manteve Feliciano na lideran\u00e7a, como decidiu entrar na Justi\u00e7a contra a jovem por falsa denuncia\u00e7\u00e3o, para &#8220;defender a imagem do partido&#8221;. Nas den\u00fancias que fez, Patr\u00edcia afirmou que a legenda &#8220;sempre soube da den\u00fancia&#8221;, mas pediu que ela &#8220;ficasse calada&#8221;.<br \/>\nPublicidade<\/p>\n<p>Na noite do \u00faltimo domingo, 7, Patr\u00edcia L\u00e9llis registrou boletim de ocorr\u00eancia contra Feliciano em uma delegacia de Bras\u00edlia, por tentativas de estupro, ass\u00e9dio sexual e agress\u00e3o. Segundo o relato, o suposto crime aconteceu na manh\u00e3 do dia 15 de junho, no apartamento funcional do parlamentar na capital federal.<br \/>\nA jornalista j\u00e1 havia registrado um outro B.O. h\u00e1 tr\u00eas dias em S\u00e3o Paulo contra o chefe de gabinete do pol\u00edtico, Talma Bauer. O funcion\u00e1rio foi detido na \u00faltima sexta-feira, 5, por suspeita de manter a jovem em c\u00e1rcere privado e de obrig\u00e1-la a publicar v\u00eddeos negando as acusa\u00e7\u00f5es. Ele foi liberado no mesmo dia.<br \/>\nDefesa. Feliciano se defendeu das acusa\u00e7\u00f5es por meio de suas redes sociais. Em v\u00eddeo em que aparece ao lado de sua esposa, o deputado do PSC diz ter sido alvo de ataques a sua moral. Ele prometeu apresentar provas de sua inoc\u00eancia e defendeu que a jornalista seja responsabilizada por falsa comunica\u00e7\u00e3o de crime.<\/p>\n","protected":false},"excerpt":{"rendered":"<p>PSC mant\u00e9m Feliciano na lideran\u00e7a do partido e decide processar jovem que denunciou deputado<\/p>\n","protected":false},"author":1,"featured_media":0,"comment_status":"closed","ping_status":"open","sticky":false,"template":"","format":"standard","meta":{"_exactmetrics_skip_tracking":false,"_exactmetrics_sitenote_active":false,"_exactmetrics_sitenote_note":"","_exactmetrics_sitenote_category":0,"jetpack_post_was_ever_published":false,"_jetpack_newsletter_access":"","_jetpack_dont_email_post_to_subs":false,"_jetpack_newsletter_tier_id":0,"_jetpack_memberships_contains_paywalled_content":false,"_jetpack_memberships_contains_paid_content":false,"footnotes":"","jetpack_publicize_message":"","jetpack_publicize_feature_enabled":true,"jetpack_social_post_already_shared":true,"jetpack_social_options":{"image_generator_settings":{"template":"highway","enabled":false},"version":2}},"categories":[1],"tags":[],"class_list":["post-2982","post","type-post","status-publish","format-standard","hentry","category-notas"],"jetpack_publicize_connections":[],"jetpack_sharing_enabled":true,"jetpack_featured_media_url":"","jetpack_shortlink":"https:\/\/wp.me\/p7wKYW-M6","jetpack-related-posts":[],"_links":{"self":[{"href":"http:\/\/blogdalucianaoliveira.com.br\/blog\/wp-json\/wp\/v2\/posts\/2982","targetHints":{"allow":["GET"]}}],"collection":[{"href":"http:\/\/blogdalucianaoliveira.com.br\/blog\/wp-json\/wp\/v2\/posts"}],"about":[{"href":"http:\/\/blogdalucianaoliveira.com.br\/blog\/wp-json\/wp\/v2\/types\/post"}],"author":[{"embeddable":true,"href":"http:\/\/blogdalucianaoliveira.com.br\/blog\/wp-json\/wp\/v2\/users\/1"}],"replies":[{"embeddable":true,"href":"http:\/\/blogdalucianaoliveira.com.br\/blog\/wp-json\/wp\/v2\/comments?post=2982"}],"version-history":[{"count":2,"href":"http:\/\/blogdalucianaoliveira.com.br\/blog\/wp-json\/wp\/v2\/posts\/2982\/revisions"}],"predecessor-version":[{"id":2986,"href":"http:\/\/blogdalucianaoliveira.com.br\/blog\/wp-json\/wp\/v2\/posts\/2982\/revisions\/2986"}],"wp:attachment":[{"href":"http:\/\/blogdalucianaoliveira.com.br\/blog\/wp-json\/wp\/v2\/media?parent=2982"}],"wp:term":[{"taxonomy":"category","embeddable":true,"href":"http:\/\/blogdalucianaoliveira.com.br\/blog\/wp-json\/wp\/v2\/categories?post=2982"},{"taxonomy":"post_tag","embeddable":true,"href":"http:\/\/blogdalucianaoliveira.com.br\/blog\/wp-json\/wp\/v2\/tags?post=2982"}],"curies":[{"name":"wp","href":"https:\/\/api.w.org\/{rel}","templated":true}]}}