{"id":29826,"date":"2020-10-04T19:51:27","date_gmt":"2020-10-04T23:51:27","guid":{"rendered":"http:\/\/blogdalucianaoliveira.com.br\/blog\/?p=29826"},"modified":"2020-10-04T19:51:37","modified_gmt":"2020-10-04T23:51:37","slug":"papa-francisco-critica-neoliberalismo-e-virus-do-individualismo-em-nova-enciclica","status":"publish","type":"post","link":"http:\/\/blogdalucianaoliveira.com.br\/blog\/2020\/10\/04\/papa-francisco-critica-neoliberalismo-e-virus-do-individualismo-em-nova-enciclica\/","title":{"rendered":"Papa Francisco critica neoliberalismo e \u201cv\u00edrus do individualismo\u201d em nova enc\u00edclica"},"content":{"rendered":"\n<figure class=\"wp-block-image size-large\"><img data-recalc-dims=\"1\" loading=\"lazy\" decoding=\"async\" width=\"600\" height=\"400\" data-attachment-id=\"29827\" data-permalink=\"http:\/\/blogdalucianaoliveira.com.br\/blog\/2020\/10\/04\/papa-francisco-critica-neoliberalismo-e-virus-do-individualismo-em-nova-enciclica\/vatican-poland-religion-pope-health-virus\/\" data-orig-file=\"https:\/\/i0.wp.com\/blogdalucianaoliveira.com.br\/blog\/wp-content\/uploads\/2020\/10\/image-1.jpeg?fit=800%2C533\" data-orig-size=\"800,533\" data-comments-opened=\"0\" data-image-meta=\"{&quot;aperture&quot;:&quot;0&quot;,&quot;credit&quot;:&quot;AFP&quot;,&quot;camera&quot;:&quot;&quot;,&quot;caption&quot;:&quot;Pope Francis waves as he arrives on September 25, 2020 at San Dammaso courtyard in The Vatican for a private audience with Poland&#039;s President. (Photo by Filippo MONTEFORTE \\\/ AFP)&quot;,&quot;created_timestamp&quot;:&quot;1601021705&quot;,&quot;copyright&quot;:&quot;AFP or licensors&quot;,&quot;focal_length&quot;:&quot;0&quot;,&quot;iso&quot;:&quot;0&quot;,&quot;shutter_speed&quot;:&quot;0&quot;,&quot;title&quot;:&quot;VATICAN-POLAND-RELIGION-POPE-HEALTH-VIRUS&quot;,&quot;orientation&quot;:&quot;0&quot;}\" data-image-title=\"VATICAN-POLAND-RELIGION-POPE-HEALTH-VIRUS\" data-image-description=\"\" data-image-caption=\"&lt;p&gt;Pope Francis waves as he arrives on September 25, 2020 at San Dammaso courtyard in The Vatican for a private audience with Poland&amp;#8217;s President. (Photo by Filippo MONTEFORTE \/ AFP)&lt;\/p&gt;\n\" data-medium-file=\"https:\/\/i0.wp.com\/blogdalucianaoliveira.com.br\/blog\/wp-content\/uploads\/2020\/10\/image-1.jpeg?fit=300%2C200\" data-large-file=\"https:\/\/i0.wp.com\/blogdalucianaoliveira.com.br\/blog\/wp-content\/uploads\/2020\/10\/image-1.jpeg?fit=600%2C400\" src=\"https:\/\/i0.wp.com\/blogdalucianaoliveira.com.br\/blog\/wp-content\/uploads\/2020\/10\/image-1.jpeg?resize=600%2C400\" alt=\"\" class=\"wp-image-29827\" srcset=\"https:\/\/i0.wp.com\/blogdalucianaoliveira.com.br\/blog\/wp-content\/uploads\/2020\/10\/image-1.jpeg?w=800 800w, https:\/\/i0.wp.com\/blogdalucianaoliveira.com.br\/blog\/wp-content\/uploads\/2020\/10\/image-1.jpeg?resize=300%2C200 300w, https:\/\/i0.wp.com\/blogdalucianaoliveira.com.br\/blog\/wp-content\/uploads\/2020\/10\/image-1.jpeg?resize=768%2C512 768w, https:\/\/i0.wp.com\/blogdalucianaoliveira.com.br\/blog\/wp-content\/uploads\/2020\/10\/image-1.jpeg?resize=450%2C300 450w\" sizes=\"auto, (max-width: 600px) 100vw, 600px\" \/><\/figure>\n\n\n\n<h4 class=\"wp-block-heading\">Documento escrito por pont\u00edfice \u00e9 fruto de reflex\u00f5es em meio \u00e0 pandemia do novo coronav\u00edrus<\/h4>\n\n\n\n<!--more-->\n\n\n\n<p>Reda\u00e7\u00e3o, Brasil de Fato\u00a0<\/p>\n\n\n\n<p>A terceira enc\u00edclica escrita pelo Papa Francisco foi divulgada neste domingo (04) pelo Vaticano. O documento intitulado<a href=\"http:\/\/www.vatican.va\/content\/francesco\/pt\/encyclicals\/documents\/papa-francesco_20201003_enciclica-fratelli-tutti.html#_ftnref204\" target=\"_blank\" rel=\"noreferrer noopener\">&nbsp;<em>Fratelli tutti<\/em><\/a>&nbsp;<em>(&#8220;Todos irm\u00e3os&#8221;&nbsp;<\/em>em italiano), \u00e9 fruto de reflex\u00f5es do pont\u00edfice em meio \u00e0 pandemia da covid-19 e apresenta duras criticas \u00e0s pol\u00edticas neoliberais e ao individualismo.<\/p>\n\n\n\n<p>Com elevado tom pol\u00edtico, Papa Francisco abordou temas sociais e condenou o \u201cdogma neoliberal\u201d. &#8220;A especula\u00e7\u00e3o financeira com o lucro f\u00e1cil como objetivo fundamental continua provocando estragos&#8221;, escreveu, acrescentando que \u201co v\u00edrus do individualismo radical \u00e9 o v\u00edrus mais dif\u00edcil de derrotar&#8221;.&nbsp;<\/p>\n\n\n\n<p>Conforme escreveu o pont\u00edfice, \u201ca fragilidade dos sistemas mundiais perante a pandemia evidenciou que nem tudo se resolve com a liberdade de mercado e que, al\u00e9m de reabilitar uma pol\u00edtica saud\u00e1vel que n\u00e3o esteja sujeita aos ditames das finan\u00e7as, devemos voltar a p\u00f4r a dignidade humana no centro e sobre este pilar devem ser constru\u00eddas as estruturas sociais alternativas de que precisamos\u201d.<\/p>\n\n\n\n<p><strong><a href=\"http:\/\/www.vatican.va\/content\/francesco\/pt\/encyclicals\/documents\/papa-francesco_20201003_enciclica-fratelli-tutti.html#_ftnref204\" target=\"_blank\" rel=\"noreferrer noopener\">:: Leia a enc\u00edclica na \u00edntegra em portugu\u00eas ::<\/a><\/strong><\/p>\n\n\n\n<p>Papa Francisco criticou ainda a atua\u00e7\u00e3o internacional no combate \u00e0&nbsp;covid-19, que exp\u00f4s, de acordo com ele, as \u201cfalsas seguran\u00e7as\u201d do mundo globalizado. \u201cPor cima das v\u00e1rias respostas que deram os diferentes pa\u00edses, ficou evidente a incapacidade de agir em conjunto. Apesar de estarmos superconectados, verificou-se uma fragmenta\u00e7\u00e3o que tornou mais dif\u00edcil resolver os problemas que nos afetam. Se algu\u00e9m pensa que se tratava apenas de fazer funcionar melhor o que j\u00e1 faz\u00edamos, ou que a \u00fanica li\u00e7\u00e3o a tirar \u00e9 que devemos melhorar os sistemas e regras j\u00e1 existentes, est\u00e1 a negar a realidade\u201d.<\/p>\n\n\n\n<p>A enc\u00edclica \u00e9 dividida em oito cap\u00edtulos nos quais o papa defende a fraternidade universal e o direito de todo ser humano de viver &#8220;com dignidade e desenvolver-se plenamente&#8221;.<\/p>\n\n\n\n<p>&#8220;\u00c9 poss\u00edvel aceitar o desafio de sonhar e pensar em outra humanidade. \u00c9 poss\u00edvel desejar um planeta que assegure terra, teto e trabalho para todos&#8221;, defendeu.<\/p>\n\n\n\n<figure class=\"wp-block-embed-twitter wp-block-embed is-type-rich is-provider-twitter\"><div class=\"wp-block-embed__wrapper\">\n<blockquote class=\"twitter-tweet\" data-width=\"550\" data-dnt=\"true\"><p lang=\"pt\" dir=\"ltr\">Cuidar do mundo que nos rodeia e sustenta significa cuidar de n\u00f3s mesmos. Mas precisamos de nos constituirmos como um \u00abn\u00f3s\u00bb que habita a casa comum. <a href=\"https:\/\/twitter.com\/hashtag\/TempoDaCria%C3%A7%C3%A3o?src=hash&amp;ref_src=twsrc%5Etfw\">#TempoDaCria\u00e7\u00e3o<\/a> <a href=\"https:\/\/twitter.com\/hashtag\/FratelliTutti?src=hash&amp;ref_src=twsrc%5Etfw\">#FratelliTutti<\/a><\/p>&mdash; Papa Francisco (@Pontifex_pt) <a href=\"https:\/\/twitter.com\/Pontifex_pt\/status\/1312746796469284865?ref_src=twsrc%5Etfw\">October 4, 2020<\/a><\/blockquote><script async src=\"https:\/\/platform.twitter.com\/widgets.js\" charset=\"utf-8\"><\/script>\n<\/div><\/figure>\n\n\n\n<p>A conviv\u00eancia pac\u00edfica entre os povos e a promo\u00e7\u00e3o do que o pont\u00edfice conceitua como amizade social junto \u00e0 popula\u00e7\u00e3o vulner\u00e1vel, ou a\u00e7\u00f5es que n\u00e3o se limitem a palavras, conforme frisa, tamb\u00e9m foram temas abordados.<\/p>\n\n\n\n<p>Ao incentivar a chamada cultura do encontro, o papa chegou a citar o&nbsp;<em>Samba da B\u00ean\u00e7\u00e3o,<\/em>&nbsp;de Vin\u00edcius de Morais, ao incentivar a cultura do encontro:.&#8221;A vida \u00e9 a arte do encontro, embora haja tanto desencontro na vida&#8221;, registrou.<\/p>\n\n\n\n<p>O documento foi divulgada no dia de S\u00e3o Francisco de Assis, inspira\u00e7\u00e3o para o nome de Jorge Bergoglio como pont\u00edfice, tamb\u00e9m defendeu o direito \u00e0s migra\u00e7\u00f5es, cobrou mudan\u00e7as na Organiza\u00e7\u00e3o das Na\u00e7\u00f5es Unidas (ONU) e na ordem do sistema financeiro mundial como um todo.&nbsp;<\/p>\n\n\n\n<p>Outras duas enc\u00edclicas foram assinadas anteriormente:&nbsp;a&nbsp;<em>Lumen Fidei<\/em>&nbsp;(&#8220;Luz da F\u00e9&#8221;) e&nbsp;<em>Laudato Si<\/em>&nbsp;(&#8220;Louvado Sejas&#8221;), a primeira na hist\u00f3ria da Igreja Cat\u00f3lica dedicada exclusivamente ao meio ambiente.<\/p>\n\n\n\n<p>Edi\u00e7\u00e3o: Rodrigo Dur\u00e3o Coelho<\/p>\n","protected":false},"excerpt":{"rendered":"<p>Documento escrito por pont\u00edfice \u00e9 fruto de reflex\u00f5es em meio \u00e0 pandemia do novo coronav\u00edrus<\/p>\n","protected":false},"author":1,"featured_media":0,"comment_status":"closed","ping_status":"open","sticky":false,"template":"","format":"standard","meta":{"_exactmetrics_skip_tracking":false,"_exactmetrics_sitenote_active":false,"_exactmetrics_sitenote_note":"","_exactmetrics_sitenote_category":0,"jetpack_post_was_ever_published":false,"_jetpack_newsletter_access":"","_jetpack_dont_email_post_to_subs":false,"_jetpack_newsletter_tier_id":0,"_jetpack_memberships_contains_paywalled_content":false,"_jetpack_memberships_contains_paid_content":false,"footnotes":"","jetpack_publicize_message":"","jetpack_publicize_feature_enabled":true,"jetpack_social_post_already_shared":true,"jetpack_social_options":{"image_generator_settings":{"template":"highway","enabled":false},"version":2}},"categories":[1],"tags":[],"class_list":["post-29826","post","type-post","status-publish","format-standard","hentry","category-notas"],"jetpack_publicize_connections":[],"jetpack_sharing_enabled":true,"jetpack_featured_media_url":"","jetpack_shortlink":"https:\/\/wp.me\/p7wKYW-7L4","jetpack-related-posts":[],"_links":{"self":[{"href":"http:\/\/blogdalucianaoliveira.com.br\/blog\/wp-json\/wp\/v2\/posts\/29826","targetHints":{"allow":["GET"]}}],"collection":[{"href":"http:\/\/blogdalucianaoliveira.com.br\/blog\/wp-json\/wp\/v2\/posts"}],"about":[{"href":"http:\/\/blogdalucianaoliveira.com.br\/blog\/wp-json\/wp\/v2\/types\/post"}],"author":[{"embeddable":true,"href":"http:\/\/blogdalucianaoliveira.com.br\/blog\/wp-json\/wp\/v2\/users\/1"}],"replies":[{"embeddable":true,"href":"http:\/\/blogdalucianaoliveira.com.br\/blog\/wp-json\/wp\/v2\/comments?post=29826"}],"version-history":[{"count":1,"href":"http:\/\/blogdalucianaoliveira.com.br\/blog\/wp-json\/wp\/v2\/posts\/29826\/revisions"}],"predecessor-version":[{"id":29828,"href":"http:\/\/blogdalucianaoliveira.com.br\/blog\/wp-json\/wp\/v2\/posts\/29826\/revisions\/29828"}],"wp:attachment":[{"href":"http:\/\/blogdalucianaoliveira.com.br\/blog\/wp-json\/wp\/v2\/media?parent=29826"}],"wp:term":[{"taxonomy":"category","embeddable":true,"href":"http:\/\/blogdalucianaoliveira.com.br\/blog\/wp-json\/wp\/v2\/categories?post=29826"},{"taxonomy":"post_tag","embeddable":true,"href":"http:\/\/blogdalucianaoliveira.com.br\/blog\/wp-json\/wp\/v2\/tags?post=29826"}],"curies":[{"name":"wp","href":"https:\/\/api.w.org\/{rel}","templated":true}]}}