{"id":29829,"date":"2020-10-05T15:28:52","date_gmt":"2020-10-05T19:28:52","guid":{"rendered":"http:\/\/blogdalucianaoliveira.com.br\/blog\/?p=29829"},"modified":"2020-10-05T15:29:52","modified_gmt":"2020-10-05T19:29:52","slug":"o-direito-e-uma-abstracao-juridica-enquanto-que-a-luta-de-classe-e-a-unica-forma-de-manter-a-sociedade-no-radar-da-democracia","status":"publish","type":"post","link":"http:\/\/blogdalucianaoliveira.com.br\/blog\/2020\/10\/05\/o-direito-e-uma-abstracao-juridica-enquanto-que-a-luta-de-classe-e-a-unica-forma-de-manter-a-sociedade-no-radar-da-democracia\/","title":{"rendered":"O direito \u00e9 uma abstra\u00e7\u00e3o jur\u00eddica enquanto que a luta de classe \u00e9 a \u00fanica forma de manter a sociedade no radar da democracia"},"content":{"rendered":"\n<figure class=\"wp-block-image size-large\"><img data-recalc-dims=\"1\" loading=\"lazy\" decoding=\"async\" width=\"600\" height=\"323\" data-attachment-id=\"29830\" data-permalink=\"http:\/\/blogdalucianaoliveira.com.br\/blog\/2020\/10\/05\/o-direito-e-uma-abstracao-juridica-enquanto-que-a-luta-de-classe-e-a-unica-forma-de-manter-a-sociedade-no-radar-da-democracia\/image-2-19\/\" data-orig-file=\"https:\/\/i0.wp.com\/blogdalucianaoliveira.com.br\/blog\/wp-content\/uploads\/2020\/10\/image-2.jpeg?fit=755%2C406\" data-orig-size=\"755,406\" data-comments-opened=\"0\" data-image-meta=\"{&quot;aperture&quot;:&quot;0&quot;,&quot;credit&quot;:&quot;&quot;,&quot;camera&quot;:&quot;&quot;,&quot;caption&quot;:&quot;&quot;,&quot;created_timestamp&quot;:&quot;0&quot;,&quot;copyright&quot;:&quot;&quot;,&quot;focal_length&quot;:&quot;0&quot;,&quot;iso&quot;:&quot;0&quot;,&quot;shutter_speed&quot;:&quot;0&quot;,&quot;title&quot;:&quot;&quot;,&quot;orientation&quot;:&quot;0&quot;}\" data-image-title=\"image-2\" data-image-description=\"\" data-image-caption=\"\" data-medium-file=\"https:\/\/i0.wp.com\/blogdalucianaoliveira.com.br\/blog\/wp-content\/uploads\/2020\/10\/image-2.jpeg?fit=300%2C161\" data-large-file=\"https:\/\/i0.wp.com\/blogdalucianaoliveira.com.br\/blog\/wp-content\/uploads\/2020\/10\/image-2.jpeg?fit=600%2C323\" src=\"https:\/\/i0.wp.com\/blogdalucianaoliveira.com.br\/blog\/wp-content\/uploads\/2020\/10\/image-2.jpeg?resize=600%2C323\" alt=\"\" class=\"wp-image-29830\" srcset=\"https:\/\/i0.wp.com\/blogdalucianaoliveira.com.br\/blog\/wp-content\/uploads\/2020\/10\/image-2.jpeg?w=755 755w, https:\/\/i0.wp.com\/blogdalucianaoliveira.com.br\/blog\/wp-content\/uploads\/2020\/10\/image-2.jpeg?resize=300%2C161 300w, https:\/\/i0.wp.com\/blogdalucianaoliveira.com.br\/blog\/wp-content\/uploads\/2020\/10\/image-2.jpeg?resize=558%2C300 558w\" sizes=\"auto, (max-width: 600px) 100vw, 600px\" \/><\/figure>\n\n\n\n<p><strong>Por Claudinei dos Santos <\/strong>&#8211; Neste dia 05 de outubro,\u00a0comemoramos\u00a032 anos da\u00a0promulga\u00e7\u00e3o\u00a0da\u00a0nossa\u00a0atual Constitui\u00e7\u00e3o Federativa do Brasil.\u00a0<br><\/p>\n\n\n\n<!--more-->\n\n\n\n<p>Leia-se atual, porque at\u00e9 chegarmos nesta, tivemos (a)\u00a0Constitui\u00e7\u00e3o de 1824 (Brasil Imp\u00e9rio), (b)\u00a0Constitui\u00e7\u00e3ode 1891 (Brasil Rep\u00fablica), (c)\u00a0Constitui\u00e7\u00e3o\u00a0de 1934 (Segunda Rep\u00fablica), (d)\u00a0Constitui\u00e7\u00e3o de 1937 (Estado Novo), (e) Constitui\u00e7\u00e3o de 1946, (f)\u00a0Constitui\u00e7\u00e3o de 1967 (Regime Militar) e (g)\u00a0a nossa homenageada a\u00a0Constitui\u00e7\u00e3o de 1988 (Constitui\u00e7\u00e3o Cidad\u00e3).\u00a0<br><\/p>\n\n\n\n<p>Per\u00edodo este que ser\u00e1 embalado por diversas referencias positivas sobre a carta magna, no tocante ao seu espirito cidad\u00e3, como promessa de ser&nbsp;esta&nbsp;o&nbsp;<strong><em>caminho para a<\/em>&nbsp;<em>paz<\/em><\/strong>&nbsp;dado o sofrimento coletivo dos anos de ditadura,&nbsp;de&nbsp;constru\u00e7\u00e3o de uma sociedade justa e igualit\u00e1ria por meio do&nbsp;<strong><em>combate \u00e0s desigualdades socias<\/em><\/strong>&nbsp;e&nbsp;da preserva\u00e7\u00e3o da dignidade da pessoa humana com a&nbsp;<strong><em>efetiva\u00e7\u00e3o de direitos sociais<\/em><\/strong>&nbsp;muito bem sistematizados pelo&nbsp;Papa&nbsp;Francisco&nbsp;anos depois, como&nbsp;\u201c3 Ts: Terra, Teto, Trabalho\u201d.&nbsp;No entanto, \u00e9 preciso tamb\u00e9m&nbsp;aproveitarmos este momento de reverencia&nbsp;e confraterniza\u00e7\u00e3o&nbsp;c\u00edvica, para fazermos um balan\u00e7o&nbsp;pol\u00edtico&nbsp;cr\u00edtico do prometido e&nbsp;do&nbsp;efetivado&nbsp;do ponto de vista dos&nbsp;direitos sociais,&nbsp;dos direitos difusos, da nossa soberania nacional, da&nbsp;preserva\u00e7\u00e3o das institui\u00e7\u00f5es&nbsp;do Estado&nbsp;Democr\u00e1tico&nbsp;de Direito. <\/p>\n\n\n\n<p>Nas comemora\u00e7\u00f5es das bodas de prata&nbsp;da constitui\u00e7\u00e3o&nbsp;federal, o ministro&nbsp;Gilmar Mendes&nbsp;(2003)&nbsp;escreveu&nbsp;na ocasi\u00e3o, linha fina&nbsp;<strong><em>\u201cHoje, n\u00e3o mais nos sobressalta qualquer temor sobre a estabilidade de nossas institui\u00e7\u00f5es, e a democracia consolidou-se como um valor em si mesmo\u201d<\/em><\/strong>. De l\u00e1 para c\u00e1, se passaram apenas&nbsp;7 anos&nbsp;e as contradi\u00e7\u00f5es da nossa&nbsp;sociedade, produziu&nbsp;atual&nbsp;governo&nbsp;que vem de forma&nbsp;permanentes&nbsp;provendo&nbsp;ataques aos valores destacados pelo o ent\u00e3o ministro, colocando em risco a possibilidades de celebrarmos&nbsp;a idade de cristo&nbsp;por meio da nossa homenageada.&nbsp;Nossa chave de leitura, est\u00e1 hospedada nas premissas&nbsp;do&nbsp;constitucionalismo da efetividade&nbsp;frente&nbsp;a norma&nbsp;compactuada&nbsp;escrita,&nbsp;buscando auferir os resultados das pol\u00edticas&nbsp;sociais,&nbsp;econ\u00f4micos&nbsp;e ambientais&nbsp;do nosso processo hist\u00f3rico vivido.&nbsp;\u00c9 preciso ainda termos claro,&nbsp;que&nbsp;nossa constitui\u00e7\u00e3o \u00e9 produto de uma agenda social ut\u00f3pica que foi compactuada&nbsp;no&nbsp;atual&nbsp;texto constitucional a qual&nbsp;hoje&nbsp;celebramos seus 32 anos.&nbsp;<\/p>\n\n\n\n<p>Este&nbsp;modelo \u00e9 chamado por&nbsp;Peter H\u00e4berle&nbsp;(2001)&nbsp;de \u201cdesejos de utopia\u201d,&nbsp;da\u00ed a necessidade e a validade de&nbsp;organiza\u00e7\u00f5es sociais&nbsp;como o MST, que se proponha a desenvolver a\u00e7\u00f5es que busquem a concretude&nbsp;dos valores proclamados solenemente no texto constitucional, militando para a verdadeira obten\u00e7\u00e3o destas esperan\u00e7as&nbsp;ut\u00f3picas&nbsp;normatizada, ao mesmo tempo que \u00e9 precisa denunciar qualquer amea\u00e7a de retrocesso&nbsp;que hoje est\u00e1 representado nos processos que vai do golpe jur\u00eddico parlamentar contra o governo Dilma, que reverberou no impedimento da candidatura do ex-presidente Lula chegando a elei\u00e7\u00e3o do atual governo Jair Bolsonaro dos quais passamos&nbsp;a dar os seguintes destaques.&nbsp;<br><\/p>\n\n\n\n<p>Em 2003 Mendes n\u00e3o previa assim como n\u00f3s, que a nossa t\u00e3o jovem democracia poderia estar correndo perigo conforme artigo j\u00e1 citado, e nem sabia o mesmo ministro, que teria que se posicionar agindo como um poder moderador, frente a escalada militar rumo ao que foi em 1964. Com o n\u00e3o aceite dos resultados da elei\u00e7\u00e3o de 2015, o ent\u00e3o candidato derrotado A\u00e9cio Neves, resolve questionar o processo eleitoral que reelegeu a ent\u00e3o presidenta Dilma Rousseff. <br><\/p>\n\n\n\n<p>A estrat\u00e9gia para a derrubada da presidenta ganha for\u00e7a e aliados, tendo como principal os meios de comunica\u00e7\u00e3o, hegemonizada pela a rede globo, produzindo na sociedade o sen\u00e1rio para um golpe que se avizinhava, mas que para isto precisaria ter uma roupagem de legalidade. Nesta altura as for\u00e7as democr\u00e1ticas n\u00e3o tinham a dimens\u00e3o da gravidade do cen\u00e1rio futuro, e este processo teve como desfecho o impeachment de uma presidenta eleita com 54% dos votos, que se convencionou a chamar de golpe jur\u00eddico-pol\u00edtico, abrindo caminho para se chegar ao ponto mais alto desta escolado golpista, o impedimento da candidatura do ex-presidente Lula  nas elei\u00e7\u00f5es de 2018. <br><\/p>\n\n\n\n<p>Entre o golpe de 2015 e as elei\u00e7\u00f5es de 2018, tivemos ainda o in\u00edcio do desmonte do Estado de Bem-Estar Social, protagonizado por uma teoria Constitucional Social, dentre as quais podem ser citadas as Constitui\u00e7\u00f5es Mexicana (1917), e de Weimar (1919), por meio da reforma trabalhista. Seguindo o rito do&nbsp;Golpe,&nbsp;mas agora com uma altera\u00e7\u00e3o, o processo eleitoral de 2018 foi tomando pelos interesses do capital financeiro internacional, que em fina coopera\u00e7\u00e3o entre o american police department, minist\u00e9rio p\u00fablico federal e pol\u00edcia federal se constituiu o que se convencionou a chamar de Rep\u00fablica Federativa de Curitiba, tendo como principal objetivo, o impedimento da participa\u00e7\u00e3o do ex presidente Lula nas elei\u00e7\u00f5es daquele ano, caracterizado t\u00e9cnica do lawfare. <br><\/p>\n\n\n\n<p>Esta escalada de ataques a constitui\u00e7\u00e3o brasileira, vai tendo cada vez mais a coniv\u00eancia das institui\u00e7\u00f5es do estado de direito ao mesmo tempo que demonstra um baixo poder de rea\u00e7\u00e3o da sociedade civil organizada frente ao&nbsp;oque estava ocorrendo no submundo da pol\u00edtica, produzindo assim,&nbsp;uma jun\u00e7\u00e3o perigos\u00edssima&nbsp;e uma&nbsp;intr\u00ednseca rela\u00e7\u00e3o entre&nbsp;pol\u00edtica,&nbsp;religi\u00e3o e for\u00e7as armadas. <\/p>\n\n\n\n<p>Este trip\u00e9 de alian\u00e7a mais a produ\u00e7\u00e3o de um&nbsp;discurso de \u00f3dio semeado na sociedade e avesso a tudo que cheire&nbsp;democracia e contradit\u00f3rio,&nbsp;vai desembocar na elei\u00e7\u00e3o de Jair Bolsonaro, inaugurando uma terceira altera\u00e7\u00e3o no nosso sistema constitucional, que \u00e9 a introdu\u00e7\u00e3o do estado de exce\u00e7\u00e3o. \u00c9 com base nesta concep\u00e7\u00e3o filos\u00f3fica que a forma de gest\u00e3o do Brasil como Estado Na\u00e7\u00e3o, vai se pautar por meio daquilo que Achille Mbembe vai chamar de necropol\u00edtica. <br><\/p>\n\n\n\n<p>Esta necropol\u00edtica = pol\u00edtica da morte, vai se materializar durante a pandemia da covid-19 por meio de uma pol\u00edtica deliberada do governo em apostar na chamada contamina\u00e7\u00e3o de rebanho e sele\u00e7\u00e3o natural de esp\u00e9cie e na estimulada dicotomia e preval\u00eancia do econ\u00f4mico frente a sa\u00fade p\u00fablica, que j\u00e1 produziu 145 mil mortes pela a covid.&nbsp;Feito esta retrospectiva constitucional, podemos afirmar que a democracia&nbsp;associada ao estado de Bem-Estar Social, poutado pelas conquistas dos&nbsp;direitos&nbsp;comodireito \u00e0&nbsp;vida,&nbsp;\u00e0&nbsp;liberdade de express\u00e3o, direito&nbsp;\u00e0 alimenta\u00e7\u00e3o digna, direito a terra,&nbsp;trabalho&nbsp;e&nbsp;moradia&nbsp;est\u00e1 na berlinda, e cabe as representa\u00e7\u00f5es da sociedade civil organizada lutar e zelar para que o tempo presente n\u00e3o retroaja \u00e0 um passado recente.&nbsp;<\/p>\n\n\n\n<p>Referencias&nbsp;<\/p>\n\n\n\n<p>Gilmar Mendes: Celebramos os 25 anos da constitui\u00e7\u00e3o federal! Consultor Jur\u00eddico. 5 de outubro de 2013.&nbsp;Dispon\u00edvel em: &lt;https:\/\/www.conjur.com.br\/2013-out-05\/observatorio-constitucional-celebremos-25-anos-constituicao-federal&nbsp;&gt;. Acesso em:&nbsp;04 de outubro de 2020.&nbsp;<\/p>\n\n\n\n<p>H\u00c4BERLE, Peter. El Estado Constitucional. Trad. Hector Fix-Fierro, M\u00e9xico D.F: Universidad Aut\u00f4noma de M\u00e9xico; 2001, p. 7.<\/p>\n","protected":false},"excerpt":{"rendered":"<p>Por Claudinei dos Santos &#8211; Neste dia 05 de outubro,\u00a0comemoramos\u00a032 anos da\u00a0promulga\u00e7\u00e3o\u00a0da\u00a0nossa\u00a0atual Constitui\u00e7\u00e3o Federativa do Brasil.\u00a0<\/p>\n","protected":false},"author":1,"featured_media":0,"comment_status":"closed","ping_status":"open","sticky":false,"template":"","format":"standard","meta":{"_exactmetrics_skip_tracking":false,"_exactmetrics_sitenote_active":false,"_exactmetrics_sitenote_note":"","_exactmetrics_sitenote_category":0,"jetpack_post_was_ever_published":false,"_jetpack_newsletter_access":"","_jetpack_dont_email_post_to_subs":false,"_jetpack_newsletter_tier_id":0,"_jetpack_memberships_contains_paywalled_content":false,"_jetpack_memberships_contains_paid_content":false,"footnotes":"","jetpack_publicize_message":"","jetpack_publicize_feature_enabled":true,"jetpack_social_post_already_shared":true,"jetpack_social_options":{"image_generator_settings":{"template":"highway","enabled":false},"version":2}},"categories":[1],"tags":[],"class_list":["post-29829","post","type-post","status-publish","format-standard","hentry","category-notas"],"jetpack_publicize_connections":[],"jetpack_sharing_enabled":true,"jetpack_featured_media_url":"","jetpack_shortlink":"https:\/\/wp.me\/p7wKYW-7L7","jetpack-related-posts":[],"_links":{"self":[{"href":"http:\/\/blogdalucianaoliveira.com.br\/blog\/wp-json\/wp\/v2\/posts\/29829","targetHints":{"allow":["GET"]}}],"collection":[{"href":"http:\/\/blogdalucianaoliveira.com.br\/blog\/wp-json\/wp\/v2\/posts"}],"about":[{"href":"http:\/\/blogdalucianaoliveira.com.br\/blog\/wp-json\/wp\/v2\/types\/post"}],"author":[{"embeddable":true,"href":"http:\/\/blogdalucianaoliveira.com.br\/blog\/wp-json\/wp\/v2\/users\/1"}],"replies":[{"embeddable":true,"href":"http:\/\/blogdalucianaoliveira.com.br\/blog\/wp-json\/wp\/v2\/comments?post=29829"}],"version-history":[{"count":2,"href":"http:\/\/blogdalucianaoliveira.com.br\/blog\/wp-json\/wp\/v2\/posts\/29829\/revisions"}],"predecessor-version":[{"id":29832,"href":"http:\/\/blogdalucianaoliveira.com.br\/blog\/wp-json\/wp\/v2\/posts\/29829\/revisions\/29832"}],"wp:attachment":[{"href":"http:\/\/blogdalucianaoliveira.com.br\/blog\/wp-json\/wp\/v2\/media?parent=29829"}],"wp:term":[{"taxonomy":"category","embeddable":true,"href":"http:\/\/blogdalucianaoliveira.com.br\/blog\/wp-json\/wp\/v2\/categories?post=29829"},{"taxonomy":"post_tag","embeddable":true,"href":"http:\/\/blogdalucianaoliveira.com.br\/blog\/wp-json\/wp\/v2\/tags?post=29829"}],"curies":[{"name":"wp","href":"https:\/\/api.w.org\/{rel}","templated":true}]}}