{"id":29837,"date":"2020-10-06T22:20:21","date_gmt":"2020-10-07T02:20:21","guid":{"rendered":"http:\/\/blogdalucianaoliveira.com.br\/blog\/?p=29837"},"modified":"2020-10-06T22:20:29","modified_gmt":"2020-10-07T02:20:29","slug":"advogado-que-agrediu-idosa-em-porto-velho-pode-ser-suspenso-preventivamente-da-oab","status":"publish","type":"post","link":"http:\/\/blogdalucianaoliveira.com.br\/blog\/2020\/10\/06\/advogado-que-agrediu-idosa-em-porto-velho-pode-ser-suspenso-preventivamente-da-oab\/","title":{"rendered":"Advogado que agrediu idosa em Porto Velho pode ser suspenso preventivamente da OAB"},"content":{"rendered":"\n<figure class=\"wp-block-image size-large\"><img data-recalc-dims=\"1\" loading=\"lazy\" decoding=\"async\" width=\"600\" height=\"401\" data-attachment-id=\"29838\" data-permalink=\"http:\/\/blogdalucianaoliveira.com.br\/blog\/2020\/10\/06\/advogado-que-agrediu-idosa-em-porto-velho-pode-ser-suspenso-preventivamente-da-oab\/48b83946-eb3e-4a4a-9487-50615c097385\/\" data-orig-file=\"https:\/\/i0.wp.com\/blogdalucianaoliveira.com.br\/blog\/wp-content\/uploads\/2020\/10\/48B83946-EB3E-4A4A-9487-50615C097385.jpeg?fit=640%2C428\" data-orig-size=\"640,428\" data-comments-opened=\"0\" data-image-meta=\"{&quot;aperture&quot;:&quot;0&quot;,&quot;credit&quot;:&quot;&quot;,&quot;camera&quot;:&quot;&quot;,&quot;caption&quot;:&quot;&quot;,&quot;created_timestamp&quot;:&quot;0&quot;,&quot;copyright&quot;:&quot;&quot;,&quot;focal_length&quot;:&quot;0&quot;,&quot;iso&quot;:&quot;0&quot;,&quot;shutter_speed&quot;:&quot;0&quot;,&quot;title&quot;:&quot;&quot;,&quot;orientation&quot;:&quot;1&quot;}\" data-image-title=\"48B83946-EB3E-4A4A-9487-50615C097385\" data-image-description=\"\" data-image-caption=\"\" data-medium-file=\"https:\/\/i0.wp.com\/blogdalucianaoliveira.com.br\/blog\/wp-content\/uploads\/2020\/10\/48B83946-EB3E-4A4A-9487-50615C097385.jpeg?fit=300%2C201\" data-large-file=\"https:\/\/i0.wp.com\/blogdalucianaoliveira.com.br\/blog\/wp-content\/uploads\/2020\/10\/48B83946-EB3E-4A4A-9487-50615C097385.jpeg?fit=600%2C401\" src=\"https:\/\/i0.wp.com\/blogdalucianaoliveira.com.br\/blog\/wp-content\/uploads\/2020\/10\/48B83946-EB3E-4A4A-9487-50615C097385.jpeg?resize=600%2C401\" alt=\"\" class=\"wp-image-29838\" srcset=\"https:\/\/i0.wp.com\/blogdalucianaoliveira.com.br\/blog\/wp-content\/uploads\/2020\/10\/48B83946-EB3E-4A4A-9487-50615C097385.jpeg?w=640 640w, https:\/\/i0.wp.com\/blogdalucianaoliveira.com.br\/blog\/wp-content\/uploads\/2020\/10\/48B83946-EB3E-4A4A-9487-50615C097385.jpeg?resize=300%2C201 300w, https:\/\/i0.wp.com\/blogdalucianaoliveira.com.br\/blog\/wp-content\/uploads\/2020\/10\/48B83946-EB3E-4A4A-9487-50615C097385.jpeg?resize=449%2C300 449w\" sizes=\"auto, (max-width: 600px) 100vw, 600px\" \/><\/figure>\n\n\n\n<p>Advogado que agrediu idosa em Porto Velho pode ser suspenso preventivamente da OAB.<\/p>\n\n\n\n<!--more-->\n\n\n\n<p>O presidente da Ordem dos Advogados do Brasil \u2013 Seccional Rond\u00f4nia, Elton Assis, noticiou ao Tribunal de \u00c9tica e Disciplina (TED), no final da tarde desta segunda-feira (06), a conduta de advogado que agrediu fisicamente uma idosa em Porto Velho. A agress\u00e3o foi registrada por meio das c\u00e2meras de seguran\u00e7a, que mostram a gravidade do ato.<\/p>\n\n\n\n<p>O v\u00eddeo veiculado amplamente em redes sociais foi encaminhado pela Presid\u00eancia ao TED para a an\u00e1lise do caso e ado\u00e7\u00e3o das medidas cab\u00edveis ao agressor, por poss\u00edvel infra\u00e7\u00e3o ao C\u00f3digo de \u00c9tica e Disciplina da OAB. Al\u00e9m da poss\u00edvel suspens\u00e3o preventiva, o tribunal pode deflagrar processo \u00e9tico profissional em desfavor do advogado envolvido, assegurando o devido processo legal, a ampla defesa e o contradit\u00f3rio, nos termos da Lei 8906\/1994, Regulamento Geral e C\u00f3digo de \u00c9tica.<\/p>\n\n\n\n<p>Elton Assis, afirma que a Ordem mant\u00e9m-se vigilante e atenta para tomar medidas en\u00e9rgicas sempre que houver qualquer tipo de viola\u00e7\u00e3o por parte de membros da classe. \u201cEstamos sempre \u00e0 frente, na defesa das prerrogativas da advocacia, prezamos pela integridade dos nossos profissionais, mas n\u00e3o podemos nos fechar diante deste ato anti\u00e9tico e que causa perplexidade pelo n\u00edvel da agress\u00e3o \u00e0 pessoa idosa. Nosso Tribunal tratar\u00e1 o ato com a seriedade e imparcialidade necess\u00e1rios\u201d.<\/p>\n\n\n\n<p><strong>Fonte da Not\u00edcia:<\/strong><em>Ascom OAB\/RO<\/em><\/p>\n","protected":false},"excerpt":{"rendered":"<p>Advogado que agrediu idosa em Porto Velho pode ser suspenso preventivamente da OAB.<\/p>\n","protected":false},"author":1,"featured_media":0,"comment_status":"closed","ping_status":"open","sticky":false,"template":"","format":"standard","meta":{"_exactmetrics_skip_tracking":false,"_exactmetrics_sitenote_active":false,"_exactmetrics_sitenote_note":"","_exactmetrics_sitenote_category":0,"jetpack_post_was_ever_published":false,"_jetpack_newsletter_access":"","_jetpack_dont_email_post_to_subs":false,"_jetpack_newsletter_tier_id":0,"_jetpack_memberships_contains_paywalled_content":false,"_jetpack_memberships_contains_paid_content":false,"footnotes":"","jetpack_publicize_message":"","jetpack_publicize_feature_enabled":true,"jetpack_social_post_already_shared":true,"jetpack_social_options":{"image_generator_settings":{"template":"highway","enabled":false},"version":2}},"categories":[1],"tags":[],"class_list":["post-29837","post","type-post","status-publish","format-standard","hentry","category-notas"],"jetpack_publicize_connections":[],"jetpack_sharing_enabled":true,"jetpack_featured_media_url":"","jetpack_shortlink":"https:\/\/wp.me\/p7wKYW-7Lf","jetpack-related-posts":[],"_links":{"self":[{"href":"http:\/\/blogdalucianaoliveira.com.br\/blog\/wp-json\/wp\/v2\/posts\/29837","targetHints":{"allow":["GET"]}}],"collection":[{"href":"http:\/\/blogdalucianaoliveira.com.br\/blog\/wp-json\/wp\/v2\/posts"}],"about":[{"href":"http:\/\/blogdalucianaoliveira.com.br\/blog\/wp-json\/wp\/v2\/types\/post"}],"author":[{"embeddable":true,"href":"http:\/\/blogdalucianaoliveira.com.br\/blog\/wp-json\/wp\/v2\/users\/1"}],"replies":[{"embeddable":true,"href":"http:\/\/blogdalucianaoliveira.com.br\/blog\/wp-json\/wp\/v2\/comments?post=29837"}],"version-history":[{"count":1,"href":"http:\/\/blogdalucianaoliveira.com.br\/blog\/wp-json\/wp\/v2\/posts\/29837\/revisions"}],"predecessor-version":[{"id":29839,"href":"http:\/\/blogdalucianaoliveira.com.br\/blog\/wp-json\/wp\/v2\/posts\/29837\/revisions\/29839"}],"wp:attachment":[{"href":"http:\/\/blogdalucianaoliveira.com.br\/blog\/wp-json\/wp\/v2\/media?parent=29837"}],"wp:term":[{"taxonomy":"category","embeddable":true,"href":"http:\/\/blogdalucianaoliveira.com.br\/blog\/wp-json\/wp\/v2\/categories?post=29837"},{"taxonomy":"post_tag","embeddable":true,"href":"http:\/\/blogdalucianaoliveira.com.br\/blog\/wp-json\/wp\/v2\/tags?post=29837"}],"curies":[{"name":"wp","href":"https:\/\/api.w.org\/{rel}","templated":true}]}}