{"id":29840,"date":"2020-10-08T15:48:27","date_gmt":"2020-10-08T19:48:27","guid":{"rendered":"http:\/\/blogdalucianaoliveira.com.br\/blog\/?p=29840"},"modified":"2020-10-08T15:48:32","modified_gmt":"2020-10-08T19:48:32","slug":"nota-das-brigadas-populares-sobre-os-conflitos-agrarios-em-rondonia-e-sobre-o-processo-de-criminalizacao-das-lutas-sociais-no-campo","status":"publish","type":"post","link":"http:\/\/blogdalucianaoliveira.com.br\/blog\/2020\/10\/08\/nota-das-brigadas-populares-sobre-os-conflitos-agrarios-em-rondonia-e-sobre-o-processo-de-criminalizacao-das-lutas-sociais-no-campo\/","title":{"rendered":"NOTA DAS BRIGADAS POPULARES SOBRE OS CONFLITOS AGR\u00c1RIOS EM ROND\u00d4NIA E SOBRE O PROCESSO DE CRIMINALIZA\u00c7\u00c3O DAS LUTAS SOCIAIS NO CAMPO."},"content":{"rendered":"\n<figure class=\"wp-block-image size-large\"><img data-recalc-dims=\"1\" loading=\"lazy\" decoding=\"async\" width=\"600\" height=\"481\" data-attachment-id=\"29841\" data-permalink=\"http:\/\/blogdalucianaoliveira.com.br\/blog\/2020\/10\/08\/nota-das-brigadas-populares-sobre-os-conflitos-agrarios-em-rondonia-e-sobre-o-processo-de-criminalizacao-das-lutas-sociais-no-campo\/27cee9ee-057d-42c4-93f5-0df20a61bd22\/\" data-orig-file=\"https:\/\/i0.wp.com\/blogdalucianaoliveira.com.br\/blog\/wp-content\/uploads\/2020\/10\/27CEE9EE-057D-42C4-93F5-0DF20A61BD22.jpeg?fit=619%2C496\" data-orig-size=\"619,496\" data-comments-opened=\"0\" data-image-meta=\"{&quot;aperture&quot;:&quot;0&quot;,&quot;credit&quot;:&quot;&quot;,&quot;camera&quot;:&quot;&quot;,&quot;caption&quot;:&quot;&quot;,&quot;created_timestamp&quot;:&quot;0&quot;,&quot;copyright&quot;:&quot;&quot;,&quot;focal_length&quot;:&quot;0&quot;,&quot;iso&quot;:&quot;0&quot;,&quot;shutter_speed&quot;:&quot;0&quot;,&quot;title&quot;:&quot;&quot;,&quot;orientation&quot;:&quot;1&quot;}\" data-image-title=\"27CEE9EE-057D-42C4-93F5-0DF20A61BD22\" data-image-description=\"\" data-image-caption=\"\" data-medium-file=\"https:\/\/i0.wp.com\/blogdalucianaoliveira.com.br\/blog\/wp-content\/uploads\/2020\/10\/27CEE9EE-057D-42C4-93F5-0DF20A61BD22.jpeg?fit=300%2C240\" data-large-file=\"https:\/\/i0.wp.com\/blogdalucianaoliveira.com.br\/blog\/wp-content\/uploads\/2020\/10\/27CEE9EE-057D-42C4-93F5-0DF20A61BD22.jpeg?fit=600%2C481\" src=\"https:\/\/i0.wp.com\/blogdalucianaoliveira.com.br\/blog\/wp-content\/uploads\/2020\/10\/27CEE9EE-057D-42C4-93F5-0DF20A61BD22.jpeg?resize=600%2C481\" alt=\"\" class=\"wp-image-29841\" srcset=\"https:\/\/i0.wp.com\/blogdalucianaoliveira.com.br\/blog\/wp-content\/uploads\/2020\/10\/27CEE9EE-057D-42C4-93F5-0DF20A61BD22.jpeg?w=619 619w, https:\/\/i0.wp.com\/blogdalucianaoliveira.com.br\/blog\/wp-content\/uploads\/2020\/10\/27CEE9EE-057D-42C4-93F5-0DF20A61BD22.jpeg?resize=300%2C240 300w, https:\/\/i0.wp.com\/blogdalucianaoliveira.com.br\/blog\/wp-content\/uploads\/2020\/10\/27CEE9EE-057D-42C4-93F5-0DF20A61BD22.jpeg?resize=374%2C300 374w\" sizes=\"auto, (max-width: 600px) 100vw, 600px\" \/><\/figure>\n\n\n\n<p>A intensifica\u00e7\u00e3o da militariza\u00e7\u00e3o do campo na Amaz\u00f4nia \u00e9 parte de metas que vem sendo implementadas desde o golpe militar de 1964 que tem como interesses a garantir da prote\u00e7\u00e3o aos grandes projetos de acumula\u00e7\u00e3o econ\u00f4mica de grupos capitalistas nacionais e internacionais, e de interesse tamb\u00e9m do velho Estado como gestor dos programas imperialistas na regi\u00e3o, atrav\u00e9s de seu aparato repressivo ( administrativo, judici\u00e1rio e policial).<\/p>\n\n\n\n<!--more-->\n\n\n\n<p>Na geopol\u00edtica tra\u00e7ada para a regi\u00e3o, ap\u00f3s golpe militar de 1964, havia lugar para os camponeses que foram empurrados do Nordeste para projetos de coloniza\u00e7\u00e3o, mas na condi\u00e7\u00e3o de disposi\u00e7\u00e3o de for\u00e7a de trabalho para ser usada na implanta\u00e7\u00e3o de obras de infraestruturas e das grandes fazendas, como servi\u00e7ais das grandes empresas e de latifundi\u00e1rios, e s\u00f3 durante um determinado per\u00edodo. \u00c9 tanto, que os projetos de coloniza\u00e7\u00e3o n\u00e3o duraram mais que dez anos, tendo a grande maioria das fam\u00edlias que abandon\u00e1-los por falta de condi\u00e7\u00f5es de neles permanecerem.<\/p>\n\n\n\n<p>Popula\u00e7\u00f5es tradicionais(pescadores, ribeirinhos, extrativistas), quilombolas, ind\u00edgenas e camponeses passaram a ser considerados inimigos do desenvolvimento e onde quer que estivessem deveriam sair para dar lugar \u00e0s rodovias, ferrovias, portos, aeroportos, linh\u00f5es de transmiss\u00e3o de energia, \u00e0s grandes fazendas e mineradoras, como forma de desempendimento das \u00e1reas para o \u201cprogresso\u201d.<\/p>\n\n\n\n<p>Diante das rea\u00e7\u00f5es e resist\u00eancias dos povos o velho Estado sempre esteva presente com suas for\u00e7as repressivas, com a participa\u00e7\u00e3o de pistoleiros contratados por latifundi\u00e1rios, para expulsar as popula\u00e7\u00f5es das \u00e1reas de seus interesses, queimando benfeitorias, torturando, prendendo e assassinando. Da\u00ed centenas de assassinatos seletivos ou atrav\u00e9s de chacinas e massacres, nestes ultimo quarenta anos na Amaz\u00f4nia.<\/p>\n\n\n\n<p>Uma outra forma que o velho Estado e latifundi\u00e1rios, com apoio irrestrito da imprensa, atuam, \u00e9 com a criminaliza\u00e7\u00e3o de lideran\u00e7as e de movimentos organizativos das popula\u00e7\u00f5es. Com a criminaliza\u00e7\u00e3o feita, as popula\u00e7\u00f5es aparecem como criminosas e empres\u00e1rios e latifundi\u00e1rios, s\u00e3o tratados como vitimas. Motivo para que rapidamente as for\u00e7as repressivas do velho Estado entrem em a\u00e7\u00e3o atrav\u00e9s do poder judici\u00e1rio e da pol\u00edcia, para expulsar e prender camponeses e fazer o desempendimento das \u00e1reas de interesse.<\/p>\n\n\n\n<p>Portanto, n\u00e3o \u00e9 novidade a criminaliza\u00e7\u00e3o que querem fazer como a Liga dos Camponeses Pobres em Rond\u00f4nia, que por sinal vem sendo o alvo da for\u00e7a repressiva do velho Estado, desde que camponeses se levantaram depois do conhecido \u201cMassacre de Corumbiara\u201d, em 1995. E principalmente agora com o a iniciativa do governo antipovo em reeditar o programa de militariza\u00e7\u00e3o da Amaz\u00f4nia, com Garantia da Lei e da Ordem \u2013GLO, para afastar \u00edndios, quilombolas e camponeses sem terra ou com pouca terra, para entregar de vez as riquezas ao imperialismo norteamericano.<\/p>\n\n\n\n<p>N\u00f3s, das Brigadas Populares vimos nos colocar em defesa dos direitos dos povos, contra qualquer ato de criminaliza\u00e7\u00e3o e de opress\u00e3o contra estes, e nos solidarizar com a Liga dos Camponeses Pobres, na luta contra a militariza\u00e7\u00e3o da Amaz\u00f4nia e na defesa dos territ\u00f3rios necess\u00e1rios \u00e0 todas as fam\u00edlias de quilombolas, ind\u00edgenas e camponeses sem terra ou com pouca terra, e pela revolu\u00e7\u00e3o agr\u00e1ria.<\/p>\n\n\n\n<p>Marab\u00e1-PA, 06 de outubro de 2020.<\/p>\n","protected":false},"excerpt":{"rendered":"<p>A intensifica\u00e7\u00e3o da militariza\u00e7\u00e3o do campo na Amaz\u00f4nia \u00e9 parte de metas que vem sendo implementadas desde o golpe militar de 1964 que tem como interesses a garantir da prote\u00e7\u00e3o aos grandes projetos de acumula\u00e7\u00e3o econ\u00f4mica de grupos capitalistas nacionais e internacionais, e de interesse tamb\u00e9m do velho Estado como gestor dos programas imperialistas na&#8230;<a class=\"more-link\" href=\"http:\/\/blogdalucianaoliveira.com.br\/blog\/2020\/10\/08\/nota-das-brigadas-populares-sobre-os-conflitos-agrarios-em-rondonia-e-sobre-o-processo-de-criminalizacao-das-lutas-sociais-no-campo\/\">Continue a leitura <span class=\"meta-nav\">&raquo;<\/span><\/a><\/p>\n","protected":false},"author":1,"featured_media":0,"comment_status":"closed","ping_status":"open","sticky":false,"template":"","format":"standard","meta":{"_exactmetrics_skip_tracking":false,"_exactmetrics_sitenote_active":false,"_exactmetrics_sitenote_note":"","_exactmetrics_sitenote_category":0,"jetpack_post_was_ever_published":false,"_jetpack_newsletter_access":"","_jetpack_dont_email_post_to_subs":false,"_jetpack_newsletter_tier_id":0,"_jetpack_memberships_contains_paywalled_content":false,"_jetpack_memberships_contains_paid_content":false,"footnotes":"","jetpack_publicize_message":"","jetpack_publicize_feature_enabled":true,"jetpack_social_post_already_shared":true,"jetpack_social_options":{"image_generator_settings":{"template":"highway","enabled":false},"version":2}},"categories":[1],"tags":[],"class_list":["post-29840","post","type-post","status-publish","format-standard","hentry","category-notas"],"jetpack_publicize_connections":[],"jetpack_sharing_enabled":true,"jetpack_featured_media_url":"","jetpack_shortlink":"https:\/\/wp.me\/p7wKYW-7Li","jetpack-related-posts":[],"_links":{"self":[{"href":"http:\/\/blogdalucianaoliveira.com.br\/blog\/wp-json\/wp\/v2\/posts\/29840","targetHints":{"allow":["GET"]}}],"collection":[{"href":"http:\/\/blogdalucianaoliveira.com.br\/blog\/wp-json\/wp\/v2\/posts"}],"about":[{"href":"http:\/\/blogdalucianaoliveira.com.br\/blog\/wp-json\/wp\/v2\/types\/post"}],"author":[{"embeddable":true,"href":"http:\/\/blogdalucianaoliveira.com.br\/blog\/wp-json\/wp\/v2\/users\/1"}],"replies":[{"embeddable":true,"href":"http:\/\/blogdalucianaoliveira.com.br\/blog\/wp-json\/wp\/v2\/comments?post=29840"}],"version-history":[{"count":1,"href":"http:\/\/blogdalucianaoliveira.com.br\/blog\/wp-json\/wp\/v2\/posts\/29840\/revisions"}],"predecessor-version":[{"id":29842,"href":"http:\/\/blogdalucianaoliveira.com.br\/blog\/wp-json\/wp\/v2\/posts\/29840\/revisions\/29842"}],"wp:attachment":[{"href":"http:\/\/blogdalucianaoliveira.com.br\/blog\/wp-json\/wp\/v2\/media?parent=29840"}],"wp:term":[{"taxonomy":"category","embeddable":true,"href":"http:\/\/blogdalucianaoliveira.com.br\/blog\/wp-json\/wp\/v2\/categories?post=29840"},{"taxonomy":"post_tag","embeddable":true,"href":"http:\/\/blogdalucianaoliveira.com.br\/blog\/wp-json\/wp\/v2\/tags?post=29840"}],"curies":[{"name":"wp","href":"https:\/\/api.w.org\/{rel}","templated":true}]}}