{"id":29843,"date":"2020-10-09T07:26:25","date_gmt":"2020-10-09T11:26:25","guid":{"rendered":"http:\/\/blogdalucianaoliveira.com.br\/blog\/?p=29843"},"modified":"2020-10-09T07:26:35","modified_gmt":"2020-10-09T11:26:35","slug":"programa-mundial-de-alimentos-vence-nobel-da-paz-por-combate-a-fome-e-conflitos","status":"publish","type":"post","link":"http:\/\/blogdalucianaoliveira.com.br\/blog\/2020\/10\/09\/programa-mundial-de-alimentos-vence-nobel-da-paz-por-combate-a-fome-e-conflitos\/","title":{"rendered":"Programa Mundial de Alimentos vence Nobel da Paz por combate a fome e conflitos"},"content":{"rendered":"\n<figure class=\"wp-block-image size-large\"><img data-recalc-dims=\"1\" loading=\"lazy\" decoding=\"async\" width=\"600\" height=\"400\" data-attachment-id=\"29844\" data-permalink=\"http:\/\/blogdalucianaoliveira.com.br\/blog\/2020\/10\/09\/programa-mundial-de-alimentos-vence-nobel-da-paz-por-combate-a-fome-e-conflitos\/image-3-18\/\" data-orig-file=\"https:\/\/i0.wp.com\/blogdalucianaoliveira.com.br\/blog\/wp-content\/uploads\/2020\/10\/image-3.jpeg?fit=1024%2C683\" data-orig-size=\"1024,683\" data-comments-opened=\"0\" data-image-meta=\"{&quot;aperture&quot;:&quot;0&quot;,&quot;credit&quot;:&quot;&quot;,&quot;camera&quot;:&quot;&quot;,&quot;caption&quot;:&quot;&quot;,&quot;created_timestamp&quot;:&quot;0&quot;,&quot;copyright&quot;:&quot;&quot;,&quot;focal_length&quot;:&quot;0&quot;,&quot;iso&quot;:&quot;0&quot;,&quot;shutter_speed&quot;:&quot;0&quot;,&quot;title&quot;:&quot;&quot;,&quot;orientation&quot;:&quot;0&quot;}\" data-image-title=\"image-3\" data-image-description=\"\" data-image-caption=\"\" data-medium-file=\"https:\/\/i0.wp.com\/blogdalucianaoliveira.com.br\/blog\/wp-content\/uploads\/2020\/10\/image-3.jpeg?fit=300%2C200\" data-large-file=\"https:\/\/i0.wp.com\/blogdalucianaoliveira.com.br\/blog\/wp-content\/uploads\/2020\/10\/image-3.jpeg?fit=600%2C400\" src=\"https:\/\/i0.wp.com\/blogdalucianaoliveira.com.br\/blog\/wp-content\/uploads\/2020\/10\/image-3.jpeg?resize=600%2C400\" alt=\"\" class=\"wp-image-29844\" srcset=\"https:\/\/i0.wp.com\/blogdalucianaoliveira.com.br\/blog\/wp-content\/uploads\/2020\/10\/image-3.jpeg?w=1024 1024w, https:\/\/i0.wp.com\/blogdalucianaoliveira.com.br\/blog\/wp-content\/uploads\/2020\/10\/image-3.jpeg?resize=300%2C200 300w, https:\/\/i0.wp.com\/blogdalucianaoliveira.com.br\/blog\/wp-content\/uploads\/2020\/10\/image-3.jpeg?resize=768%2C512 768w, https:\/\/i0.wp.com\/blogdalucianaoliveira.com.br\/blog\/wp-content\/uploads\/2020\/10\/image-3.jpeg?resize=450%2C300 450w\" sizes=\"auto, (max-width: 600px) 100vw, 600px\" \/><\/figure>\n\n\n\n<p>Comit\u00ea afirma que multilateralismo est\u00e1 sob ataque de populistas, mas pandemia mostra que solidariedade global nunca foi t\u00e3o necess\u00e1ria.<\/p>\n\n\n\n<!--more-->\n\n\n\n<p>Na FSP<\/p>\n\n\n\n<p><strong>S\u00c3O PAULO&nbsp;e&nbsp;BRUXELAS<\/strong><\/p>\n\n\n\n<p>Pelos esfor\u00e7os em combater a fome e evitar que ela seja usada como arma em conflitos em todo o mundo, o Programa Mundial de Alimentos ganhou o pr\u00eamio Nobel da Paz de 2020.<\/p>\n\n\n\n<p>Em an\u00fancio na manh\u00e3 desta sexta-feira (9), a presidente do comit\u00ea noruegu\u00eas do Nobel, Berit Reiss-Andersen, justificou a l\u00e1urea ao dizer que \u201ca necessidade por solidariedade internacional \u00e9 mais importante que nunca\u201d.<\/p>\n\n\n\n<p>Ela afirmou que o multilateralismo est\u00e1 sob ataque de populistas, com argumentos nacionalistas de que cada pa\u00eds deve cuidar de seus pr\u00f3prios interesses, mas a pandemia do novo coronav\u00edrus mostrou que, em um momento de crise global, \u00e9 necess\u00e1ria tamb\u00e9m a\u00e7\u00e3o universal.<\/p>\n\n\n\n<p>&#8220;At\u00e9 que tenhamos uma vacina [contra o coronav\u00edrus], comida \u00e9 a melhor vacina contra o caos&#8221;, disse a presidente do comit\u00ea, citando uma declara\u00e7\u00e3o do pr\u00f3prio programa da ONU.<\/p>\n\n\n\n<p>Segundo Reiss-Andersen, parte da fragilidade de programas multilaterais vem da falta de recursos. O Nobel para o PMA \u00e9 tamb\u00e9m um apelo \u00e0 comunidade internacional para financi\u00e1-lo de forma adequada e evitar que milh\u00f5es morram de fome.<\/p>\n\n\n\n<p>Maior ag\u00eancia humanit\u00e1ria de combate \u00e0 fome do mundo, o programa da ONU atendeu em 2019 v\u00edtimas de inseguran\u00e7a alimentar aguda em 88 pa\u00edses, segundo Reiss-Andersen.<\/p>\n\n\n\n<p>O ano passado registrou um dos maiores n\u00fameros de v\u00edtimas de fome aguda no mundo, cerca de 135 milh\u00f5es de pessoas, em grande parte por causa de guerras e conflitos armados, afirmou a presidente do comit\u00ea.<\/p>\n\n\n\n<p>A crise foi agravada com a pandemia do novo coronav\u00edrus, afirmou em<a href=\"https:\/\/www1.folha.uol.com.br\/mundo\/2020\/05\/sem-acao-populacoes-morrerao-de-fome-nao-so-de-coronavirus-diz-diretor-de-programa-da-onu.shtml\">&nbsp;entrevista \u00e0&nbsp;<strong>Folha<\/strong>&nbsp;em maio deste ano<\/a>, o diretor regional para Am\u00e9rica Latina e Caribe da institui\u00e7\u00e3o, Miguel Barreto.<\/p>\n\n\n\n<p>Segundo ele, as fronteiras fechadas e a proibi\u00e7\u00e3o de aglomera\u00e7\u00f5es foram alguns dos principais fatores que dificultaram os&nbsp;<a href=\"https:\/\/www1.folha.uol.com.br\/mundo\/2020\/04\/em-campo-superlotado-no-malaui-refugiados-rezam-para-que-coronavirus-nao-chegue.shtml\">trabalhos humanit\u00e1rios<\/a>.<\/p>\n\n\n\n<p>Em rede social, o fundo, 101\u00ba vencedor do Nobel da Paz, disse que recebia o pr\u00eamio &#8220;com humildade&#8221;.<\/p>\n\n\n\n<p>&#8220;Isso \u00e9 um reconhecimento ao trabalho da equipe do PMA, que coloca suas vidas em risco todos os dias para levar alimentos e assist\u00eancia a mais de 100 milh\u00f5es de crian\u00e7as, mulheres e homens famintos em todo o mundo&#8221;, diz o texto publicado.<\/p>\n\n\n\n<p>O chefe da entidade, David Beasley, afirmou \u00e0 ag\u00eancia de not\u00edcias Associated Press que foi &#8220;a primeira vez na minha vida que fiquei sem palavras&#8221;.<\/p>\n\n\n\n<p>O pr\u00eamio Nobel foi criado a partir do testamento de Alfred Nobel (1833-1896), um engenheiro e qu\u00edmico sueco, conhecido por ter inventado a dinamite e desenvolvido a borracha e o couro sint\u00e9ticos. Um ano antes de morrer, Nobel destinou 94% de sua fortuna de 31 milh\u00f5es de coroas suecas (equivalente a R$ 1,1 bilh\u00e3o nos dias de hoje) \u00e0 cria\u00e7\u00e3o de um pr\u00eamio que reconhecesse anualmente \u201co maior benef\u00edcio \u00e0 humanidade\u201d nas \u00e1reas da qu\u00edmica, f\u00edsica, medicina, literatura e paz.<\/p>\n\n\n\n<p>A primeira edi\u00e7\u00e3o do Nobel foi realizada em 1901. Desde ent\u00e3o, o Nobel da Paz \u2014dedicado \u201c\u00e0 pessoa que mais ou melhor trabalhou pela fraternidade entre as na\u00e7\u00f5es, pela aboli\u00e7\u00e3o ou redu\u00e7\u00e3o dos ex\u00e9rcitos e pela promo\u00e7\u00e3o de congressos de paz\u201d, segundo o estatuto da Funda\u00e7\u00e3o Nobel\u2014 foi entregue cem vezes.<\/p>\n\n\n\n<p>O comit\u00ea respons\u00e1vel por escolher o laureado com o Nobel da Paz \u00e9 escolhido pelo Parlamento noruegu\u00eas. Nos valores de hoje, o ganhador recebe um pr\u00eamio em dinheiro de 10 milh\u00f5es de coroas suecas (cerca de R$ 6,4 milh\u00f5es), uma medalha e um diploma.<\/p>\n\n\n\n<p>O pr\u00eamio da Paz j\u00e1 foi criticado por ser, supostamente, politizado em excesso ou voltado ao incentivo de realiza\u00e7\u00f5es futuras. Em 2015, o ex-diretor da Funda\u00e7\u00e3o Nobel, Geir Lundestad, escreveu num livro que questionava, em retrospecto, a decis\u00e3o de entregar o Nobel ao ex-presidente dos EUA Barack Obama, em 2009, uma vez que o pr\u00eamio \u201cn\u00e3o produziu o [efeito] que o comit\u00ea esperava\u201d.<\/p>\n\n\n\n<p>Foram especialmente controversos os pr\u00eamios concedidos a Mikhail Gorbatchov (1990), Henry Kissinger (1973) e Jimmy Carter (2002). A omiss\u00e3o de Gandhi, que entrou na lista de indicados cinco vezes mas nunca recebeu o Nobel, \u00e9 um arrependimento c\u00e9lebre da Funda\u00e7\u00e3o Nobel.<\/p>\n\n\n\n<p>Ao contr\u00e1rio do que sugere o estatuto, o Nobel da Paz pode ser entregue a mais de uma pessoa ou a uma institui\u00e7\u00e3o. 27 organiza\u00e7\u00f5es j\u00e1 receberam o pr\u00eamio, incluindo a Uni\u00e3o Europeia, o Painel Intergovernamental sobre as Mudan\u00e7as Clim\u00e1ticas (IPCC) e a pr\u00f3pria Organiza\u00e7\u00e3o das Na\u00e7\u00f5es Unidas. O Alto Comissariado das Na\u00e7\u00f5es Unidas para Refugiados (ACNUR) ganhou o pr\u00eamio duas vezes, em 1954 e 1981, e o Comit\u00ea Internacional da Cruz Vermelha, tr\u00eas vezes \u2014em 1917, 1944 e 1963.<\/p>\n\n\n\n<p>O pr\u00eamio da Paz n\u00e3o foi entregue a ningu\u00e9m em 19 edi\u00e7\u00f5es, ou pelo advento das Guerras Mundiais ou porque a Funda\u00e7\u00e3o avaliou que n\u00e3o havia trabalhos de suficiente import\u00e2ncia naquele ano e optou por reservar o valor para a edi\u00e7\u00e3o seguinte.<\/p>\n\n\n\n<p>A reuni\u00e3o na qual se decide quem leva o Nobel ocorreu quase normalmente em 2020; para evitar poss\u00edveis contamina\u00e7\u00f5es, ela foi dividida em encontros menores, a partir dos quais foi feita a escolha do laureado. Os premiados deste ano n\u00e3o ir\u00e3o at\u00e9 Estocolmo para receber o pr\u00eamio, que deve ser enviado aos pa\u00edses dos vencedores.<\/p>\n\n\n\n<p>Na edi\u00e7\u00e3o de 2020, a l\u00e1urea de Medicina foi para a descoberta do v\u00edrus da hepatite C. Foram premiados Harvey Alter, dos Institutos Nacionais de Sa\u00fade dos EUA (NIH), Michael Houghton, da Universidade de Alberta, e Charles Rice, da Universidade Rockefeller.<\/p>\n\n\n\n<p>J\u00e1 a l\u00e1urea de F\u00edsica ficou com os pesquisadores Roger Penrose, Reinhard Genzel e Andrea Ghez, que melhoraram o entendimento humano sobre buracos negros.<\/p>\n\n\n\n<p>O pr\u00eamio da Qu\u00edmica foi para Emmauelle Charpentier, do Instituto Max Planck, da Alemanha, e Jennifer Doudna, da Universidade da Calif\u00f3rnia, em Berkeley, pelo desenvolvimento do m\u00e9todo Crispr\/Cas9 (pronuncia-se &#8220;cr\u00edsper&#8221;) de edi\u00e7\u00e3o do genoma utilizada na busca da cura para doen\u00e7as gen\u00e9ticas e c\u00e2ncer.<\/p>\n\n\n\n<p>A l\u00e1urea de Literatura foi para a poeta americana Louise Gl\u00fcck, por sua &#8220;voz po\u00e9tica inconfund\u00edvel que, com beleza austera, torna universal a exist\u00eancia individual&#8221;.\u200b<\/p>\n\n\n\n<p>Este ano, 318 indicados estavam sendo considerados para o Nobel da Paz: 211 indiv\u00edduos e 107 organiza\u00e7\u00f5es.<\/p>\n\n\n\n<p>O valor do pr\u00eamio \u00e9 de 10 milh\u00f5es de coroas suecas, o equivalente a R$ 6,33 milh\u00f5es, pela cota\u00e7\u00e3o desta sext<\/p>\n\n\n\n<h3 class=\"wp-block-heading\">VEJA LISTA COM OS \u00daLTIMOS DEZ VENCEDORES DO NOBEL DA PAZ<\/h3>\n\n\n\n<p>2019: O primeiro-ministro da Eti\u00f3pia,&nbsp;<a href=\"https:\/\/www1.folha.uol.com.br\/mundo\/2019\/10\/premie-da-etiopia-que-pos-fim-a-conflito-com-eritreia-ganha-nobel-da-paz.shtml\">Abiy Ahmed<\/a>, que assinou acordo de paz que p\u00f4s fim a duas d\u00e9cadas de hostilidades com a Eritreia<\/p>\n\n\n\n<p>2018: O congol\u00eas&nbsp;<a href=\"https:\/\/www1.folha.uol.com.br\/mundo\/2019\/08\/violencia-sexual-e-como-uma-metastase-diz-vencedor-do-nobel.shtml\">Denis&nbsp;<\/a><a href=\"https:\/\/www1.folha.uol.com.br\/mundo\/2019\/08\/violencia-sexual-e-como-uma-metastase-diz-vencedor-do-nobel.shtml\">Mukwege<\/a>&nbsp;e a iraquiana Nadia Murad, que denunciaram a viol\u00eancia em rela\u00e7\u00e3o a v\u00edtimas de viol\u00eancia sexual como arma de guerra<\/p>\n\n\n\n<p>2017: Campanha Internacional para Abolir Armas Nucleares (Ican), por chamar a aten\u00e7\u00e3o para o risco de armas nucleares<\/p>\n\n\n\n<p>2016: Juan Manuel Santos, ex-presidente da Col\u00f4mbia que negociou o acordo de paz com as Farc<\/p>\n\n\n\n<p>2015: Quarteto para o Di\u00e1logo Nacional da Tun\u00edsia, pela contribui\u00e7\u00e3o decisiva na constru\u00e7\u00e3o de uma sociedade plural no pa\u00eds<\/p>\n\n\n\n<p>2014: A paquistanesa Malala Yousafzai e o indiano Kailash Satyarthi, premiados pela defesa dos direitos das crian\u00e7as e \u00e0 educa\u00e7\u00e3o<\/p>\n\n\n\n<p>2013: Organiza\u00e7\u00e3o para a Proibi\u00e7\u00e3o de Armas Qu\u00edmicas, sediada na Holanda, foi premiada por sua defesa da proibi\u00e7\u00e3o de armas qu\u00edmicas<\/p>\n\n\n\n<p>2012: A Uni\u00e3o Europeia, por mais de seis d\u00e9cadas promovendo os direitos humanos e a paz na Europa<\/p>\n\n\n\n<p>2011: Ellen Johnson Sirleaf, Leymah Gbowee e Tawakkol Karman, premiadas pela luta n\u00e3o violenta pela seguran\u00e7as das mulheres e por seu direito de participa\u00e7\u00e3o plena em processos de paz<\/p>\n\n\n\n<p>2010: Liu Xiaobo, ativista chin\u00eas premiado por sua luta longa e n\u00e3o violenta pelos direitos humanos em seu pa\u00eds<\/p>\n\n\n\n<p>2009: Barack Obama, ex-presidente dos EUA, reconhecido por refor\u00e7ar a diplomacia internacional e a coopera\u00e7\u00e3o entre as pessoas \u200b<\/p>\n","protected":false},"excerpt":{"rendered":"<p>Comit\u00ea afirma que multilateralismo est\u00e1 sob ataque de populistas, mas pandemia mostra que solidariedade global nunca foi t\u00e3o necess\u00e1ria.<\/p>\n","protected":false},"author":1,"featured_media":0,"comment_status":"closed","ping_status":"open","sticky":false,"template":"","format":"standard","meta":{"_exactmetrics_skip_tracking":false,"_exactmetrics_sitenote_active":false,"_exactmetrics_sitenote_note":"","_exactmetrics_sitenote_category":0,"jetpack_post_was_ever_published":false,"_jetpack_newsletter_access":"","_jetpack_dont_email_post_to_subs":false,"_jetpack_newsletter_tier_id":0,"_jetpack_memberships_contains_paywalled_content":false,"_jetpack_memberships_contains_paid_content":false,"footnotes":"","jetpack_publicize_message":"","jetpack_publicize_feature_enabled":true,"jetpack_social_post_already_shared":true,"jetpack_social_options":{"image_generator_settings":{"template":"highway","enabled":false},"version":2}},"categories":[1],"tags":[],"class_list":["post-29843","post","type-post","status-publish","format-standard","hentry","category-notas"],"jetpack_publicize_connections":[],"jetpack_sharing_enabled":true,"jetpack_featured_media_url":"","jetpack_shortlink":"https:\/\/wp.me\/p7wKYW-7Ll","jetpack-related-posts":[],"_links":{"self":[{"href":"http:\/\/blogdalucianaoliveira.com.br\/blog\/wp-json\/wp\/v2\/posts\/29843","targetHints":{"allow":["GET"]}}],"collection":[{"href":"http:\/\/blogdalucianaoliveira.com.br\/blog\/wp-json\/wp\/v2\/posts"}],"about":[{"href":"http:\/\/blogdalucianaoliveira.com.br\/blog\/wp-json\/wp\/v2\/types\/post"}],"author":[{"embeddable":true,"href":"http:\/\/blogdalucianaoliveira.com.br\/blog\/wp-json\/wp\/v2\/users\/1"}],"replies":[{"embeddable":true,"href":"http:\/\/blogdalucianaoliveira.com.br\/blog\/wp-json\/wp\/v2\/comments?post=29843"}],"version-history":[{"count":1,"href":"http:\/\/blogdalucianaoliveira.com.br\/blog\/wp-json\/wp\/v2\/posts\/29843\/revisions"}],"predecessor-version":[{"id":29845,"href":"http:\/\/blogdalucianaoliveira.com.br\/blog\/wp-json\/wp\/v2\/posts\/29843\/revisions\/29845"}],"wp:attachment":[{"href":"http:\/\/blogdalucianaoliveira.com.br\/blog\/wp-json\/wp\/v2\/media?parent=29843"}],"wp:term":[{"taxonomy":"category","embeddable":true,"href":"http:\/\/blogdalucianaoliveira.com.br\/blog\/wp-json\/wp\/v2\/categories?post=29843"},{"taxonomy":"post_tag","embeddable":true,"href":"http:\/\/blogdalucianaoliveira.com.br\/blog\/wp-json\/wp\/v2\/tags?post=29843"}],"curies":[{"name":"wp","href":"https:\/\/api.w.org\/{rel}","templated":true}]}}