{"id":29858,"date":"2020-10-12T11:00:06","date_gmt":"2020-10-12T15:00:06","guid":{"rendered":"http:\/\/blogdalucianaoliveira.com.br\/blog\/?p=29858"},"modified":"2020-10-12T11:00:15","modified_gmt":"2020-10-12T15:00:15","slug":"moradia-vacina-e-rever-os-amigos-criancas-fazem-pedido-especial-no-12-de-outubro","status":"publish","type":"post","link":"http:\/\/blogdalucianaoliveira.com.br\/blog\/2020\/10\/12\/moradia-vacina-e-rever-os-amigos-criancas-fazem-pedido-especial-no-12-de-outubro\/","title":{"rendered":"Moradia, vacina e rever os amigos: crian\u00e7as fazem pedido especial no 12 de outubro"},"content":{"rendered":"\n<figure class=\"wp-block-image\"><img data-recalc-dims=\"1\" decoding=\"async\" src=\"https:\/\/i0.wp.com\/images03.brasildefato.com.br\/6f74f62ace2a5bc57c5a382b302d1250.jpeg?w=600&#038;ssl=1\" alt=\"\"\/><\/figure>\n\n\n\n<p>Meninos e meninas relembram qual foi o Dia das Crian\u00e7as mais especial que j\u00e1 viveram.<\/p>\n\n\n\n<!--more-->\n\n\n\n<p>Brasil de Fato<\/p>\n\n\n\n<p>Excepcionalmente nessa semana, o&nbsp;<strong>Radinho BdF<\/strong>&nbsp;vai ao ar na segunda-feira (12) para comemorar o Dia das Crian\u00e7as. No Brasil, a data \u00e9 celebrada em 12 de outubro, mas voc\u00ea sabe porque ela&nbsp;foi criada? Qual era o objetivo? A consultora do&nbsp;<strong><a href=\"https:\/\/alana.org.br\/\" target=\"_blank\" rel=\"noreferrer noopener\">Instituto Alana<\/a><\/strong>, Ana Claudia Leite nos explica&nbsp;a raz\u00e3o.<\/p>\n\n\n\n<p>E como o dia \u00e9 todo delas, as crian\u00e7as contam o que deixa a data mais especial.&nbsp;Mais do que ganhar brinquedos, as crian\u00e7as que est\u00e3o vivendo o confinamento e a mudan\u00e7a de rotina por causa da covid-19 pediram presentes que n\u00e3o se compram nas lojas. A Melissa Rodrigues Taddone, que tem 10 anos e mora em S\u00e3o Paulo (SP), por exemplo, quer comemorar com toda a fam\u00edlia reunida. J\u00e1, a Fernanda Silva Carvalho, de 12 anos, que vive em&nbsp;Parauapebas (PA) est\u00e1 torcendo para que a pandemia do coronav\u00edrus acabe logo.<\/p>\n\n\n\n<p>Falando&nbsp;em pandemia, a contadora de hist\u00f3rias do&nbsp;<strong><a href=\"https:\/\/www.instagram.com\/grupoujima\/\" target=\"_blank\" rel=\"noreferrer noopener\">Grupo Ujima<\/a><\/strong>, Eliara Angela da Concei\u00e7\u00e3o conta&nbsp;da saudade do seu neto Ben\u00edcio, nesses tempos de isolamento social.<\/p>\n\n\n\n<p>Para comemorar essa data de luta pelo direito da crian\u00e7a, o&nbsp;<strong>Brasil de Fato&nbsp;<\/strong>estreia o Radinho BdF nas principais plataformas de&nbsp;<a href=\"https:\/\/open.spotify.com\/show\/2ilQrqtgq0pWAQCQ9s2StM?si=ChK-nnWeSNyoF2QVKBt3Cw\" target=\"_blank\" rel=\"noreferrer noopener\">podcast&nbsp;<\/a>do Brasil, afim de democratizar e ampliar o acesso ao conte\u00fado.&nbsp;<\/p>\n\n\n\n<figure class=\"wp-block-image\"><img data-recalc-dims=\"1\" decoding=\"async\" src=\"https:\/\/i0.wp.com\/images02.brasildefato.com.br\/843f34bfef73dfdde8d6ff4a67012dfe.jpeg?w=600&#038;ssl=1\" alt=\"\"\/><\/figure>\n\n\n\n<p><br>Toda quarta-feira, uma nova edi\u00e7\u00e3o do programa estar\u00e1 dispon\u00edvel nas plataformas digitais. \/ Brasil de Fato<\/p>\n\n\n\n<p>E como toda crian\u00e7a tem direito de brincar livremente, o<strong>&nbsp;Radinho BdF&nbsp;<\/strong>dessa semana tamb\u00e9m traz mais uma dica de brincadeira para reunir toda a fam\u00edlia. Alehandra Pinel, do&nbsp;<strong><a href=\"https:\/\/www.facebook.com\/pedebrincadeira\" target=\"_blank\" rel=\"noreferrer noopener\">Coletivo P\u00e9 de Brincadeira<\/a><\/strong>&nbsp;ensina como jogar o Stop. Para quem ouvir o programa, ainda tem uma suspresa extra.<\/p>\n\n\n\n<p><a href=\"https:\/\/www.brasildefato.com.br\/radioagencia\/podcasts\/radinho-bdf\" target=\"_blank\" rel=\"noreferrer noopener\"><strong>:: Acesse, ou\u00e7a e baixe gratuitamente todas as edi\u00e7\u00f5es do Radinho BdF ::<\/strong><\/a><\/p>\n\n\n\n<p><strong>Sintonize<\/strong><\/p>\n\n\n\n<p>O programa&nbsp;<strong>Radinho BdF<\/strong>&nbsp;vai ao ar \u00e0s quartas-feiras, das 9h \u00e0s 9h30, na&nbsp;<strong><a href=\"https:\/\/www.redebrasilatual.com.br\/radio\/\" target=\"_blank\" rel=\"noreferrer noopener\">R\u00e1dio Brasil Atual<\/a>.<\/strong>&nbsp;A sintonia \u00e9 98,9 FM na Grande S\u00e3o Paulo e 93,3 FM na Baixada Santista. A edi\u00e7\u00e3o tamb\u00e9m \u00e9 transmitida na<strong>&nbsp;<a href=\"https:\/\/www.brasildefato.com.br\/radioagencia\/\" target=\"_blank\" rel=\"noreferrer noopener\">R\u00e1dio Brasil de Fato<\/a><\/strong>, \u00e0s 9h, que pode ser ouvida no site do BdF.<\/p>\n\n\n\n<p>Em diferentes dias e hor\u00e1rios, o programa tamb\u00e9m \u00e9 transmitido na R\u00e1dio Camponesa, em Itapeva (SP), e na R\u00e1dio Terra HD 95,3 FM.<\/p>\n\n\n\n<p>Assim como os demais conte\u00fados, o&nbsp;<strong>Brasil de Fato<\/strong>&nbsp;disponibiliza o&nbsp;<strong>Radinho BdF<\/strong>&nbsp;de forma gratuita para r\u00e1dios comunit\u00e1rias, r\u00e1dios-poste e outras emissoras que manifestarem interesse em veicular o conte\u00fado. Para fazer parte da lista de distribui\u00e7\u00e3o, entre em contato pelo e-mail:&nbsp;<strong>radio@brasildefato.com.br<\/strong>.<\/p>\n\n\n\n<p>O material \u00e9 produzido pela equipe do&nbsp;<strong>Brasil de Fato<\/strong>&nbsp;e conta com aconselhamento de&nbsp;<strong>Juliana Doretto<\/strong>, professora da PUC de Campinas que estuda como as crian\u00e7as e jovens aparecem nas not\u00edcias.<\/p>\n\n\n\n<p>Edi\u00e7\u00e3o: Michele Carvalho<\/p>\n","protected":false},"excerpt":{"rendered":"<p>Meninos e meninas relembram qual foi o Dia das Crian\u00e7as mais especial que j\u00e1 viveram.<\/p>\n","protected":false},"author":1,"featured_media":0,"comment_status":"closed","ping_status":"open","sticky":false,"template":"","format":"standard","meta":{"_exactmetrics_skip_tracking":false,"_exactmetrics_sitenote_active":false,"_exactmetrics_sitenote_note":"","_exactmetrics_sitenote_category":0,"jetpack_post_was_ever_published":false,"_jetpack_newsletter_access":"","_jetpack_dont_email_post_to_subs":false,"_jetpack_newsletter_tier_id":0,"_jetpack_memberships_contains_paywalled_content":false,"_jetpack_memberships_contains_paid_content":false,"footnotes":"","jetpack_publicize_message":"","jetpack_publicize_feature_enabled":true,"jetpack_social_post_already_shared":true,"jetpack_social_options":{"image_generator_settings":{"template":"highway","enabled":false},"version":2}},"categories":[1],"tags":[],"class_list":["post-29858","post","type-post","status-publish","format-standard","hentry","category-notas"],"jetpack_publicize_connections":[],"jetpack_sharing_enabled":true,"jetpack_featured_media_url":"","jetpack_shortlink":"https:\/\/wp.me\/p7wKYW-7LA","jetpack-related-posts":[],"_links":{"self":[{"href":"http:\/\/blogdalucianaoliveira.com.br\/blog\/wp-json\/wp\/v2\/posts\/29858","targetHints":{"allow":["GET"]}}],"collection":[{"href":"http:\/\/blogdalucianaoliveira.com.br\/blog\/wp-json\/wp\/v2\/posts"}],"about":[{"href":"http:\/\/blogdalucianaoliveira.com.br\/blog\/wp-json\/wp\/v2\/types\/post"}],"author":[{"embeddable":true,"href":"http:\/\/blogdalucianaoliveira.com.br\/blog\/wp-json\/wp\/v2\/users\/1"}],"replies":[{"embeddable":true,"href":"http:\/\/blogdalucianaoliveira.com.br\/blog\/wp-json\/wp\/v2\/comments?post=29858"}],"version-history":[{"count":1,"href":"http:\/\/blogdalucianaoliveira.com.br\/blog\/wp-json\/wp\/v2\/posts\/29858\/revisions"}],"predecessor-version":[{"id":29859,"href":"http:\/\/blogdalucianaoliveira.com.br\/blog\/wp-json\/wp\/v2\/posts\/29858\/revisions\/29859"}],"wp:attachment":[{"href":"http:\/\/blogdalucianaoliveira.com.br\/blog\/wp-json\/wp\/v2\/media?parent=29858"}],"wp:term":[{"taxonomy":"category","embeddable":true,"href":"http:\/\/blogdalucianaoliveira.com.br\/blog\/wp-json\/wp\/v2\/categories?post=29858"},{"taxonomy":"post_tag","embeddable":true,"href":"http:\/\/blogdalucianaoliveira.com.br\/blog\/wp-json\/wp\/v2\/tags?post=29858"}],"curies":[{"name":"wp","href":"https:\/\/api.w.org\/{rel}","templated":true}]}}