{"id":29860,"date":"2020-10-12T11:35:43","date_gmt":"2020-10-12T15:35:43","guid":{"rendered":"http:\/\/blogdalucianaoliveira.com.br\/blog\/?p=29860"},"modified":"2020-10-12T11:35:48","modified_gmt":"2020-10-12T15:35:48","slug":"coronavirus-neandertais-e-pacientes-graves-de-covid-19-tem-gene-quase-identico","status":"publish","type":"post","link":"http:\/\/blogdalucianaoliveira.com.br\/blog\/2020\/10\/12\/coronavirus-neandertais-e-pacientes-graves-de-covid-19-tem-gene-quase-identico\/","title":{"rendered":"Coronav\u00edrus: neandertais e pacientes graves de covid-19 t\u00eam gene &#8216;quase id\u00eantico&#8217;"},"content":{"rendered":"\n<figure class=\"wp-block-image\"><img data-recalc-dims=\"1\" decoding=\"async\" src=\"https:\/\/i0.wp.com\/ichef.bbci.co.uk\/news\/640\/cpsprodpb\/13665\/production\/_114816497_gettyimages-450373562.jpg?w=600&#038;ssl=1\" alt=\"Homem observa a recria\u00e7\u00e3o de uma cabe\u00e7a de neandertal em um museu na Espanha.\"\/><\/figure>\n\n\n\n<p>BBC &#8211; <strong>Do cruzamento com os neandertais, nossos primos na evolu\u00e7\u00e3o, os seres humanos herdaram pelos e cabelos mais grossos para se proteger melhor do frio, al\u00e9m de um sistema imunol\u00f3gico mais forte.<\/strong><\/p>\n\n\n\n<!--more-->\n\n\n\n<p>Mas tamb\u00e9m adquirimos genes que nos tornam propensos a sofrer mais com certas condi\u00e7\u00f5es de sa\u00fade.<\/p>\n\n\n\n<p>O \u00faltimo deles poderia ser a covid-19, a doen\u00e7a causada pelo novo coronav\u00edrus.<\/p>\n\n\n\n<p>Essa informa\u00e7\u00e3o foi confirmada por um estudo conjunto dos institutos Karolinska em Estocolmo, na Su\u00e9cia, Instituto de Antropologia Evolutiva Max Planck, na Alemanha, e o Instituto de Ci\u00eancia e Tecnologia de Okinawa, no Jap\u00e3o.<br><\/p>\n\n\n\n<p>De acordo com a pesquisa, um n\u00famero consider\u00e1vel de pacientes graves com covid-19 compartilha um segmento de DNA muito semelhante ao&nbsp;<em>Homo neanderthalensis<\/em>.<\/p>\n\n\n\n<p>\u00c9 &#8220;praticamente id\u00eantico&#8221;, diz Hugo Zeberg, co-autor do estudo e professor de neuroci\u00eancia do Instituto Karolinska.<\/p>\n\n\n\n<p>Esse segmento gen\u00e9tico persiste em cerca de 50% das pessoas no Sudeste Asi\u00e1tico e em 16% dos europeus.<\/p>\n\n\n\n<figure class=\"wp-block-image\"><img data-recalc-dims=\"1\" decoding=\"async\" src=\"https:\/\/i0.wp.com\/ichef.bbci.co.uk\/news\/640\/cpsprodpb\/35E9\/production\/_114810831_gettyimages-1228951677.jpg?w=600&#038;ssl=1\" alt=\"Paciente internado com coronav\u00edrus em Moscou\"\/><figcaption>Legenda da foto,3.199 pacientes participaram do estudo; pesquisa atesta que este \u00e9 o maior fator de risco gen\u00e9tico em casos graves de covid-19<\/figcaption><\/figure>\n\n\n\n<p>A pesquisa, publicada na revista Nature, estima que carregar esse fragmento de DNA poderia triplicar o risco de hospitaliza\u00e7\u00e3o e agravamento do quadro de sa\u00fade ap\u00f3s a infec\u00e7\u00e3o pelo coronav\u00edrus.<\/p>\n\n\n\n<h2 class=\"wp-block-heading\" id=\"Praticamente-id\u00eantico-\">&#8216;Praticamente id\u00eantico&#8217;<\/h2>\n\n\n\n<p>As semelhan\u00e7as encontradas por Hugo Zeberg e seu colega Svante P\u00e4\u00e4bo s\u00e3o quase totais.<\/p>\n\n\n\n<p>O grupo gen\u00e9tico em quest\u00e3o, encontrado no cromossomo 3, \u00e9 &#8220;praticamente id\u00eantico&#8221; ao dos neandertais, com apenas algumas posi\u00e7\u00f5es diferentes &#8220;em um segmento de DNA de 50 mil pares de bases&#8221;, explicou Zeberg \u00e0 BBC News Mundo, servi\u00e7o em espanhol da BBC.<\/p>\n\n\n\n<p>O estudo envolveu 3.199 pacientes, principalmente na Europa. Os resultados atestam que este \u00e9 o maior fator de risco gen\u00e9tico em casos graves de covid-19 em que as pessoas foram hospitalizadas.<\/p>\n\n\n\n<p>V\u00e1rios estudos cient\u00edficos afirmam que essa heran\u00e7a gen\u00e9tica foi produzida por rela\u00e7\u00f5es sexuais espor\u00e1dicas entre o&nbsp;<em>Homo sapiens<\/em>&nbsp;e neandertais dezenas de milhares de anos atr\u00e1s.<\/p>\n\n\n\n<p>&#8220;Todas as pessoas que n\u00e3o t\u00eam ra\u00edzes ancestrais da \u00c1frica carregam cerca de 2% de DNA de neandertal&#8221;, explica Zeberg.<\/p>\n\n\n\n<p>Essa heran\u00e7a \u00e9 especialmente not\u00e1vel no sudeste da \u00c1sia, onde 50% dos habitantes s\u00e3o portadores desse gene. Em Bangladesh, esse n\u00famero sobe para 63%.<\/p>\n\n\n\n<h2 class=\"wp-block-heading\" id=\"Outros-fatores-de-gravidade\">Outros fatores de gravidade<\/h2>\n\n\n\n<p>A gravidade da infec\u00e7\u00e3o por coronav\u00edrus n\u00e3o \u00e9 determinada exclusivamente pela gen\u00e9tica. Outras condi\u00e7\u00f5es entram em jogo, especialmente a idade dos infectados.<\/p>\n\n\n\n<figure class=\"wp-block-image\"><img data-recalc-dims=\"1\" decoding=\"async\" src=\"https:\/\/i0.wp.com\/ichef.bbci.co.uk\/news\/640\/cpsprodpb\/16A81\/production\/_114810829_gettyimages-938211716.jpg?w=600&#038;ssl=1\" alt=\"Exhibici\u00f3n de cr\u00e1neos hom\u00ednidos en Par\u00eds, Francia.\"\/><figcaption>Legenda da foto,Devemos v\u00e1rias doen\u00e7as atuais \u00e0 heran\u00e7a neandertal, mas tamb\u00e9m um sistema imunol\u00f3gico mais preparado para combater as infec\u00e7\u00f5es<\/figcaption><\/figure>\n\n\n\n<p>Apesar de as heran\u00e7as dos neandertais serem maiores no Sudeste Asi\u00e1tico do que na Europa \u2014 50% contra 16% da popula\u00e7\u00e3o \u2014 &#8220;a idade m\u00e9dia na \u00cdndia \u00e9 de 27 anos e na Espanha, de 45 anos&#8221;, exemplifica Zeberg.<\/p>\n\n\n\n<p>&#8220;H\u00e1 muito mais idosos na Europa do que no Sul da \u00c1sia e outros fatores entram em jogo, como h\u00e1bitos sociais e a forma como os pa\u00edses respondem \u00e0 pandemia&#8221;, acrescenta o acad\u00eamico.<\/p>\n\n\n\n<p>Na Espanha, h\u00e1 uma m\u00e9dia de 69 mortes por covid-19 por 100 mil habitantes. Enquanto isso, na \u00cdndia, cerca de oito pessoas morrem na mesma amostra, de acordo com dados recentes da Universidade John Hopkins, nos Estados Unidos.<\/p>\n\n\n\n<h2 class=\"wp-block-heading\" id=\"Trilha-neandertal\">Trilha neandertal<\/h2>\n\n\n\n<p>Estudos anteriores examinaram a influ\u00eancia dos neandertais em nossa composi\u00e7\u00e3o gen\u00e9tica.<\/p>\n\n\n\n<p>V\u00e1rias doen\u00e7as atuais, como diabetes ou a doen\u00e7a de Crohn, podem ter origem em nossos primos no passado.<\/p>\n\n\n\n<p>Tamb\u00e9m diferentes mecanismos de defesa com os quais lutamos contra v\u00edrus e infec\u00e7\u00f5es, conforme apresentado em um estudo da Universidade de Stanford, nos Estados Unidos, em 2018.<\/p>\n\n\n\n<p>\u00c0 lista do legado dos neandertais \u00e9 agora adicionado o fator de risco para adoecimento grave por coronav\u00edrus, uma descoberta que pode ter implica\u00e7\u00f5es positivas no futuro.<\/p>\n\n\n\n<p>&#8220;N\u00e3o por saber a origem do neandertal por si s\u00f3, mas a associa\u00e7\u00e3o gen\u00e9tica \u00e9 importante. Pode ajudar na identifica\u00e7\u00e3o de alvos para futuros medicamentos&#8221;, finaliza Zeberg.<\/p>\n","protected":false},"excerpt":{"rendered":"<p>BBC &#8211; Do cruzamento com os neandertais, nossos primos na evolu\u00e7\u00e3o, os seres humanos herdaram pelos e cabelos mais grossos para se proteger melhor do frio, al\u00e9m de um sistema imunol\u00f3gico mais forte.<\/p>\n","protected":false},"author":1,"featured_media":0,"comment_status":"closed","ping_status":"open","sticky":false,"template":"","format":"standard","meta":{"_exactmetrics_skip_tracking":false,"_exactmetrics_sitenote_active":false,"_exactmetrics_sitenote_note":"","_exactmetrics_sitenote_category":0,"jetpack_post_was_ever_published":false,"_jetpack_newsletter_access":"","_jetpack_dont_email_post_to_subs":false,"_jetpack_newsletter_tier_id":0,"_jetpack_memberships_contains_paywalled_content":false,"_jetpack_memberships_contains_paid_content":false,"footnotes":"","jetpack_publicize_message":"","jetpack_publicize_feature_enabled":true,"jetpack_social_post_already_shared":true,"jetpack_social_options":{"image_generator_settings":{"template":"highway","enabled":false},"version":2}},"categories":[1],"tags":[],"class_list":["post-29860","post","type-post","status-publish","format-standard","hentry","category-notas"],"jetpack_publicize_connections":[],"jetpack_sharing_enabled":true,"jetpack_featured_media_url":"","jetpack_shortlink":"https:\/\/wp.me\/p7wKYW-7LC","jetpack-related-posts":[],"_links":{"self":[{"href":"http:\/\/blogdalucianaoliveira.com.br\/blog\/wp-json\/wp\/v2\/posts\/29860","targetHints":{"allow":["GET"]}}],"collection":[{"href":"http:\/\/blogdalucianaoliveira.com.br\/blog\/wp-json\/wp\/v2\/posts"}],"about":[{"href":"http:\/\/blogdalucianaoliveira.com.br\/blog\/wp-json\/wp\/v2\/types\/post"}],"author":[{"embeddable":true,"href":"http:\/\/blogdalucianaoliveira.com.br\/blog\/wp-json\/wp\/v2\/users\/1"}],"replies":[{"embeddable":true,"href":"http:\/\/blogdalucianaoliveira.com.br\/blog\/wp-json\/wp\/v2\/comments?post=29860"}],"version-history":[{"count":1,"href":"http:\/\/blogdalucianaoliveira.com.br\/blog\/wp-json\/wp\/v2\/posts\/29860\/revisions"}],"predecessor-version":[{"id":29861,"href":"http:\/\/blogdalucianaoliveira.com.br\/blog\/wp-json\/wp\/v2\/posts\/29860\/revisions\/29861"}],"wp:attachment":[{"href":"http:\/\/blogdalucianaoliveira.com.br\/blog\/wp-json\/wp\/v2\/media?parent=29860"}],"wp:term":[{"taxonomy":"category","embeddable":true,"href":"http:\/\/blogdalucianaoliveira.com.br\/blog\/wp-json\/wp\/v2\/categories?post=29860"},{"taxonomy":"post_tag","embeddable":true,"href":"http:\/\/blogdalucianaoliveira.com.br\/blog\/wp-json\/wp\/v2\/tags?post=29860"}],"curies":[{"name":"wp","href":"https:\/\/api.w.org\/{rel}","templated":true}]}}