{"id":29864,"date":"2020-10-14T06:46:16","date_gmt":"2020-10-14T10:46:16","guid":{"rendered":"http:\/\/blogdalucianaoliveira.com.br\/blog\/?p=29864"},"modified":"2020-10-14T06:46:21","modified_gmt":"2020-10-14T10:46:21","slug":"a-eleicao-da-influencia-digital","status":"publish","type":"post","link":"http:\/\/blogdalucianaoliveira.com.br\/blog\/2020\/10\/14\/a-eleicao-da-influencia-digital\/","title":{"rendered":"A elei\u00e7\u00e3o da influ\u00eancia digital"},"content":{"rendered":"\n<figure class=\"wp-block-image size-large\"><img data-recalc-dims=\"1\" loading=\"lazy\" decoding=\"async\" width=\"600\" height=\"400\" data-attachment-id=\"29865\" data-permalink=\"http:\/\/blogdalucianaoliveira.com.br\/blog\/2020\/10\/14\/a-eleicao-da-influencia-digital\/image-8-13\/\" data-orig-file=\"https:\/\/i0.wp.com\/blogdalucianaoliveira.com.br\/blog\/wp-content\/uploads\/2020\/10\/image-8.jpeg?fit=768%2C512\" data-orig-size=\"768,512\" data-comments-opened=\"0\" data-image-meta=\"{&quot;aperture&quot;:&quot;0&quot;,&quot;credit&quot;:&quot;&quot;,&quot;camera&quot;:&quot;&quot;,&quot;caption&quot;:&quot;&quot;,&quot;created_timestamp&quot;:&quot;0&quot;,&quot;copyright&quot;:&quot;&quot;,&quot;focal_length&quot;:&quot;0&quot;,&quot;iso&quot;:&quot;0&quot;,&quot;shutter_speed&quot;:&quot;0&quot;,&quot;title&quot;:&quot;&quot;,&quot;orientation&quot;:&quot;0&quot;}\" data-image-title=\"image-8\" data-image-description=\"\" data-image-caption=\"\" data-medium-file=\"https:\/\/i0.wp.com\/blogdalucianaoliveira.com.br\/blog\/wp-content\/uploads\/2020\/10\/image-8.jpeg?fit=300%2C200\" data-large-file=\"https:\/\/i0.wp.com\/blogdalucianaoliveira.com.br\/blog\/wp-content\/uploads\/2020\/10\/image-8.jpeg?fit=600%2C400\" src=\"https:\/\/i0.wp.com\/blogdalucianaoliveira.com.br\/blog\/wp-content\/uploads\/2020\/10\/image-8.jpeg?resize=600%2C400\" alt=\"\" class=\"wp-image-29865\" srcset=\"https:\/\/i0.wp.com\/blogdalucianaoliveira.com.br\/blog\/wp-content\/uploads\/2020\/10\/image-8.jpeg?w=768 768w, https:\/\/i0.wp.com\/blogdalucianaoliveira.com.br\/blog\/wp-content\/uploads\/2020\/10\/image-8.jpeg?resize=300%2C200 300w, https:\/\/i0.wp.com\/blogdalucianaoliveira.com.br\/blog\/wp-content\/uploads\/2020\/10\/image-8.jpeg?resize=450%2C300 450w\" sizes=\"auto, (max-width: 600px) 100vw, 600px\" \/><\/figure>\n\n\n\n<p>Apesar de alguns youtubers no Brasil terem audi\u00eancias de causar inveja a emissoras, eles n\u00e3o precisam, por exemplo, garantir espa\u00e7o igualit\u00e1rio a todos os candidatos nos seus canais.<\/p>\n\n\n\n<!--more-->\n\n\n\n<p>El Pa\u00eds<\/p>\n\n\n\n<p><a href=\"https:\/\/brasil.elpais.com\/autor\/el-pais\/\">ALANA RIZZO | CLARA BECKER<\/a><a href=\"http:\/\/twitter.com\/el_pais\" target=\"_blank\" rel=\"noreferrer noopener\"><\/a><\/p>\n\n\n\n<p><a rel=\"noreferrer noopener\" href=\"https:\/\/brasil.elpais.com\/brasil\/2019\/08\/22\/tecnologia\/1566480798_855818.html\" target=\"_blank\"><br>Influenciadores digitais<\/a>\u00a0e seus milhares de seguidores \u2014milh\u00f5es, a depender do @ em quest\u00e3o\u2014 est\u00e3o preparados para participar com responsabilidade do\u00a0<a rel=\"noreferrer noopener\" href=\"https:\/\/brasil.elpais.com\/brasil\/2018\/09\/21\/opinion\/1537557693_143615.html\" target=\"_blank\">debate democr\u00e1tico nas redes sociais<\/a>? Eles sabem o que \u00e9 permitido ou n\u00e3o pela legisla\u00e7\u00e3o eleitoral? Conseguem identificar conte\u00fados enganosos com verniz de jornalismo e n\u00e3o cair na armadilha de passar\u00a0<a rel=\"noreferrer noopener\" href=\"https:\/\/brasil.elpais.com\/noticias\/noticias-falsas\/\" target=\"_blank\">fake news<\/a>\u00a0adiante?<\/p>\n\n\n\n<p>Em um pleito como as elei\u00e7\u00f5es municipais de 2020, no qual, mais uma vez, as&nbsp;<a href=\"https:\/\/brasil.elpais.com\/brasil\/2020-03-04\/rede-de-fake-news-via-whatsapp-e-ativada-para-mobilizar-base-bolsonarista-contra-congresso.html\" target=\"_blank\" rel=\"noreferrer noopener\">redes sociais ser\u00e3o arena<\/a>&nbsp;do debate p\u00fablico \u2015e ao que tudo indica de forma ainda mais intensificada por causa da pandemia\u2015, os influenciadores e \u00f3rg\u00e3os eleitorais precisam reconhecer a responsabilidade que esses atores carregam e o impacto que s\u00e3o capazes de promover.<\/p>\n\n\n\n<p>Eles n\u00e3o se chamam\u00a0<a rel=\"noreferrer noopener\" href=\"https:\/\/brasil.elpais.com\/brasil\/2019\/10\/01\/tecnologia\/1569938947_969288.html\" target=\"_blank\">influenciadores \u00e0 toa<\/a>. A revista americana Entrepeneur apontou que 80% do tr\u00e1fego online est\u00e1 ligado a algum tipo de influenciador e que 92% dos consumidores acreditam mais na recomenda\u00e7\u00e3o deles do que de institui\u00e7\u00f5es. Ap\u00f3s amigos e parentes, eles j\u00e1 s\u00e3o a segunda fonte de tomada de decis\u00e3o para consumidores, de acordo com estudo da Qualibest.<\/p>\n\n\n\n<p>O problema \u00e9 que no per\u00edodo eleitoral, n\u00e3o s\u00e3o apenas decis\u00f5es de consumo que podem ser influenciadas, mas os pr\u00f3prios rumos do debate pol\u00edtico e, at\u00e9 mesmo, decis\u00f5es sobre votos. Nos \u00faltimos meses o&nbsp;<a href=\"https:\/\/www.redescordiais.com.br\/\" target=\"_blank\" rel=\"noreferrer noopener\">Redes Cordiais<\/a>e o<a href=\"https:\/\/www.internetlab.org.br\/pt\/\" target=\"_blank\" rel=\"noreferrer noopener\">&nbsp;InternetLab<\/a>, um centro de pesquisa independente sobre direito e tecnologia, se debru\u00e7aram sobre essa quest\u00e3o para elaborar um guia para influenciadores nas elei\u00e7\u00f5es de 2020. No percurso, nos deparamos com mais perguntas do que respostas.<\/p>\n\n\n\n<p>Enquanto emissoras de r\u00e1dio e de TV, que s\u00e3o concess\u00f5es p\u00fablicas, devem seguir uma s\u00e9rie de regulamenta\u00e7\u00f5es relacionadas \u00e0 comunica\u00e7\u00e3o e \u00e0 propaganda em \u00e9poca de campanha eleitoral para garantir a igualdade de chances entre candidatos, o mesmo n\u00e3o acontece com canais e perfis nas redes sociais. Apesar de\u00a0<a rel=\"noreferrer noopener\" href=\"https:\/\/brasil.elpais.com\/brasil\/2020-10-06\/felipe-neto-qualquer-comunicador-que-se-cala-sobre-o-que-estamos-vivendo-com-bolsonaro-e-cumplice.html\" target=\"_blank\">alguns\u00a0<em>youtubers<\/em>\u00a0no Brasil terem audi\u00eancias de causar inveja<\/a>\u00a0a emissoras, eles n\u00e3o precisam, por exemplo, garantir espa\u00e7o igualit\u00e1rio a todos os candidatos nos seus canais. N\u00e3o existem regras espec\u00edficas para a garantia de igualdade de chances, nem uma norma expl\u00edcita que pro\u00edba ou restrinja a realiza\u00e7\u00e3o de entrevistas com candidatos ou a reprodu\u00e7\u00e3o de uma conversa com eles nas redes sociais.<\/p>\n\n\n\n<p>Como a legisla\u00e7\u00e3o n\u00e3o resolve todos os problemas \u00e9ticos e de responsabilidade sobre&nbsp;<a href=\"https:\/\/brasil.elpais.com\/tecnologia\/2020-07-07\/a-era-do-vale-tudo-nas-redes-sociais-esta-acabando.html\" target=\"_blank\" rel=\"noreferrer noopener\">como influenciadores devem participar do debate pol\u00edtico<\/a>, a consci\u00eancia do influenciador sobre seu papel e sua responsabilidade na constru\u00e7\u00e3o de um debate democr\u00e1tico livre, transparente e plural pode fazer enorme diferen\u00e7a para os usu\u00e1rios e para os candidatos e candidatas. Mesmo que algumas condutas n\u00e3o sejam ilegais, elas podem acabar prejudicando o debate democr\u00e1tico e enganando os seguidores do influenciador.<\/p>\n\n\n\n<p>Para esses casos nas&nbsp;<a href=\"https:\/\/brasil.elpais.com\/tecnologia\/2020-10-07\/facebook-proibe-todos-os-grupos-e-paginas-vinculados-a-teoria-conspiratoria-qanon.html\" target=\"_blank\" rel=\"noreferrer noopener\">brechas da lei<\/a>, o guia traz uma \u201cb\u00fassola\u201d de princ\u00edpios para ajudar a tomar decis\u00f5es dif\u00edceis. S\u00e3o eles a liberdade de express\u00e3o, transpar\u00eancia, responsabilidade, pluralismo.<\/p>\n\n\n\n<p>O objetivo do guia \u00e9 suprir uma car\u00eancia do mercado e oferecer as ferramentas necess\u00e1rias para que influenciadores e produtores de conte\u00fado em redes sociais participem do processo eleitoral de&nbsp;<a href=\"https:\/\/brasil.elpais.com\/opiniao\/2020-09-13\/a-nova-clausula-de-barreiras.html\" target=\"_blank\" rel=\"noreferrer noopener\">maneira democr\u00e1tica<\/a>, segura e \u00e9tica. Outras tantas perguntas foram respondidas e transformadas em uma caixa de ferramentas. Como, por exemplo, qual a diferen\u00e7a entre demonstrar apoio pol\u00edtico e fazer propaganda eleitoral na internet? Ou se eu for amigo, parente ou conhecer um candidato da minha cidade, eu posso apoiar ele nas redes? O que \u00e9 a boca de urna digital? Como evit\u00e1-la?<\/p>\n\n\n\n<p>O tira-d\u00favidas foi desenhado para os influenciadores digitais, mas vale lembrar que hoje em dia somos todos influenciadores, no grupo da fam\u00edlia, no chat do trabalho, na escola. E somos n\u00f3s \u2015 n\u00e3o os rob\u00f4s \u2015 os respons\u00e1veis pela&nbsp;<a href=\"https:\/\/brasil.elpais.com\/brasil\/2020-07-28\/no-combate-a-desinformacao-e-preciso-nao-ridicularizar-o-conspirador.html\" target=\"_blank\" rel=\"noreferrer noopener\">dissemina\u00e7\u00e3o das fake news<\/a>. Podemos colaborar filtrando melhor os influenciadores que seguimos nas redes sociais e tamb\u00e9m o conte\u00fado que compartilhamos durante as elei\u00e7\u00f5es.<\/p>\n\n\n\n<p><em><strong>Alana Rizzo<\/strong><\/em><em>&nbsp;e&nbsp;<\/em><em><strong>Clara Becker<\/strong><\/em><em>&nbsp;s\u00e3o jornalistas e cofundadoras do&nbsp;<\/em><a href=\"https:\/\/www.redescordiais.com.br\/\"><em>Redes Cordiais<\/em><\/a><em>, projeto de combate \u00e0 desinforma\u00e7\u00e3o e aos discursos de \u00f3dio em redes sociais<\/em><\/p>\n","protected":false},"excerpt":{"rendered":"<p>Apesar de alguns youtubers no Brasil terem audi\u00eancias de causar inveja a emissoras, eles n\u00e3o precisam, por exemplo, garantir espa\u00e7o igualit\u00e1rio a todos os candidatos nos seus canais.<\/p>\n","protected":false},"author":1,"featured_media":0,"comment_status":"closed","ping_status":"open","sticky":false,"template":"","format":"standard","meta":{"_exactmetrics_skip_tracking":false,"_exactmetrics_sitenote_active":false,"_exactmetrics_sitenote_note":"","_exactmetrics_sitenote_category":0,"jetpack_post_was_ever_published":false,"_jetpack_newsletter_access":"","_jetpack_dont_email_post_to_subs":false,"_jetpack_newsletter_tier_id":0,"_jetpack_memberships_contains_paywalled_content":false,"_jetpack_memberships_contains_paid_content":false,"footnotes":"","jetpack_publicize_message":"","jetpack_publicize_feature_enabled":true,"jetpack_social_post_already_shared":true,"jetpack_social_options":{"image_generator_settings":{"template":"highway","enabled":false},"version":2}},"categories":[1],"tags":[],"class_list":["post-29864","post","type-post","status-publish","format-standard","hentry","category-notas"],"jetpack_publicize_connections":[],"jetpack_sharing_enabled":true,"jetpack_featured_media_url":"","jetpack_shortlink":"https:\/\/wp.me\/p7wKYW-7LG","jetpack-related-posts":[],"_links":{"self":[{"href":"http:\/\/blogdalucianaoliveira.com.br\/blog\/wp-json\/wp\/v2\/posts\/29864","targetHints":{"allow":["GET"]}}],"collection":[{"href":"http:\/\/blogdalucianaoliveira.com.br\/blog\/wp-json\/wp\/v2\/posts"}],"about":[{"href":"http:\/\/blogdalucianaoliveira.com.br\/blog\/wp-json\/wp\/v2\/types\/post"}],"author":[{"embeddable":true,"href":"http:\/\/blogdalucianaoliveira.com.br\/blog\/wp-json\/wp\/v2\/users\/1"}],"replies":[{"embeddable":true,"href":"http:\/\/blogdalucianaoliveira.com.br\/blog\/wp-json\/wp\/v2\/comments?post=29864"}],"version-history":[{"count":1,"href":"http:\/\/blogdalucianaoliveira.com.br\/blog\/wp-json\/wp\/v2\/posts\/29864\/revisions"}],"predecessor-version":[{"id":29866,"href":"http:\/\/blogdalucianaoliveira.com.br\/blog\/wp-json\/wp\/v2\/posts\/29864\/revisions\/29866"}],"wp:attachment":[{"href":"http:\/\/blogdalucianaoliveira.com.br\/blog\/wp-json\/wp\/v2\/media?parent=29864"}],"wp:term":[{"taxonomy":"category","embeddable":true,"href":"http:\/\/blogdalucianaoliveira.com.br\/blog\/wp-json\/wp\/v2\/categories?post=29864"},{"taxonomy":"post_tag","embeddable":true,"href":"http:\/\/blogdalucianaoliveira.com.br\/blog\/wp-json\/wp\/v2\/tags?post=29864"}],"curies":[{"name":"wp","href":"https:\/\/api.w.org\/{rel}","templated":true}]}}