{"id":29867,"date":"2020-10-15T07:57:59","date_gmt":"2020-10-15T11:57:59","guid":{"rendered":"http:\/\/blogdalucianaoliveira.com.br\/blog\/?p=29867"},"modified":"2020-10-15T07:58:04","modified_gmt":"2020-10-15T11:58:04","slug":"pf-apreende-dinheiro-entre-as-nadegas-de-vice-lider-do-governo-bolsonaro-em-acao-sobre-covid","status":"publish","type":"post","link":"http:\/\/blogdalucianaoliveira.com.br\/blog\/2020\/10\/15\/pf-apreende-dinheiro-entre-as-nadegas-de-vice-lider-do-governo-bolsonaro-em-acao-sobre-covid\/","title":{"rendered":"PF apreende dinheiro entre as n\u00e1degas de vice-l\u00edder do governo Bolsonaro em a\u00e7\u00e3o sobre Covid"},"content":{"rendered":"\n<figure class=\"wp-block-image size-large\"><img data-recalc-dims=\"1\" loading=\"lazy\" decoding=\"async\" width=\"600\" height=\"358\" data-attachment-id=\"29868\" data-permalink=\"http:\/\/blogdalucianaoliveira.com.br\/blog\/2020\/10\/15\/pf-apreende-dinheiro-entre-as-nadegas-de-vice-lider-do-governo-bolsonaro-em-acao-sobre-covid\/image-9-12\/\" data-orig-file=\"https:\/\/i0.wp.com\/blogdalucianaoliveira.com.br\/blog\/wp-content\/uploads\/2020\/10\/image-9.jpeg?fit=696%2C415\" data-orig-size=\"696,415\" data-comments-opened=\"0\" data-image-meta=\"{&quot;aperture&quot;:&quot;0&quot;,&quot;credit&quot;:&quot;&quot;,&quot;camera&quot;:&quot;&quot;,&quot;caption&quot;:&quot;&quot;,&quot;created_timestamp&quot;:&quot;0&quot;,&quot;copyright&quot;:&quot;&quot;,&quot;focal_length&quot;:&quot;0&quot;,&quot;iso&quot;:&quot;0&quot;,&quot;shutter_speed&quot;:&quot;0&quot;,&quot;title&quot;:&quot;&quot;,&quot;orientation&quot;:&quot;0&quot;}\" data-image-title=\"image-9\" data-image-description=\"\" data-image-caption=\"\" data-medium-file=\"https:\/\/i0.wp.com\/blogdalucianaoliveira.com.br\/blog\/wp-content\/uploads\/2020\/10\/image-9.jpeg?fit=300%2C179\" data-large-file=\"https:\/\/i0.wp.com\/blogdalucianaoliveira.com.br\/blog\/wp-content\/uploads\/2020\/10\/image-9.jpeg?fit=600%2C358\" src=\"https:\/\/i0.wp.com\/blogdalucianaoliveira.com.br\/blog\/wp-content\/uploads\/2020\/10\/image-9.jpeg?resize=600%2C358\" alt=\"\" class=\"wp-image-29868\" srcset=\"https:\/\/i0.wp.com\/blogdalucianaoliveira.com.br\/blog\/wp-content\/uploads\/2020\/10\/image-9.jpeg?w=696 696w, https:\/\/i0.wp.com\/blogdalucianaoliveira.com.br\/blog\/wp-content\/uploads\/2020\/10\/image-9.jpeg?resize=300%2C179 300w, https:\/\/i0.wp.com\/blogdalucianaoliveira.com.br\/blog\/wp-content\/uploads\/2020\/10\/image-9.jpeg?resize=503%2C300 503w\" sizes=\"auto, (max-width: 600px) 100vw, 600px\" \/><\/figure>\n\n\n\n<p>Senador Chico Rodrigues (DEM) disse, em nota, que confia na Justi\u00e7a e que ir\u00e1 provar que n\u00e3o tem envolvimento com qualquer ato il\u00edcito.<\/p>\n\n\n\n<!--more-->\n\n\n\n<p><strong><a href=\"https:\/\/www1.folha.uol.com.br\/autores\/marcelo-rocha.shtml\">Marcelo Rocha<\/a><\/strong>, na FSP<\/p>\n\n\n\n<p>Em opera\u00e7\u00e3o realizada nesta quarta-feira (14) em Roraima contra o&nbsp;<a href=\"https:\/\/www1.folha.uol.com.br\/cotidiano\/2020\/05\/compras-de-equipamentos-para-combate-a-covid-19-tem-fraudes-pelo-mundo.shtml\">desvio de recursos p\u00fablicos para o enfrentamento \u00e0 Covid-19<\/a>, a Pol\u00edcia Federal apreendeu dinheiro vivo dentro da cueca de&nbsp;<a href=\"https:\/\/www1.folha.uol.com.br\/poder\/2019\/04\/senador-da-emprego-de-r-23-mil-para-primo-dos-filhos-de-bolsonaro-por-feeling.shtml\">Chico Rodrigues<\/a>&nbsp;(DEM-RR), vice-l\u00edder do governo Bolsonaro no Senado.<\/p>\n\n\n\n<p>Parte das notas, de acordo com investigadores envolvidos no caso, estavam entre as n\u00e1degas de Rodrigues. Cerca de R$ 30 mil foram encontrados na casa do parlamentar. A informa\u00e7\u00e3o foi divulgada pela revista Cruso\u00e9 e confirmada pela&nbsp;<strong>Folha<\/strong>.<\/p>\n\n\n\n<p>O representante do DEM no Senado disse, em nota, que confia na Justi\u00e7a e que ir\u00e1 provar que n\u00e3o tem envolvimento com qualquer ato il\u00edcito.<\/p>\n\n\n\n<p>Deflagrada pela PF e pela CGU (Controladoria Geral da Uni\u00e3o), a Opera\u00e7\u00e3o Desvid-19 tinha o objetivo de coletar informa\u00e7\u00f5es sobre o desvio de recursos p\u00fablicos oriundos de emendas parlamentares. Cada congressista tem direito a R$ 15 milh\u00f5es por ano em emendas ao Or\u00e7amento da Uni\u00e3o.<\/p>\n\n\n\n<p>Os valores eram destinados ao combate \u00e0 pandemia da Covid-19 \u2014recursos administrados pela Secretaria de Sa\u00fade de Roraima.<\/p>\n\n\n\n<p>Foram cumpridos sete mandados de busca e apreens\u00e3o em Boa Vista, expedidos pelo ministro Roberto Barroso, relator da investiga\u00e7\u00e3o no STF (Supremo Tribunal Federal). Rodrigues foi um dos alvos.<\/p>\n\n\n\n<p>A reportagem ligou para o senador, mas n\u00e3o conseguiu contato. Em um comunicado que fez sobre o caso, o senador disse acreditar \u201cna Justi\u00e7a dos homens e na Justi\u00e7a Divina\u201d.<\/p>\n\n\n\n<p>\u201cEstou tranquilo com o fato ocorrido hoje em minha resid\u00eancia em Boa Vista, capital de Roraima. A Pol\u00edcia Federal cumpriu sua parte em fazer buscas em uma investiga\u00e7\u00e3o na qual meu nome foi citado\u201d, afirmou Rodrigues.<\/p>\n\n\n\n<p>O senador disse que teve o \u201clar invadido\u201d pelos investigadores, por apenas ter feito o trabalho como parlamentar, levando recursos para o combate \u00e0 Covid-19 na sa\u00fade do estado.<\/p>\n\n\n\n<p>\u201cTenho um passado limpo e uma vida decente. Nunca me envolvi em esc\u00e2ndalos de nenhum porte. Se houve processos contra minha pessoa no passado, foram provados na Justi\u00e7a que sou inocente.\u201d<\/p>\n\n\n\n<p>\u201cNa vida p\u00fablica \u00e9 assim, e, ao logo dos meus 30 anos dentro da pol\u00edtica, conheci muita gente mal intencionada com o intuito de macular minha imagem, ainda mais em um per\u00edodo eleitoral conturbado, como est\u00e1 sendo o pleito em nossa capital.\u201d<\/p>\n\n\n\n<p>O parlamentar disse ainda que n\u00e3o trabalhou no Executivo, n\u00e3o \u00e9 ordenador de despesas e, como legislador, faz a parte dele, \u201ctrazendo recursos para que Roraima se desenvolva&#8221;. &#8220;Que a Justi\u00e7a seja feita e que, se houver algum culpado, que seja punido nos rigores da lei\u201d, afirmou.<\/p>\n\n\n\n<figure class=\"wp-block-image\"><img data-recalc-dims=\"1\" decoding=\"async\" src=\"https:\/\/i0.wp.com\/f.i.uol.com.br\/fotografia\/2019\/08\/14\/15658229855d54900981fe9_1565822985_3x2_md.jpg?w=600&#038;ssl=1\" alt=\"\"\/><figcaption>O deputado federal Eduardo Bolsonaro (PSL-SP) em visita ao senador Chico Rodrigues (DEM-RR) em 2019. O senador era o favorito para ser relator de sua indica\u00e7\u00e3o \u00e0 embaixada dos EUA &#8211;&nbsp;Pedro Ladeira &#8211; 9.ago.2019\/Folhapress<\/figcaption><\/figure>\n\n\n\n<p>Tamb\u00e9m nesta quarta-feira, o presidente Bolsonaro afirmou, uma semana ap\u00f3s ter dito que a Opera\u00e7\u00e3o Lava Jato havia perdido o sentido em seu governo&nbsp;<a href=\"https:\/\/www1.folha.uol.com.br\/poder\/2020\/10\/bolsonaro-diz-que-lava-jato-acabou-porque-governo-nao-tem-mais-corrupcao.shtml\">por n\u00e3o haver casos de corrup\u00e7\u00e3o<\/a>, que, se algu\u00e9m andar fora da linha em sua gest\u00e3o, levar\u00e1 &#8220;uma voadora no pesco\u00e7o&#8221;.<\/p>\n\n\n\n<p>Em conversa com apoiadores na entrada do Pal\u00e1cio da Alvorada, o presidente tocou no assunto ao informar \u00e0 claque sobre a opera\u00e7\u00e3o em Roraima.<\/p>\n\n\n\n<p>&#8220;Ah, acabou a Lava Jato, pessoal? A PF est\u00e1 l\u00e1 em Roraima hoje. Para mim n\u00e3o tem. No meu governo, n\u00e3o tem porque botamos gente l\u00e1 comprometida com a honestidade, com o futuro do Brasil&#8221;, disse Bolsonaro, fazendo alus\u00e3o ao discurso que fez no Pal\u00e1cio do Planalto em 7 de outubro.<\/p>\n\n\n\n<p>Naquele dia, Bolsonaro afirmou: &#8220;\u00c9 um orgulho, uma satisfa\u00e7\u00e3o que eu tenho dizer a essa imprensa maravilhosa nossa que eu n\u00e3o quero acabar com a Lava Jato. Eu acabei com [a fun\u00e7\u00e3o da] a Lava Jato porque n\u00e3o tem mais corrup\u00e7\u00e3o no governo. Eu sei que isso n\u00e3o \u00e9 virtude, \u00e9 obriga\u00e7\u00e3o&#8221;.<\/p>\n\n\n\n<p>J\u00e1 nesta quarta-feira, o presidente disse ao seu p\u00fablico o que faria caso encontrasse algum caso de corrup\u00e7\u00e3o em seu governo. &#8220;Se acontecer alguma coisa, a gente bota para correr, d\u00e1 uma voadora no pesco\u00e7o dele. Mas n\u00e3o acredito que haja no meu governo&#8221;, disse Bolsonaro.<\/p>\n","protected":false},"excerpt":{"rendered":"<p>Senador Chico Rodrigues (DEM) disse, em nota, que confia na Justi\u00e7a e que ir\u00e1 provar que n\u00e3o tem envolvimento com qualquer ato il\u00edcito.<\/p>\n","protected":false},"author":1,"featured_media":0,"comment_status":"closed","ping_status":"open","sticky":false,"template":"","format":"standard","meta":{"_exactmetrics_skip_tracking":false,"_exactmetrics_sitenote_active":false,"_exactmetrics_sitenote_note":"","_exactmetrics_sitenote_category":0,"jetpack_post_was_ever_published":false,"_jetpack_newsletter_access":"","_jetpack_dont_email_post_to_subs":false,"_jetpack_newsletter_tier_id":0,"_jetpack_memberships_contains_paywalled_content":false,"_jetpack_memberships_contains_paid_content":false,"footnotes":"","jetpack_publicize_message":"","jetpack_publicize_feature_enabled":true,"jetpack_social_post_already_shared":true,"jetpack_social_options":{"image_generator_settings":{"template":"highway","enabled":false},"version":2}},"categories":[1],"tags":[],"class_list":["post-29867","post","type-post","status-publish","format-standard","hentry","category-notas"],"jetpack_publicize_connections":[],"jetpack_sharing_enabled":true,"jetpack_featured_media_url":"","jetpack_shortlink":"https:\/\/wp.me\/p7wKYW-7LJ","jetpack-related-posts":[],"_links":{"self":[{"href":"http:\/\/blogdalucianaoliveira.com.br\/blog\/wp-json\/wp\/v2\/posts\/29867","targetHints":{"allow":["GET"]}}],"collection":[{"href":"http:\/\/blogdalucianaoliveira.com.br\/blog\/wp-json\/wp\/v2\/posts"}],"about":[{"href":"http:\/\/blogdalucianaoliveira.com.br\/blog\/wp-json\/wp\/v2\/types\/post"}],"author":[{"embeddable":true,"href":"http:\/\/blogdalucianaoliveira.com.br\/blog\/wp-json\/wp\/v2\/users\/1"}],"replies":[{"embeddable":true,"href":"http:\/\/blogdalucianaoliveira.com.br\/blog\/wp-json\/wp\/v2\/comments?post=29867"}],"version-history":[{"count":1,"href":"http:\/\/blogdalucianaoliveira.com.br\/blog\/wp-json\/wp\/v2\/posts\/29867\/revisions"}],"predecessor-version":[{"id":29869,"href":"http:\/\/blogdalucianaoliveira.com.br\/blog\/wp-json\/wp\/v2\/posts\/29867\/revisions\/29869"}],"wp:attachment":[{"href":"http:\/\/blogdalucianaoliveira.com.br\/blog\/wp-json\/wp\/v2\/media?parent=29867"}],"wp:term":[{"taxonomy":"category","embeddable":true,"href":"http:\/\/blogdalucianaoliveira.com.br\/blog\/wp-json\/wp\/v2\/categories?post=29867"},{"taxonomy":"post_tag","embeddable":true,"href":"http:\/\/blogdalucianaoliveira.com.br\/blog\/wp-json\/wp\/v2\/tags?post=29867"}],"curies":[{"name":"wp","href":"https:\/\/api.w.org\/{rel}","templated":true}]}}