{"id":29870,"date":"2020-10-15T08:04:17","date_gmt":"2020-10-15T12:04:17","guid":{"rendered":"http:\/\/blogdalucianaoliveira.com.br\/blog\/?p=29870"},"modified":"2020-10-15T08:04:23","modified_gmt":"2020-10-15T12:04:23","slug":"mulheres-em-cargos-de-lideranca-ganham-em-media-23-a-menos-que-homens-aponta-pesquisa","status":"publish","type":"post","link":"http:\/\/blogdalucianaoliveira.com.br\/blog\/2020\/10\/15\/mulheres-em-cargos-de-lideranca-ganham-em-media-23-a-menos-que-homens-aponta-pesquisa\/","title":{"rendered":"Mulheres em cargos de lideran\u00e7a ganham, em m\u00e9dia, 23% a menos que homens, aponta pesquisa"},"content":{"rendered":"\n<figure class=\"wp-block-image size-large\"><img data-recalc-dims=\"1\" loading=\"lazy\" decoding=\"async\" width=\"600\" height=\"400\" data-attachment-id=\"29871\" data-permalink=\"http:\/\/blogdalucianaoliveira.com.br\/blog\/2020\/10\/15\/mulheres-em-cargos-de-lideranca-ganham-em-media-23-a-menos-que-homens-aponta-pesquisa\/image-10-12\/\" data-orig-file=\"https:\/\/i0.wp.com\/blogdalucianaoliveira.com.br\/blog\/wp-content\/uploads\/2020\/10\/image-10.jpeg?fit=984%2C656\" data-orig-size=\"984,656\" data-comments-opened=\"0\" data-image-meta=\"{&quot;aperture&quot;:&quot;0&quot;,&quot;credit&quot;:&quot;&quot;,&quot;camera&quot;:&quot;&quot;,&quot;caption&quot;:&quot;&quot;,&quot;created_timestamp&quot;:&quot;0&quot;,&quot;copyright&quot;:&quot;&quot;,&quot;focal_length&quot;:&quot;0&quot;,&quot;iso&quot;:&quot;0&quot;,&quot;shutter_speed&quot;:&quot;0&quot;,&quot;title&quot;:&quot;&quot;,&quot;orientation&quot;:&quot;0&quot;}\" data-image-title=\"image-10\" data-image-description=\"\" data-image-caption=\"\" data-medium-file=\"https:\/\/i0.wp.com\/blogdalucianaoliveira.com.br\/blog\/wp-content\/uploads\/2020\/10\/image-10.jpeg?fit=300%2C200\" data-large-file=\"https:\/\/i0.wp.com\/blogdalucianaoliveira.com.br\/blog\/wp-content\/uploads\/2020\/10\/image-10.jpeg?fit=600%2C400\" src=\"https:\/\/i0.wp.com\/blogdalucianaoliveira.com.br\/blog\/wp-content\/uploads\/2020\/10\/image-10.jpeg?resize=600%2C400\" alt=\"\" class=\"wp-image-29871\" srcset=\"https:\/\/i0.wp.com\/blogdalucianaoliveira.com.br\/blog\/wp-content\/uploads\/2020\/10\/image-10.jpeg?w=984 984w, https:\/\/i0.wp.com\/blogdalucianaoliveira.com.br\/blog\/wp-content\/uploads\/2020\/10\/image-10.jpeg?resize=300%2C200 300w, https:\/\/i0.wp.com\/blogdalucianaoliveira.com.br\/blog\/wp-content\/uploads\/2020\/10\/image-10.jpeg?resize=768%2C512 768w, https:\/\/i0.wp.com\/blogdalucianaoliveira.com.br\/blog\/wp-content\/uploads\/2020\/10\/image-10.jpeg?resize=450%2C300 450w\" sizes=\"auto, (max-width: 600px) 100vw, 600px\" \/><\/figure>\n\n\n\n<h4 class=\"wp-block-heading\">Levantamento mostra ainda que mulheres com p\u00f3s-gradua\u00e7\u00e3o, MBA ou especializa\u00e7\u00e3o chegam a receber 47% a menos em rela\u00e7\u00e3o aos homens.<\/h4>\n\n\n\n<!--more-->\n\n\n\n<p>Por G1<\/p>\n\n\n\n<p>Pesquisa da empresa de recrutamento online Catho mostra que mulheres em cargos de lideran\u00e7a como gerentes e diretoras ganham, em m\u00e9dia, 23% a menos do que homens.&nbsp;<\/p>\n\n\n\n<p>A pesquisa, feita com 10 mil pessoas, aponta ainda que o sal\u00e1rio \u00e9 desigual em outros n\u00edveis hier\u00e1rquicos, como supervisor\/coordenador (-15%) e analista (-35%).&nbsp;A exce\u00e7\u00e3o ocorre na posi\u00e7\u00e3o de assistente\/auxiliar, na qual as mulheres costumam receber 2%&nbsp;a mais que os homens.&nbsp;<strong>Veja abaixo<\/strong>:&nbsp;<\/p>\n\n\n\n<figure class=\"wp-block-image\"><img data-recalc-dims=\"1\" decoding=\"async\" src=\"https:\/\/i0.wp.com\/s2.glbimg.com\/RXDhrbdqMLQ2KUioaIRc6MqYN88%3D\/0x0%3A1240x1022\/984x0\/smart\/filters%3Astrip_icc%28%29\/i.s3.glbimg.com\/v1\/AUTH_59edd422c0c84a879bd37670ae4f538a\/internal_photos\/bs\/2020\/w\/a\/zr2t4qRHA1BIsDnaF2Fw\/leywa-quanto-as-mulheres-ganham-menos-que-os-homens-por-n-vel-hier-rquico.png?w=600&#038;ssl=1\" alt=\"Diferen\u00e7a salarial entre mulheres e homens por n\u00edvel hier\u00e1rquico \u2014 Foto: Economia G1\"\/><\/figure>\n\n\n\n<p>Diferen\u00e7a salarial entre mulheres e homens por n\u00edvel hier\u00e1rquico \u2014 Foto: Economia G1&nbsp;<\/p>\n\n\n\n<p>O levantamento mostra tamb\u00e9m que a remunera\u00e7\u00e3o \u00e9 desigual em todos os n\u00edveis de escolaridade. Profissionais do g\u00eanero feminino com maior grau, como p\u00f3s-gradua\u00e7\u00e3o, MBA ou especializa\u00e7\u00e3o, chegam a receber 47% a menos em rela\u00e7\u00e3o aos homens.\u00a0<strong>Veja abaixo<\/strong>:<\/p>\n\n\n\n<figure class=\"wp-block-image\"><img data-recalc-dims=\"1\" decoding=\"async\" src=\"https:\/\/i0.wp.com\/s2.glbimg.com\/XnVTGKBHkR60qbToLZOszT2BxUk%3D\/0x0%3A1340x984\/984x0\/smart\/filters%3Astrip_icc%28%29\/i.s3.glbimg.com\/v1\/AUTH_59edd422c0c84a879bd37670ae4f538a\/internal_photos\/bs\/2020\/N\/u\/ALXlaZTEGkCCLiQzkl5A\/rkkln-quanto-as-mulheres-ganham-menos-que-os-homens-por-n-vel-de-escolaridade.png?w=600&#038;ssl=1\" alt=\"Diferen\u00e7a salarial por n\u00edvel de escolaridade \u2014 Foto: Economia G1\"\/><\/figure>\n\n\n\n<p>Diferen\u00e7a salarial por n\u00edvel de escolaridade \u2014 Foto: Economia G1&nbsp;<\/p>\n\n\n\n<blockquote class=\"wp-block-quote is-layout-flow wp-block-quote-is-layout-flow\"><p>\u201cOs dados mostram que a desigualdade salarial entre os g\u00eaneros ainda \u00e9 muito latente e requer esfor\u00e7os genu\u00ednos das empresas. O caminho certamente come\u00e7a pelo debate, mas precisamos de mais a\u00e7\u00f5es e pol\u00edticas concretas de inser\u00e7\u00e3o e de igualdade de condi\u00e7\u00f5es, para que efetivamente seja poss\u00edvel sanar esse grande problema social\u201d, destaca Patricia Suzuki, diretora de Gente e Gest\u00e3o da Catho.&nbsp;<\/p><\/blockquote>\n\n\n\n<p>Os dados foram divulgados \u00e0s v\u00e9speras do Dia do Chefe, celebrado nesta sexta-feira (16). Tamb\u00e9m conhecido como National Boss Day ou Bosses Day, o Dia do Chefe surgiu em 1958, nos Estados Unidos.&nbsp;<\/p>\n\n\n\n<p>O objetivo da pesquisa neste momento, segundo a Catho, \u00e9 discutir a import\u00e2ncia da representatividade feminina em cargos de alta lideran\u00e7a. \u201cEmbora o artigo feminino \u2018a\u2019 esteja cada vez mais acompanhado da palavra chefe, gra\u00e7as aos avan\u00e7os no debate sobre a equidade de g\u00eanero, o equil\u00edbrio de espa\u00e7os e direitos no mercado de trabalho ainda est\u00e3o longe do ideal\u201d, destaca a empresa de recrutamento.<\/p>\n","protected":false},"excerpt":{"rendered":"<p>Levantamento mostra ainda que mulheres com p\u00f3s-gradua\u00e7\u00e3o, MBA ou especializa\u00e7\u00e3o chegam a receber 47% a menos em rela\u00e7\u00e3o aos homens.<\/p>\n","protected":false},"author":1,"featured_media":0,"comment_status":"closed","ping_status":"open","sticky":false,"template":"","format":"standard","meta":{"_exactmetrics_skip_tracking":false,"_exactmetrics_sitenote_active":false,"_exactmetrics_sitenote_note":"","_exactmetrics_sitenote_category":0,"jetpack_post_was_ever_published":false,"_jetpack_newsletter_access":"","_jetpack_dont_email_post_to_subs":false,"_jetpack_newsletter_tier_id":0,"_jetpack_memberships_contains_paywalled_content":false,"_jetpack_memberships_contains_paid_content":false,"footnotes":"","jetpack_publicize_message":"","jetpack_publicize_feature_enabled":true,"jetpack_social_post_already_shared":true,"jetpack_social_options":{"image_generator_settings":{"template":"highway","enabled":false},"version":2}},"categories":[1],"tags":[],"class_list":["post-29870","post","type-post","status-publish","format-standard","hentry","category-notas"],"jetpack_publicize_connections":[],"jetpack_sharing_enabled":true,"jetpack_featured_media_url":"","jetpack_shortlink":"https:\/\/wp.me\/p7wKYW-7LM","jetpack-related-posts":[],"_links":{"self":[{"href":"http:\/\/blogdalucianaoliveira.com.br\/blog\/wp-json\/wp\/v2\/posts\/29870","targetHints":{"allow":["GET"]}}],"collection":[{"href":"http:\/\/blogdalucianaoliveira.com.br\/blog\/wp-json\/wp\/v2\/posts"}],"about":[{"href":"http:\/\/blogdalucianaoliveira.com.br\/blog\/wp-json\/wp\/v2\/types\/post"}],"author":[{"embeddable":true,"href":"http:\/\/blogdalucianaoliveira.com.br\/blog\/wp-json\/wp\/v2\/users\/1"}],"replies":[{"embeddable":true,"href":"http:\/\/blogdalucianaoliveira.com.br\/blog\/wp-json\/wp\/v2\/comments?post=29870"}],"version-history":[{"count":1,"href":"http:\/\/blogdalucianaoliveira.com.br\/blog\/wp-json\/wp\/v2\/posts\/29870\/revisions"}],"predecessor-version":[{"id":29872,"href":"http:\/\/blogdalucianaoliveira.com.br\/blog\/wp-json\/wp\/v2\/posts\/29870\/revisions\/29872"}],"wp:attachment":[{"href":"http:\/\/blogdalucianaoliveira.com.br\/blog\/wp-json\/wp\/v2\/media?parent=29870"}],"wp:term":[{"taxonomy":"category","embeddable":true,"href":"http:\/\/blogdalucianaoliveira.com.br\/blog\/wp-json\/wp\/v2\/categories?post=29870"},{"taxonomy":"post_tag","embeddable":true,"href":"http:\/\/blogdalucianaoliveira.com.br\/blog\/wp-json\/wp\/v2\/tags?post=29870"}],"curies":[{"name":"wp","href":"https:\/\/api.w.org\/{rel}","templated":true}]}}