{"id":29875,"date":"2020-10-17T23:07:47","date_gmt":"2020-10-18T03:07:47","guid":{"rendered":"http:\/\/blogdalucianaoliveira.com.br\/blog\/?p=29875"},"modified":"2020-10-17T23:07:53","modified_gmt":"2020-10-18T03:07:53","slug":"eleicoes-na-bolivia-o-que-esta-em-jogo-sao-as-conquistas-dos-povos-indigenas","status":"publish","type":"post","link":"http:\/\/blogdalucianaoliveira.com.br\/blog\/2020\/10\/17\/eleicoes-na-bolivia-o-que-esta-em-jogo-sao-as-conquistas-dos-povos-indigenas\/","title":{"rendered":"Elei\u00e7\u00f5es na Bol\u00edvia: &#8220;O que est\u00e1 em jogo s\u00e3o as conquistas dos povos ind\u00edgenas&#8221;"},"content":{"rendered":"\n<figure class=\"wp-block-image size-large\"><img data-recalc-dims=\"1\" loading=\"lazy\" decoding=\"async\" width=\"600\" height=\"360\" data-attachment-id=\"29876\" data-permalink=\"http:\/\/blogdalucianaoliveira.com.br\/blog\/2020\/10\/17\/eleicoes-na-bolivia-o-que-esta-em-jogo-sao-as-conquistas-dos-povos-indigenas\/image-11-13\/\" data-orig-file=\"https:\/\/i0.wp.com\/blogdalucianaoliveira.com.br\/blog\/wp-content\/uploads\/2020\/10\/image-11.jpeg?fit=800%2C480\" data-orig-size=\"800,480\" data-comments-opened=\"0\" data-image-meta=\"{&quot;aperture&quot;:&quot;0&quot;,&quot;credit&quot;:&quot;&quot;,&quot;camera&quot;:&quot;&quot;,&quot;caption&quot;:&quot;&quot;,&quot;created_timestamp&quot;:&quot;0&quot;,&quot;copyright&quot;:&quot;&quot;,&quot;focal_length&quot;:&quot;0&quot;,&quot;iso&quot;:&quot;0&quot;,&quot;shutter_speed&quot;:&quot;0&quot;,&quot;title&quot;:&quot;&quot;,&quot;orientation&quot;:&quot;0&quot;}\" data-image-title=\"image-11\" data-image-description=\"\" data-image-caption=\"\" data-medium-file=\"https:\/\/i0.wp.com\/blogdalucianaoliveira.com.br\/blog\/wp-content\/uploads\/2020\/10\/image-11.jpeg?fit=300%2C180\" data-large-file=\"https:\/\/i0.wp.com\/blogdalucianaoliveira.com.br\/blog\/wp-content\/uploads\/2020\/10\/image-11.jpeg?fit=600%2C360\" src=\"https:\/\/i0.wp.com\/blogdalucianaoliveira.com.br\/blog\/wp-content\/uploads\/2020\/10\/image-11.jpeg?resize=600%2C360\" alt=\"\" class=\"wp-image-29876\" srcset=\"https:\/\/i0.wp.com\/blogdalucianaoliveira.com.br\/blog\/wp-content\/uploads\/2020\/10\/image-11.jpeg?w=800 800w, https:\/\/i0.wp.com\/blogdalucianaoliveira.com.br\/blog\/wp-content\/uploads\/2020\/10\/image-11.jpeg?resize=300%2C180 300w, https:\/\/i0.wp.com\/blogdalucianaoliveira.com.br\/blog\/wp-content\/uploads\/2020\/10\/image-11.jpeg?resize=768%2C461 768w, https:\/\/i0.wp.com\/blogdalucianaoliveira.com.br\/blog\/wp-content\/uploads\/2020\/10\/image-11.jpeg?resize=500%2C300 500w\" sizes=\"auto, (max-width: 600px) 100vw, 600px\" \/><\/figure>\n\n\n\n<h4 class=\"wp-block-heading\">Adriana Guzm\u00e1n, lideran\u00e7a feminista do pa\u00eds, faz um balan\u00e7o sobre o contexto do pleito na vis\u00e3o dos movimentos populares<\/h4>\n\n\n\n<!--more-->\n\n\n\n<p>Roxana BaspineiroBrasil de Fato | Quito (Equador)<\/p>\n\n\n\n<p>\u00c0s v\u00e9speras das elei\u00e7\u00f5es na Bol\u00edvia, realizada neste domingo (18), o pa\u00eds se prepara para um dos momentos mais cruciais de sua hist\u00f3ria. Do&nbsp;<a href=\"https:\/\/www.brasildefato.com.br\/2020\/10\/08\/extrema-direita-cogita-atentados-e-golpe-na-bolivia-para-impedir-vitoria-da-esquerda\" target=\"_blank\" rel=\"noreferrer noopener\">terror espalhado pelos setores mais conservadores e radicais<\/a>&nbsp;do pa\u00eds \u00e0 poss\u00edvel vit\u00f3ria do Movimento ao Socialismo (MAS) no primeiro turno,&nbsp;<a href=\"https:\/\/www.brasildefato.com.br\/2020\/10\/16\/bolivia-nobel-da-paz-denuncia-oea-por-interferencia-nas-eleicoes-de-2019\" target=\"_blank\" rel=\"noreferrer noopener\">passando pela turbul\u00eancia pol\u00edtica<\/a>&nbsp;e a pandemia do novo coronav\u00edrus, s\u00e3o muitos temas em jogo nesta disputa presidencial.&nbsp;<\/p>\n\n\n\n<p>O\u00a0<strong>Brasil de Fato<\/strong>\u00a0conversou com Adriana Guzm\u00e1n, uma refer\u00eancia\u00a0do feminismo comunit\u00e1rio na Bol\u00edvia e integrante da organiza\u00e7\u00e3o\u00a0<a rel=\"noreferrer noopener\" href=\"https:\/\/www.facebook.com\/feministasabyayala\/\" target=\"_blank\">Feministas de Abya Yala<\/a>.<\/p>\n\n\n\n<p>Quase um ano ap\u00f3s o&nbsp;<a href=\"https:\/\/www.brasildefato.com.br\/2020\/10\/09\/relembre-cinco-indicios-que-conectam-os-eua-ao-golpe-na-bolivia\" target=\"_blank\" rel=\"noreferrer noopener\">golpe cometido contra o ent\u00e3o presidente Evo Morales (MAS)<\/a>, o primeiro mandat\u00e1rio ind\u00edgena do pa\u00eds, Guzm\u00e1n comenta qual \u00e9 a situa\u00e7\u00e3o da na\u00e7\u00e3o&nbsp;andina&nbsp;e o contexto eleitoral na perspectiva das organiza\u00e7\u00f5es sociais, al\u00e9m do que elas esperam das elei\u00e7\u00f5es deste 18 de outubro, que acontecer\u00e3o ap\u00f3s&nbsp;<a href=\"https:\/\/www.brasildefato.com.br\/2020\/03\/23\/eleicoes-gerais-na-bolivia-sao-suspensas-devido-a-surto-de-coronavirus\" target=\"_blank\" rel=\"noreferrer noopener\">a data ter sido adiada tr\u00eas vezes<\/a>.<\/p>\n\n\n\n<p>Na avalia\u00e7\u00e3o da feminista da etnia aymara, estas elei\u00e7\u00f5es presidenciais s\u00e3o o resultado&nbsp;da&nbsp;<a href=\"https:\/\/www.brasildefato.com.br\/2020\/05\/19\/bolivia-vive-dias-de-protestos-em-meio-a-pandemia-para-exigir-data-para-as-eleicoes\" target=\"_blank\" rel=\"noreferrer noopener\">press\u00e3o e resist\u00eancia das organiza\u00e7\u00f5es e movimentos populares<\/a>. Para ela, o&nbsp;pleito&nbsp;ocorre&nbsp;em um contexto de viol\u00eancia, persegui\u00e7\u00e3o pol\u00edtica e partid\u00e1ria, desconfian\u00e7a em rela\u00e7\u00e3o ao papel do atual Tribunal Supremo Eleitoral (TSE), al\u00e9m desgaste do atual governo e rumores de investidas da direita contra o processo eleitoral e&nbsp;o MAS, que lidera as pesquisas de opini\u00e3o.<\/p>\n\n\n\n<p>&#8220;Essas elei\u00e7\u00f5es ocorrem em condi\u00e7\u00f5es totalmente desiguais. H\u00e1 uma viol\u00eancia sist\u00eamica organizada a partir do Estado, seja contra o partido do MAS ou contra qualquer um que diga o que pensa, contra aqueles que chamam este governo de &#8216;governo interino&#8217;, e contra aqueles que denunciam o golpe. Ou seja, h\u00e1 uma persegui\u00e7\u00e3o pol\u00edtica pelo que se diz e pelo que se pensa&#8221;, afirma Adriana.<\/p>\n\n\n\n<p><a href=\"https:\/\/www.brasildefato.com.br\/2020\/09\/23\/disputa-pelo-litio-se-acirra-e-escancara-diferenca-entre-candidatos-na-bolivia\" target=\"_blank\" rel=\"noreferrer noopener\">:: Leia mais: Disputa pelo l\u00edtio se acirra e escancara diferen\u00e7a entre candidatos na Bol\u00edvia ::<\/a><\/p>\n\n\n\n<p>As pesquisas de opini\u00e3o de voto apontam que o candidato do MAS,&nbsp;<a href=\"https:\/\/www.brasildefato.com.br\/2020\/10\/17\/quem-e-luis-arce-favorito-para-as-eleicoes-presidenciais-na-bolivia\" target=\"_blank\" rel=\"noreferrer noopener\">Luis Arce, \u00e9 o favorito nas pesquisas<\/a>, seguido pelo postulante da Comunidade Cidad\u00e3&nbsp;(CC), Carlos Mesa, e Fernando Camacho, do partido Creemos. O sistema jur\u00eddico boliviano determina que, para vencer no primeiro turno, o candidato obtenha 51% dos votos v\u00e1lidos ou 40%&nbsp; dos votos v\u00e1lidos com 10 pontos de diferen\u00e7a em rela\u00e7\u00e3o ao segundo colocado.<\/p>\n\n\n\n<p>Os rumores de uma poss\u00edvel fraude por parte da direita t\u00eam tido diferentes ind\u00edcios nas \u00faltimas semanas, como a ren\u00fancia da presidenta interina&nbsp;<a href=\"https:\/\/www.brasildefato.com.br\/2020\/09\/29\/tres-ministros-deixam-governo-autoproclamado-da-bolivia-apos-divergencias-com-anez\" target=\"_blank\" rel=\"noreferrer noopener\">Jeanine A\u00f1ez (Juntos)<\/a>&nbsp;\u00e0 sua candidatura e do candidato&nbsp;Tuto Quiroga, do partido Libre21, que abriram m\u00e3o de suas candidaturas para &#8220;evitar o triunfo do MAS&#8221;, como disseram. Al\u00e9m disso, h\u00e1 uma&nbsp;<a href=\"https:\/\/www.brasildefato.com.br\/2020\/09\/29\/a-20-dias-da-eleicao-bolivia-vive-onda-de-fake-news-contra-evo-morales-e-esquerda\" target=\"_blank\" rel=\"noreferrer noopener\">tentativa permanente de anular a candidatura do MAS<\/a>&nbsp;a poucos dias das elei\u00e7\u00f5es e uma visita inesperada do ministro de Governo interino, Arturo Murillo, aos Estados Unidos.<\/p>\n\n\n\n<p><a href=\"https:\/\/www.brasildefato.com.br\/2020\/10\/15\/observadores-internacionais-chegam-a-bolivia-e-acendem-alerta-sobre-eleicao-do-dia-18\" target=\"_blank\" rel=\"noreferrer noopener\">:: Acompanhe:&nbsp;Observadores internacionais chegam \u00e0 Bol\u00edvia e acendem alerta sobre elei\u00e7\u00e3o do dia 18 ::<\/a><\/p>\n\n\n\n<p>Para as organiza\u00e7\u00f5es e movimentos sociais, na vis\u00e3o de Adriana Guzm\u00e1n, o que est\u00e1 em jogo nestas elei\u00e7\u00f5es \u00e9 a retomada dos direitos e conquistas obtidos nos \u00faltimos 14 anos, com a cria\u00e7\u00e3o de um&nbsp;Estado Plurinacional, bem como a descoloniza\u00e7\u00e3o da educa\u00e7\u00e3o, a luta contra todas as formas de discrimina\u00e7\u00e3o e a continuidade do processo de autodetermina\u00e7\u00e3o dos povos origin\u00e1rios, que, segundo ela, ainda est\u00e1 longe de ser alcan\u00e7ado.<\/p>\n\n\n\n<p>&#8220;Acho que estamos vivendo um momento muito dif\u00edcil, porque n\u00e3o s\u00f3 a autodetermina\u00e7\u00e3o dos povos da Bol\u00edvia est\u00e1 sendo amea\u00e7ada, mas tamb\u00e9m a de todos os povos do mundo&#8221;, declara.<\/p>\n\n\n\n<figure class=\"wp-block-image\"><img data-recalc-dims=\"1\" decoding=\"async\" src=\"https:\/\/i0.wp.com\/images02.brasildefato.com.br\/dbbc811e69192c73f3a799ca27db4e7f.jpeg?w=600&#038;ssl=1\" alt=\"\"\/><\/figure>\n\n\n\n<p><br>A l\u00edder comunit\u00e1ria aymara, integrante do movimento Feministas de Abya Yala, fala ao&nbsp;<strong>Brasil de Fato<\/strong>&nbsp;sobre os acontecimentos pol\u00edticos de seu pa\u00eds no \u00faltimo ano \/ Jose Nicolini\/P\u00e1gina12<\/p>\n\n\n\n<p>Leia a entrevista completa:<\/p>\n\n\n\n<p><strong>Brasil de Fato: Qual \u00e9 seu balan\u00e7o da realidade boliviana no \u00faltimo ano?<\/strong><\/p>\n\n\n\n<p><strong>Adriana Guzm\u00e1n<\/strong>: Eu destacaria tr\u00eas dimens\u00f5es. Em termos de Estado, acho que este ano serviu para mostrar que aqueles que foram escolhidos para administrar este golpe, com este grupo ligado \u00e0s oligarquias e aos latifundi\u00e1rios (Jeanine A\u00f1ez, Arturo Murillo, Yerko N\u00fa\u00f1ez e outros) s\u00e3o incapazes de governar em todas as \u00e1reas da administra\u00e7\u00e3o do Estado, na sa\u00fade e nas pol\u00edticas m\u00ednimas que poderiam ter feito para o pa\u00eds.<\/p>\n\n\n\n<p>Uma de suas principais fun\u00e7\u00f5es era convocar elei\u00e7\u00f5es, por isso se fizeram chamar como \u201cgoverno transit\u00f3rio\u201d, uma fic\u00e7\u00e3o, j\u00e1 que, na verdade eles s\u00e3o um governo interino, n\u00e3o um governo transit\u00f3rio, porque um governo transit\u00f3rio n\u00e3o faz massacres, n\u00e3o entra [no governo] atrav\u00e9s do motim das for\u00e7as policiais, nem com as for\u00e7as militares.<\/p>\n\n\n\n<p>As elei\u00e7\u00f5es foram suspensas quatro vezes entre maio e setembro. O resultado disto foi o desgaste da palavra do governo, um desgaste que se estende ao Tribunal&nbsp;Supremo Eleitoral, sendo esse o aspecto mais cr\u00edtico destas elei\u00e7\u00f5es, j\u00e1 que ningu\u00e9m acredita no&nbsp;Tribunal Eleitoral.<\/p>\n\n\n\n<p>Finalmente, a elei\u00e7\u00e3o foi marcada para 18 de outubro, mas somente ap\u00f3s press\u00f5es das organiza\u00e7\u00f5es sociais em agosto, atrav\u00e9s dos bloqueios de estradas e manifesta\u00e7\u00f5es.<\/p>\n\n\n\n<p>Embora, n\u00f3s, como organiza\u00e7\u00e3o, esper\u00e1vamos que as elei\u00e7\u00f5es n\u00e3o seriam realizadas em 18 de outubro se n\u00e3o fossem mantidas para 6 de setembro, porque muita gente ficou frustrada depois de terem estado nas ruas durante 10 dias, em greves de fome, em bloqueios de estradas. Naquele momento, havia uma for\u00e7a significativa com apenas um pedido que era &#8220;Fora,&nbsp;A\u00f1ez!&#8221;. No entanto, ficou decidido que isso seria resolvido nas urnas, como se isso fosse poss\u00edvel. Se isso \u00e9 poss\u00edvel \u00e9 o que me pergunto, porque os governos interinos nunca entregam seu poder nas urnas.<\/p>\n\n\n\n<p><a href=\"https:\/\/www.brasildefato.com.br\/2020\/10\/16\/metade-dos-eleitores-bolivianos-no-brasil-podem-ser-impedidos-de-votar-alerta-comite\" target=\"_blank\" rel=\"noreferrer noopener\">:: Leia tamb\u00e9m:&nbsp;Metade dos eleitores bolivianos no Brasil podem ser impedidos de votar, alerta Comit\u00ea ::<\/a><\/p>\n\n\n\n<p>Uma segunda dimens\u00e3o \u00e9 a quest\u00e3o da sa\u00fade. Temos vivido um golpe com uma pandemia. Ent\u00e3o, ao inv\u00e9s de agir, o governo de A\u00f1ez aproveitou a pandemia para manter a persegui\u00e7\u00e3o, a militariza\u00e7\u00e3o e repress\u00e3o, o uso desproporcional de for\u00e7as policiais e militares, o controle do espa\u00e7o p\u00fablico, a pris\u00e3o daqueles que estavam tentando vender alguma coisa para sobreviver.<\/p>\n\n\n\n<p>N\u00f3s chamamos isso de abandono genocida do Estado, j\u00e1 que foi uma decis\u00e3o, e esta decis\u00e3o causou mais de 5 mil mortes. Foi uma decis\u00e3o do Estado, porque eles n\u00e3o habilitaram os hospitais necess\u00e1rios.<\/p>\n\n\n\n<p>Tamb\u00e9m houve corrup\u00e7\u00e3o e desfalque na compra de respiradores, m\u00e1scaras e materiais de biosseguran\u00e7a. O governo nem mesmo cuidou dos m\u00e9dicos que estavam trabalhando no meio da pandemia sem nenhum equipamento, e \u00e9 por isso que tantos enfermeiros e m\u00e9dicos morreram na batalha contra a pandemia.<\/p>\n\n\n\n<p>Outra quest\u00e3o \u00e9 que boa parte das mortes s\u00e3o de policiais, porque o governo n\u00e3o forneceu nenhum equipamento, nenhuma medida de emerg\u00eancia para a pol\u00edcia. H\u00e1 mais de 2 mil&nbsp;policiais que morreram porque foram expostos ao v\u00edrus sem nenhuma medida de seguran\u00e7a.<\/p>\n\n\n\n<p>N\u00e3o houve um plano de emerg\u00eancia territorial espec\u00edfico para os lugares com maior \u00edndice de cont\u00e1gio, por exemplo [as cidades de]&nbsp;Santa Cruz, Montero, Beni, que tiveram altos \u00edndices de cont\u00e1gio porque os parques industriais dos grandes empres\u00e1rios,que apoiaram o golpe&nbsp;n\u00e3o pararam. S\u00e3o seus trabalhadores os que morreram, que foram infectados, porque n\u00e3o pararam de trabalhar.<\/p>\n\n\n\n<p>Outra dimens\u00e3o \u00e9 a administra\u00e7\u00e3o dos interesses econ\u00f4micos do pa\u00eds em benef\u00edcio das multinacionais, do capital estrangeiro. Ou seja, a&nbsp;<a href=\"https:\/\/www.brasildefato.com.br\/2020\/07\/29\/quem-e-elon-musk-e-por-que-ele-teria-interesse-em-um-golpe-de-estado-na-bolivia\" target=\"_blank\" rel=\"noreferrer noopener\">negocia\u00e7\u00e3o de contratos sobre o l\u00edtio<\/a>, a entrada de sementes transg\u00eanicas, a privatiza\u00e7\u00e3o de grande parte da petroleira estatal Yacimientos Petrol\u00edferos Fiscales Bolivianos (YPFB), a concess\u00e3o de novos contratos a empresas como a Petrobras, enquanto, para o povo, s\u00f3 h\u00e1 persegui\u00e7\u00e3o e nada em mat\u00e9ria de sa\u00fade.<\/p>\n\n\n\n<p>Tudo isso desgastou tanto a imagem deste governo que a&nbsp;<a href=\"https:\/\/www.brasildefato.com.br\/2020\/09\/18\/o-que-muda-na-disputa-presidencial-da-bolivia-com-a-saida-da-interina-anez\" target=\"_blank\" rel=\"noreferrer noopener\">Jeanine A\u00f1ez teve que desistir de sua candidatura<\/a>.<\/p>\n\n\n\n<p><strong>E em rela\u00e7\u00e3o \u00e0s organiza\u00e7\u00f5es sociais?<\/strong><\/p>\n\n\n\n<p>As organiza\u00e7\u00f5es sociais t\u00eam recuperado a for\u00e7a e a auto-organiza\u00e7\u00e3o durante este ano. Embora o golpe nos tenha afetado muito, primeiro porque nos pegou debilitados, j\u00e1 que&nbsp;n\u00e3o est\u00e1vamos esperando um golpe.&nbsp;Muitos de n\u00f3s nunca hav\u00edamos sequer experimentado um golpe. Ent\u00e3o, tem sido muito dif\u00edcil recuperar nossas for\u00e7as, nosso estado de \u00e2nimo, sair do medo da persegui\u00e7\u00e3o. Mas, frente a isso, nossa capacidade foi fortalecida, a possibilidade de mostrar nossa raiva contra o golpe, a luta contra a impunidade, todos esses sentimentos se uniram,&nbsp;<a href=\"https:\/\/www.brasildefato.com.br\/2020\/08\/03\/movimentos-sociais-realizam-atos-contra-adiamento-das-eleicoes-gerais-na-bolivia\" target=\"_blank\" rel=\"noreferrer noopener\">a nossa for\u00e7a se reconstruiu e em agosto mostramos isso<\/a>.<\/p>\n\n\n\n<p>Penso que pouco a pouco as organiza\u00e7\u00f5es de base est\u00e3o se fortalecendo com um objetivo comum que \u00e9 o de acabar com o golpe.<\/p>\n\n\n\n<p><strong><a href=\"https:\/\/www.brasildefato.com.br\/2020\/09\/11\/human-rights-watch-denuncia-perseguicao-politica-contra-apoiadores-e-ex-funcionarios\" target=\"_blank\" rel=\"noreferrer noopener\">Diversas organiza\u00e7\u00f5es internacionais alertam sobre graves viola\u00e7\u00f5es dos direitos humanos<\/a>, inclusive contra a humanidade, durante este ano. O que voc\u00ea diria sobre isso?<\/strong><\/p>\n\n\n\n<p>Acredito que sistematicamente h\u00e1 crimes contra a humanidade. O que aconteceu no ano passado, em novembro, o massacre de Huayllani, o massacre de Ovejuyo, dos quais&nbsp;ningu\u00e9m fala, o massacre de Senkata, as repress\u00f5es em K&#8217;ara K&#8217;ara.<\/p>\n\n\n\n<p>Ent\u00e3o, esses s\u00e3o crimes contra a humanidade, porque foi a institui\u00e7\u00e3o do Estado, a for\u00e7a do Estado que se abateu sobre civis desarmados, porque ningu\u00e9m estava armado l\u00e1, n\u00e3o h\u00e1 tais confrontos como eles dizem.<\/p>\n\n\n\n<p>Por outro lado, as presas e os presos pol\u00edticos t\u00eam sofrido torturas. O caso de Ayben Huaranca, um enfermeiro preso em Senkata por ajudar os feridos. Ele est\u00e1 na pris\u00e3o h\u00e1 quase seis meses e teve seus dentes removidos como parte da tortura.<\/p>\n\n\n\n<p>O caso de Patricia Hermosa, que sofreu um aborto na pris\u00e3o sem acesso \u00e0&nbsp;assist\u00eancia m\u00e9dica, detida em condi\u00e7\u00f5es absolutamente irregulares, sem processo judicial, sem acusa\u00e7\u00e3o, meses na pris\u00e3o, e est\u00e1 agora sob pris\u00e3o domiciliar.<\/p>\n\n\n\n<p>Tem havido viol\u00eancia sexual dentro das pris\u00f5es, viol\u00eancia sexual durante os massacres cometidos por esses grupos paramilitares (como o Resist\u00eancias da Juventude) que est\u00e3o ligados ao Estado, aos grupos de poder que realizaram o golpe e que continuam operando com a permiss\u00e3o do Estado.<\/p>\n\n\n\n<p>Tem havido crimes contra a humanidade sobre a popula\u00e7\u00e3o ind\u00edgena, contra as mulheres de \u201cpollera\u201d (mulheres dos povos origin\u00e1rios, em refer\u00eancia&nbsp;\u00e0s saias e demais vestes tradicionais que usam),&nbsp;viol\u00eancia contra crian\u00e7as e adolescentes, e tudo isso est\u00e1 no informe da Defensoria do Povo, est\u00e1 no informe da Comiss\u00e3o Interamericana de Direitos Humanos (CIDH) e nos informes que organiza\u00e7\u00f5es sociais nacionais e internacionais t\u00eam feito.<\/p>\n\n\n\n<p><a href=\"https:\/\/www.brasildefato.com.br\/2020\/09\/10\/perseguicao-a-aliados-de-evo-e-rotina-em-santa-cruz-um-dos-bercos-do-golpe-boliviano\" target=\"_blank\" rel=\"noreferrer noopener\">:: Acompanhe:&nbsp;Persegui\u00e7\u00e3o a aliados de Evo \u00e9 rotina em Santa Cruz, um dos ber\u00e7os do golpe boliviano ::<\/a><\/p>\n\n\n\n<p><strong>Fala-se de uma Bol\u00edvia polarizada e&nbsp;tamb\u00e9m se nota incidentes de natureza racista, classista e patriarcal, principalmente, contra os setores ind\u00edgenas. O que est\u00e1 acontecendo no pa\u00eds?<\/strong><\/p>\n\n\n\n<p>Primeiramente, acho que o golpe na Bol\u00edvia foi um golpe contra o povo e um golpe racista. Precisava ser racista, porque aqueles que fizeram um processo de transforma\u00e7\u00e3o do Estado, das comunidades, do territ\u00f3rio, da educa\u00e7\u00e3o, da economia, foram justamente os povos ind\u00edgenas origin\u00e1rios e camponeses.<\/p>\n\n\n\n<p>Somos n\u00f3s&nbsp;os que nos chamamos Aymaras, Quechuas. Ent\u00e3o precisava ser racista, porque a mensagem \u00e9 sobre n\u00f3s, povos ind\u00edgenas, o que significa: &#8220;Eles n\u00e3o podem se governar&#8221;,&nbsp;&#8220;eles n\u00e3o podem se autodeterminar&#8221;, &#8220;nenhum Estado Plurinacional, vamos voltar \u00e0 Rep\u00fablica&#8221;, &#8221; nenhuma Pachamama, vamos entregar o pa\u00eds nas m\u00e3os de Deus&#8221;, &#8220;sua&nbsp;<em>whipala (bandeira dos povos origin\u00e1rios)<\/em>&nbsp;n\u00e3o tem valor, aqui se respeita a bandeira [da Bol\u00edvia]&#8221;.<\/p>\n\n\n\n<p>Por isso, todo este discurso atenta contra a autonomia dos povos, contra a capacidade de autogoverno, n\u00e3o apenas na Bol\u00edvia, mas na regi\u00e3o, porque esta \u00e9 uma mensagem para os povos do mundo.<\/p>\n\n\n\n<p>Imagina que na Bol\u00edvia 63% da popula\u00e7\u00e3o \u00e9 ind\u00edgena e tem&nbsp;for\u00e7a para discutir uma Assembleia Constituinte e promovem um golpe [contra n\u00f3s]. Ent\u00e3o, \u00e9 um golpe contra os Maias na Guatemala, os Tsotsiles, Tzeltales no M\u00e9xico, enfim, \u00e9 um golpe contra todos os povos do mundo.<\/p>\n\n\n\n<p>Por outro lado, penso que h\u00e1 uma manipula\u00e7\u00e3o da informa\u00e7\u00e3o no sentido de que a Bol\u00edvia est\u00e1 polarizada. Considero que a maior parte da Bol\u00edvia \u00e9 contra o golpe, \u00e9 contra os massacres, \u00e9 contra a gest\u00e3o e o abandono deste governo.<\/p>\n\n\n\n<p>Portanto, n\u00e3o \u00e9 que a Bol\u00edvia est\u00e1 polarizada. H\u00e1 um grupo de poder que realizou um golpe, tem seus grupos paramilitares e h\u00e1 um certo segmento da popula\u00e7\u00e3o que se juntou a tudo isso, ou que est\u00e1 pr\u00f3ximo disso por causa de seu racismo, porque vivemos em um pa\u00eds profundamente colonial e profundamente racista.<\/p>\n\n\n\n<p>Durante os 14 anos do processo de mudan\u00e7a, s\u00f3 foi poss\u00edvel administrar o racismo, ou seja, mant\u00ea-los calados, que n\u00e3o ficassem impunes, que n\u00e3o pudessem dizer &#8220;\u00edndios de merda, selvagens, ladr\u00f5es, ignorantes, feios, sujos&#8221;.<\/p>\n\n\n\n<p>Ent\u00e3o, \u00e9 apenas um segmento da popula\u00e7\u00e3o, n\u00e3o \u00e9 o pa\u00eds inteiro, nem sequer metade do pa\u00eds para dizer que est\u00e1 polarizado.<\/p>\n\n\n\n<p>\u00c9 uma manipula\u00e7\u00e3o da m\u00eddia, uma manipula\u00e7\u00e3o do discurso, \u00e9 uma estrat\u00e9gia que usa o discurso fundamentalista para mostrar que o que est\u00e1 errado \u00e9 ser \u00edndio, ter nossa vis\u00e3o de mundo. Vimos os discursos de A\u00f1ez que v\u00e3o de &#8220;ritos sat\u00e2nicos&#8221; a todo um questionamento da Pachamama.<\/p>\n\n\n\n<p><strong>Como est\u00e1 o panorama eleitoral,&nbsp;se fala de enfrentamentos violentos, de ataques a campanhas eleitorais.&nbsp;<\/strong><\/p>\n\n\n\n<p>Antes de tudo, acredito que os povos da regi\u00e3o est\u00e3o vivendo um momento de desespero, de sobreviv\u00eancia, e isso significou que, no caso da Bol\u00edvia, frente ao golpe, tenhamos aceitado ir a elei\u00e7\u00f5es que, na verdade, n\u00e3o correspondiam, porque a&nbsp;fraude [das \u00faltimas elei\u00e7\u00f5es acusadas] pela OEA n\u00e3o foi provada, e se n\u00e3o foi provada, as elei\u00e7\u00f5es leg\u00edtimas s\u00e3o as de 20 de outubro de 2019.<\/p>\n\n\n\n<p><a href=\"https:\/\/www.brasildefato.com.br\/2020\/10\/07\/houve-fraude-nas-ultimas-eleicoes-da-bolivia-estudos-dizem-que-nao\" target=\"_blank\" rel=\"noreferrer noopener\">:: Saiba mais:&nbsp;Houve fraude nas \u00faltimas elei\u00e7\u00f5es da Bol\u00edvia? Estudos dizem que n\u00e3o ::<\/a><\/p>\n\n\n\n<p>Que povo v\u00e1 para elei\u00e7\u00f5es quando suas elei\u00e7\u00f5es j\u00e1 estavam feitas, tem que ser um povo que foi atingido, massacrado, pois n\u00e3o temos outra escolha.<\/p>\n\n\n\n<p>Estamos indo para estas elei\u00e7\u00f5es em condi\u00e7\u00f5es for\u00e7adas e desesperadas, aceitando uma elei\u00e7\u00e3o que n\u00e3o corresponde, com l\u00edderes sendo perseguidos, presos, com l\u00edderes cuja participa\u00e7\u00e3o foi anulada ou impedida.<\/p>\n\n\n\n<p>Muitos dos candidatos do MAS, por exemplo, v\u00eam de setores ind\u00edgenas e tamb\u00e9m de setores empobrecidos. Ent\u00e3o, temos uma pandemia que tem atingido e matado aqueles que s\u00e3o empobrecidos, n\u00e3o apenas pelo v\u00edrus, mas pelo abandono do Estado.<\/p>\n\n\n\n<p>Vemos que h\u00e1 mais de 11 candidatos deste partido que morreram com coronav\u00edrus e tiveram que ser substitu\u00eddos neste \u00faltimo m\u00eas, algo que n\u00e3o vamos ver nos partidos dos ricos, porque os ricos n\u00e3o morrem com v\u00edrus, os ricos t\u00eam dinheiro para se curar dos v\u00edrus. Ent\u00e3o, s\u00e3o condi\u00e7\u00f5es muito dif\u00edceis nas quais o MAS est\u00e1 indo.<\/p>\n\n\n\n<p>Sobre as campanhas eleitorais, \u00e9 importante dizer que n\u00e3o h\u00e1 enfrentamento, pois os enfrentamentos s\u00e3o entre iguais. Tanto Comunidade Cidad\u00e3&nbsp;quanto Creemos t\u00eam o apoio do governo, t\u00eam o apoio da pol\u00edcia, fazem suas campanhas sob a cust\u00f3dia dos militares, enquanto o MAS n\u00e3o tem nada.<\/p>\n\n\n\n<p>Portanto, n\u00e3o h\u00e1 enfrentamento ali, no m\u00e1ximo o que haver\u00e1 \u00e9 leg\u00edtima defesa. Se eles s\u00e3o agredidos, cuspidos ou jogados com \u00e1gua suja, o que eles v\u00e3o fazer? T\u00eam que reagir, t\u00eam que se defender, t\u00eam que se proteger.<\/p>\n\n\n\n<p>Nesse sentido, penso que a capacidade que o MAS est\u00e1 tendo de se rearticular, de fazer campanha nestas condi\u00e7\u00f5es, onde s\u00e3o processados por tudo, incluindo a tentativa de anular a sigla do MAS a dias das elei\u00e7\u00f5es, \u00e9 muito valorizada. Como pode um partido estar em campanha se tem que estar em audi\u00eancias tentando n\u00e3o ser anulado?<\/p>\n\n\n\n<p><a href=\"https:\/\/www.brasildefato.com.br\/2020\/10\/02\/perseguicao-a-partido-de-evo-morales-marca-ultimos-dias-antes-das-eleicoes-na-bolivia\" target=\"_blank\" rel=\"noreferrer noopener\">:: Leia mais: Persegui\u00e7\u00e3o a partido de Evo Morales marca \u00faltimos dias antes das elei\u00e7\u00f5es na Bol\u00edvia ::<\/a><\/p>\n\n\n\n<p>Por outro lado, o Tribunal Supremo Eleitoral tem perdido sua credibilidade, porque tem suspendido as datas, porque encomendou os boletins de voto para algu\u00e9m pr\u00f3ximo a Doria Medina, que era o candidato \u00e0 vice-presid\u00eancia de Jeanine A\u00f1ez, porque est\u00e1 delegando nos militares a responsabilidade de transportar as informa\u00e7\u00f5es sobre os votos e porque est\u00e1 atuando de forma irregular.<\/p>\n\n\n\n<p><strong>Poderia se falar de uma poss\u00edvel fraude eleitoral?<\/strong><\/p>\n\n\n\n<p>Acho que temos que ir votar com uma m\u00e3o e lutar com a outra, porque a vota\u00e7\u00e3o n\u00e3o est\u00e1 garantida, porque o TSE responde a um governo golpista, tem mostrado isso nestes 11 meses, nunca mostrou sua autonomia.<\/p>\n\n\n\n<p>Ent\u00e3o, temos que ir e defender nossos votos, temos que ir e ver as condi\u00e7\u00f5es em que as elei\u00e7\u00f5es est\u00e3o se realizando, porque os observadores que garantir\u00e3o o processo, s\u00e3o os observadores da OEA, s\u00e3o aqueles que no ano passado come\u00e7aram a gerar as ideias de um golpe, a gerar desconhecimento das elei\u00e7\u00f5es, que justificaram um golpe e os&nbsp;massacres.<\/p>\n\n\n\n<p>Acho que uma alternativa para encarar o que poderia ser uma poss\u00edvel fraude \u00e9 que haja observadores das organiza\u00e7\u00f5es amigas, de pa\u00edses amigos, de movimentos de esquerda, que possam vir para ver, estar aqui e dizer como as elei\u00e7\u00f5es est\u00e3o se desenvolvendo e denunciar se h\u00e1 uma fraude.<\/p>\n\n\n\n<p>\u00c9 dif\u00edcil ver por onde a&nbsp;fraude poderia vir, mas o fato de a OEA j\u00e1 estar&nbsp;aqui obviamente gera muita desconfian\u00e7a.<\/p>\n\n\n\n<p><a href=\"https:\/\/www.brasildefato.com.br\/2020\/09\/26\/bolivia-eleicoes-do-dia-18-de-outubro-representam-uma-encruzilhada-no-continente\" target=\"_blank\" rel=\"noreferrer noopener\">:: Acompanhe:&nbsp;Bol\u00edvia: elei\u00e7\u00f5es do dia 18 de outubro representam uma encruzilhada no continente ::<\/a><\/p>\n\n\n\n<p><strong>\u00c9 um momento crucial para a hist\u00f3ria democr\u00e1tica da Bol\u00edvia. O que est\u00e1 em jogo nas pr\u00f3ximas elei\u00e7\u00f5es de acordo com as organiza\u00e7\u00f5es sociais?<\/strong><\/p>\n\n\n\n<p>Primeiramente, \u00e9 preciso reconhecer que os conflitos que foram desencadeados no pa\u00eds, como o racismo, o colonialismo e a inten\u00e7\u00e3o da oligarquia boliviana de tomar o controle do pa\u00eds, da economia e do governo, n\u00e3o se resolver\u00e3o por meio de elei\u00e7\u00f5es.<\/p>\n\n\n\n<p>Ou seja, as elei\u00e7\u00f5es servir\u00e3o para recuperar a administra\u00e7\u00e3o do Estado, mas o racismo n\u00e3o se resolve com elei\u00e7\u00f5es. Os grupos paramilitares n\u00e3o v\u00e3o desaparecer com as elei\u00e7\u00f5es, aqueles que apoiam e financiam esses grupos, est\u00e3o como&nbsp;candidatos, depois das elei\u00e7\u00f5es ser\u00e3o senadores ou deputados.<\/p>\n\n\n\n<p>Ent\u00e3o, acho que o racismo vai se aprofundar, porque vamos ter parlamentares fundamentalistas na Assembleia Plurinacional, que seguem&nbsp;Camacho [candidato da extrema direita e promotor do golpe do ano passado]. Porque mesmo que Camacho n\u00e3o ganhe, ele vai ter senadores e deputados, e esses s\u00e3o os fundamentalistas mais extremistas do pa\u00eds.<\/p>\n\n\n\n<p>Acredito que todos os candidatos ganhar\u00e3o cadeiras na Assembleia Plurinacional. E todos eles, pertencem \u00e0 direita mais fundamentalista e racista que j\u00e1 existiu na hist\u00f3ria de nosso pa\u00eds.<\/p>\n\n\n\n<p>Diante disso, acho que o que est\u00e1 em jogo&nbsp;nestas elei\u00e7\u00f5es \u00e9 a nossa exist\u00eancia. Estamos jogando a nossa possibilidade de, como povos, continuarmos a construir um caminho at\u00e9 a nossa autodetermina\u00e7\u00e3o.<\/p>\n\n\n\n<p>Est\u00e1 em jogo&nbsp;a nossa exist\u00eancia, porque vai ser muito mais dif\u00edcil nos chamarmos Aymaras, falar Aymara ou Quechua e querer viver a partir de nossa cosmovis\u00e3o e espiritualidade, tendo uma Assembleia cheia de fundamentalistas, racistas e fascistas, embora o partido MAS ganhe.<\/p>\n\n\n\n<p><a href=\"https:\/\/www.brasildefato.com.br\/2020\/09\/25\/artigo-bolivia-impera-o-silencio-sobre-o-golpe-apoiado-pelos-eua\" target=\"_blank\" rel=\"noreferrer noopener\">:: Leia:&nbsp;Artigo | Bol\u00edvia: impera o sil\u00eancio sobre o golpe apoiado pelos EUA ::<\/a><\/p>\n\n\n\n<p>Outra coisa que acho que est\u00e1 em jogo s\u00e3o todas as coisas que foram constru\u00eddas, o Estado Plurinacional, a descoloniza\u00e7\u00e3o da educa\u00e7\u00e3o, a luta contra todas as formas de discrimina\u00e7\u00e3o. Se Mesa ou Camacho ganharem, haver\u00e1 um rev\u00e9s, falar\u00e3o sobre o retorno \u00e0 Rep\u00fablica. Perderemos tudo pelo que temos lutado nestes 14 anos.<\/p>\n\n\n\n<p>Se o MAS ganhar, me parece que a governan\u00e7a ser\u00e1 muito dif\u00edcil, porque o Congresso vai ter pessoas de Camacho e Mesa, que n\u00e3o v\u00e3o ficar satisfeitos, v\u00e3o continuar pressionando, v\u00e3o ter seus grupos paramilitares ativos o tempo todo. Ent\u00e3o, vai ser muito dif\u00edcil para o governo do MAS se eles n\u00e3o chegarem a acordos.<\/p>\n\n\n\n<p>E a\u00ed tenho medo, porque&nbsp;quais os tipos de acordos, j\u00e1 que se podem negociar com algumas coisas, mas negociar a impunidade, por exemplo, se os acordos forem para deixar impunes os autores dos massacres, n\u00e3o tocar nos militares que massacraram, n\u00e3o processar os policiais que se amotinaram e que tamb\u00e9m massacraram [o povo], n\u00e3o desmantelar os grupos paramilitares. Enfim, se esses fossem os poss\u00edveis acordos do MAS, acredito que tamb\u00e9m vai ser dif\u00edcil governar com as organiza\u00e7\u00f5es sociais.<\/p>\n\n\n\n<p>N\u00f3s, como organiza\u00e7\u00e3o, acreditamos que um pa\u00eds assim n\u00e3o pode ser constru\u00eddo, ent\u00e3o n\u00e3o haver\u00e1 paz sem justi\u00e7a. N\u00e3o queremos ver mais um assassino fugir para outro pa\u00eds como no Massacre do G\u00e1s (2003). Queremos Jeanine A\u00f1ez e Arturo Murillo na pris\u00e3o, porque eles s\u00e3o os autores dos massacres, e isso, para n\u00f3s, \u00e9 uma quest\u00e3o fundamental.<\/p>\n\n\n\n<p>Mas em qualquer dos cen\u00e1rios, vai ser muito dif\u00edcil o que vamos enfrentar ap\u00f3s as elei\u00e7\u00f5es.<\/p>\n\n\n\n<p>Edi\u00e7\u00e3o: Vivian Fernandes e Luiza Man\u00e7ano<\/p>\n","protected":false},"excerpt":{"rendered":"<p>Adriana Guzm\u00e1n, lideran\u00e7a feminista do pa\u00eds, faz um balan\u00e7o sobre o contexto do pleito na vis\u00e3o dos movimentos populares<\/p>\n","protected":false},"author":1,"featured_media":0,"comment_status":"closed","ping_status":"open","sticky":false,"template":"","format":"standard","meta":{"_exactmetrics_skip_tracking":false,"_exactmetrics_sitenote_active":false,"_exactmetrics_sitenote_note":"","_exactmetrics_sitenote_category":0,"jetpack_post_was_ever_published":false,"_jetpack_newsletter_access":"","_jetpack_dont_email_post_to_subs":false,"_jetpack_newsletter_tier_id":0,"_jetpack_memberships_contains_paywalled_content":false,"_jetpack_memberships_contains_paid_content":false,"footnotes":"","jetpack_publicize_message":"","jetpack_publicize_feature_enabled":true,"jetpack_social_post_already_shared":true,"jetpack_social_options":{"image_generator_settings":{"template":"highway","enabled":false},"version":2}},"categories":[1],"tags":[],"class_list":["post-29875","post","type-post","status-publish","format-standard","hentry","category-notas"],"jetpack_publicize_connections":[],"jetpack_sharing_enabled":true,"jetpack_featured_media_url":"","jetpack_shortlink":"https:\/\/wp.me\/p7wKYW-7LR","jetpack-related-posts":[],"_links":{"self":[{"href":"http:\/\/blogdalucianaoliveira.com.br\/blog\/wp-json\/wp\/v2\/posts\/29875","targetHints":{"allow":["GET"]}}],"collection":[{"href":"http:\/\/blogdalucianaoliveira.com.br\/blog\/wp-json\/wp\/v2\/posts"}],"about":[{"href":"http:\/\/blogdalucianaoliveira.com.br\/blog\/wp-json\/wp\/v2\/types\/post"}],"author":[{"embeddable":true,"href":"http:\/\/blogdalucianaoliveira.com.br\/blog\/wp-json\/wp\/v2\/users\/1"}],"replies":[{"embeddable":true,"href":"http:\/\/blogdalucianaoliveira.com.br\/blog\/wp-json\/wp\/v2\/comments?post=29875"}],"version-history":[{"count":1,"href":"http:\/\/blogdalucianaoliveira.com.br\/blog\/wp-json\/wp\/v2\/posts\/29875\/revisions"}],"predecessor-version":[{"id":29877,"href":"http:\/\/blogdalucianaoliveira.com.br\/blog\/wp-json\/wp\/v2\/posts\/29875\/revisions\/29877"}],"wp:attachment":[{"href":"http:\/\/blogdalucianaoliveira.com.br\/blog\/wp-json\/wp\/v2\/media?parent=29875"}],"wp:term":[{"taxonomy":"category","embeddable":true,"href":"http:\/\/blogdalucianaoliveira.com.br\/blog\/wp-json\/wp\/v2\/categories?post=29875"},{"taxonomy":"post_tag","embeddable":true,"href":"http:\/\/blogdalucianaoliveira.com.br\/blog\/wp-json\/wp\/v2\/tags?post=29875"}],"curies":[{"name":"wp","href":"https:\/\/api.w.org\/{rel}","templated":true}]}}