{"id":29879,"date":"2020-10-19T06:37:24","date_gmt":"2020-10-19T10:37:24","guid":{"rendered":"http:\/\/blogdalucianaoliveira.com.br\/blog\/?p=29879"},"modified":"2020-10-19T06:37:32","modified_gmt":"2020-10-19T10:37:32","slug":"governo-bolsonaro-preve-leilao-para-exploracao-mineral-na-amazonia-ainda-em-2020","status":"publish","type":"post","link":"http:\/\/blogdalucianaoliveira.com.br\/blog\/2020\/10\/19\/governo-bolsonaro-preve-leilao-para-exploracao-mineral-na-amazonia-ainda-em-2020\/","title":{"rendered":"Governo Bolsonaro prev\u00ea leil\u00e3o para explora\u00e7\u00e3o mineral na Amaz\u00f4nia ainda em 2020"},"content":{"rendered":"\n<figure class=\"wp-block-image size-large\"><img data-recalc-dims=\"1\" loading=\"lazy\" decoding=\"async\" width=\"600\" height=\"400\" data-attachment-id=\"29880\" data-permalink=\"http:\/\/blogdalucianaoliveira.com.br\/blog\/2020\/10\/19\/governo-bolsonaro-preve-leilao-para-exploracao-mineral-na-amazonia-ainda-em-2020\/image-12-12\/\" data-orig-file=\"https:\/\/i0.wp.com\/blogdalucianaoliveira.com.br\/blog\/wp-content\/uploads\/2020\/10\/image-12.jpeg?fit=799%2C533\" data-orig-size=\"799,533\" data-comments-opened=\"0\" data-image-meta=\"{&quot;aperture&quot;:&quot;0&quot;,&quot;credit&quot;:&quot;&quot;,&quot;camera&quot;:&quot;&quot;,&quot;caption&quot;:&quot;&quot;,&quot;created_timestamp&quot;:&quot;0&quot;,&quot;copyright&quot;:&quot;&quot;,&quot;focal_length&quot;:&quot;0&quot;,&quot;iso&quot;:&quot;0&quot;,&quot;shutter_speed&quot;:&quot;0&quot;,&quot;title&quot;:&quot;&quot;,&quot;orientation&quot;:&quot;0&quot;}\" data-image-title=\"image-12\" data-image-description=\"\" data-image-caption=\"\" data-medium-file=\"https:\/\/i0.wp.com\/blogdalucianaoliveira.com.br\/blog\/wp-content\/uploads\/2020\/10\/image-12.jpeg?fit=300%2C200\" data-large-file=\"https:\/\/i0.wp.com\/blogdalucianaoliveira.com.br\/blog\/wp-content\/uploads\/2020\/10\/image-12.jpeg?fit=600%2C400\" src=\"https:\/\/i0.wp.com\/blogdalucianaoliveira.com.br\/blog\/wp-content\/uploads\/2020\/10\/image-12.jpeg?resize=600%2C400\" alt=\"\" class=\"wp-image-29880\" srcset=\"https:\/\/i0.wp.com\/blogdalucianaoliveira.com.br\/blog\/wp-content\/uploads\/2020\/10\/image-12.jpeg?w=799 799w, https:\/\/i0.wp.com\/blogdalucianaoliveira.com.br\/blog\/wp-content\/uploads\/2020\/10\/image-12.jpeg?resize=300%2C200 300w, https:\/\/i0.wp.com\/blogdalucianaoliveira.com.br\/blog\/wp-content\/uploads\/2020\/10\/image-12.jpeg?resize=768%2C512 768w, https:\/\/i0.wp.com\/blogdalucianaoliveira.com.br\/blog\/wp-content\/uploads\/2020\/10\/image-12.jpeg?resize=450%2C300 450w\" sizes=\"auto, (max-width: 600px) 100vw, 600px\" \/><\/figure>\n\n\n\n<h4 class=\"wp-block-heading\">Projeto do governo para regi\u00e3o conflita com cultura de popula\u00e7\u00f5es tradicionais e atende interesse do capital estrangeiro<\/h4>\n\n\n\n<!--more-->\n\n\n\n<p>Catarina Barbosa &#8211; Brasil de Fato | Bel\u00e9m (PA) |<br><\/p>\n\n\n\n<p>Est\u00e3o previstos para&nbsp;<a href=\"https:\/\/agenciabrasil.ebc.com.br\/radioagencia-nacional\/politica\/audio\/2020-09\/leiloes-de-exploracao-de-mineracao-na-amazonia-devem-ocorrer-este-ano\" target=\"_blank\" rel=\"noreferrer noopener\">este ano<\/a>&nbsp;leil\u00f5es de outorgas para explora\u00e7\u00e3o de minera\u00e7\u00e3o e concess\u00e3o de log\u00edstica e infraestrutura na Amaz\u00f4nia. A proposta do governo federal prev\u00ea o ato como parte integrante do&nbsp;<a href=\"https:\/\/www.bndes.gov.br\/wps\/portal\/site\/home\/transparencia\/desestatizacao\/ppi\" target=\"_blank\" rel=\"noreferrer noopener\">Programa de Parcerias e Investimentos<\/a>&nbsp;(PPI).<\/p>\n\n\n\n<p>Segundo&nbsp;o dirigente do&nbsp;<a href=\"https:\/\/mamnacional.org.br\/\" target=\"_blank\" rel=\"noreferrer noopener\">Movimento pela Soberania Popular na Minera\u00e7\u00e3o<\/a>&nbsp;(MAM),&nbsp;M\u00e1rcio Zonta, a iniciativa do governo de Jair Bolsonaro (sem partido) revela que a Amaz\u00f4nia est\u00e1 no centro do sistema financeiro internacional. S\u00e3o oito projetos na agenda de 2020, divididos em v\u00e1rias \u00e1reas da regi\u00e3o Norte com uma gama de minerais a serem explorados.&nbsp;<\/p>\n\n\n\n<p>&#8220;Eles visam ainda mais a espolia\u00e7\u00e3o amaz\u00f4nica. Se&nbsp;a gente for entender o papel da Amaz\u00f4nia no mundo e&nbsp;entender quais&nbsp;<a href=\"https:\/\/www.brasildefatomg.com.br\/2020\/10\/14\/dependencia-da-mineracao-e-queda-na-importacao-da-china-projeta-crise-para-minas\" target=\"_blank\" rel=\"noreferrer noopener\">minerais<\/a>&nbsp;s\u00e3o tirados, atualmente,&nbsp;dessa regi\u00e3o, n\u00f3s ter\u00edamos&nbsp;duas premissas:&nbsp;a primeira \u00e9 de que a Amaz\u00f4nia brasileira hoje regula o sistema financeiro internacional para o montante de ouro, sobretudo&nbsp;ilegal, e os outros minerais que saem dessa regi\u00e3o, como o&nbsp;cobre e o ferro&#8221;, resume.&nbsp;<\/p>\n\n\n\n<p>O dirigente ressalta ainda que no que diz respeito ao&nbsp;cobre e ao ferro, a mat\u00e9ria-prima d\u00e1 origem a toda a gama tecnol\u00f3gica que comp\u00f5e desde a ind\u00fastria b\u00e9lica, passando pela&nbsp;automobil\u00edstica, a&nbsp;ind\u00fastria da comunica\u00e7\u00e3o,&nbsp;internet, tecnologia&nbsp;5G e tamb\u00e9m a &#8220;ind\u00fastria do sup\u00e9rfluo&#8221;.<\/p>\n\n\n\n<p>&#8220;Esses \u00faltimos s\u00e3o&nbsp;aquelas coisas que n\u00e3o t\u00eam fun\u00e7\u00e3o social, mas que levam muitos minerais: softwares,&nbsp;celulares, enfim, a Amaz\u00f4nia corresponde a um processo regularizador de mat\u00e9rias-primas para a acumula\u00e7\u00e3o primitiva do capital e para acumula\u00e7\u00e3o por meio da produ\u00e7\u00e3o desses produtos&#8221;, acrescenta.<\/p>\n\n\n\n<p><strong>Leia mais:&nbsp;<\/strong><a href=\"https:\/\/www.brasildefato.com.br\/2020\/10\/01\/plano-de-mineracao-de-bolsonaro-ameaca-indigenas-e-fragiliza-leis-dizem-organizacoes\" target=\"_blank\" rel=\"noreferrer noopener\">Plano de minera\u00e7\u00e3o de Bolsonaro amea\u00e7a ind\u00edgenas e fragiliza leis, dizem organiza\u00e7\u00f5es<\/a><\/p>\n\n\n\n<p>Os embates ambientais<\/p>\n\n\n\n<p>Segundo informa\u00e7\u00f5es do&nbsp;<a href=\"https:\/\/www.brasildefato.com.br\/2020\/10\/01\/plano-de-mineracao-de-bolsonaro-ameaca-indigenas-e-fragiliza-leis-dizem-organizacoes\" target=\"_blank\" rel=\"noreferrer noopener\">governo federal<\/a>, as&nbsp;\u00e1reas ofertadas n\u00e3o est\u00e3o em unidades de conserva\u00e7\u00e3o de prote\u00e7\u00e3o integral, reservas extrativistas ou terras ind\u00edgenas. Para al\u00e9m dos leil\u00f5es relacionados \u00e0 minera\u00e7\u00e3o, este ano dever\u00e1 ser feita ainda a&nbsp;concess\u00e3o para instala\u00e7\u00e3o de transmissores de energia no Estado do Amazonas, no valor de mais de R$ 7,4 bilh\u00f5es, em quase 2,5 mil quil\u00f4metros de linhas de transmiss\u00e3o.<\/p>\n\n\n\n<blockquote class=\"wp-block-quote is-layout-flow wp-block-quote-is-layout-flow\"><p>&nbsp;<\/p><p><em><strong>\u00c9&nbsp;um embate direto pela&nbsp;perda do territ\u00f3rio.<\/strong><\/em>&nbsp;<\/p><\/blockquote>\n\n\n\n<p>Zonta pontua, no entanto, que s\u00e3o in\u00fameros os preju\u00edzos causados pela atividade da minera\u00e7\u00e3o para todos os brasileiros, sobretudo para as comunidades.<\/p>\n\n\n\n<p>&#8220;Vai desde o processo de expuls\u00e3o dos camponeses e camponesas de suas terras e&nbsp;tem os camponeses da Amaz\u00f4nia com a sua pluralidade cultural. Estamos falando de&nbsp;ind\u00edgenas,&nbsp;ribeirinhos,&nbsp;camponeses, que vieram de outras regi\u00f5es. Ent\u00e3o, \u00e9&nbsp;um embate direto pela&nbsp;perda do territ\u00f3rio&#8221;, explica o membro do MAM.&nbsp;<\/p>\n\n\n\n<p>&#8220;Esses camponeses, geralmente, s\u00e3o lan\u00e7ados nos centros urbanos, que tamb\u00e9m est\u00e3o em crise pelo problema mineral&nbsp;e nesse processo a gente vai tendo certo dom\u00ednio territorial \u2013 que com as mineradoras \u2013 vem em um enlace do ponto de&nbsp;vista ideol\u00f3gico, militarizado&nbsp;e as v\u00e1rias disputas de narrativas que v\u00e3o passar a existir nessas regi\u00f5es com&nbsp;destrui\u00e7\u00e3o desses c\u00f3digos civilizat\u00f3rios&#8221;, completa.<\/p>\n\n\n\n<p>Capital internacional<\/p>\n\n\n\n<p>O integrante do MAM pontua ainda que n\u00e3o h\u00e1 uma lista p\u00fablica&nbsp;das empresas que participar\u00e3o do leil\u00e3o, mas pelos pedidos de minera\u00e7\u00e3o registrados na Ag\u00eancia Nacional de Minera\u00e7\u00e3o (ANM), a&nbsp;<a href=\"http:\/\/www.vale.com\/brasil\/PT\/Paginas\/default.aspx\" target=\"_blank\" rel=\"noreferrer noopener\">Vale<\/a>,&nbsp;<a href=\"https:\/\/brasil.angloamerican.com\/pt-pt\" target=\"_blank\" rel=\"noreferrer noopener\">Anglo American<\/a>&nbsp;e&nbsp;<a href=\"https:\/\/www.bhp.com\/\" target=\"_blank\" rel=\"noreferrer noopener\">BHP Billiton<\/a>&nbsp;s\u00e3o algumas das que mant\u00eam constantes registros para minerar na Amaz\u00f4nia.<\/p>\n\n\n\n<p><strong>Leia mais:<\/strong>&nbsp;<a href=\"https:\/\/www.brasildefato.com.br\/2019\/11\/28\/governo-do-para-anuncia-ferrovia-e-comunidades-temem-mais-mortes-e-mais-sofrimento\" target=\"_blank\" rel=\"noreferrer noopener\">Governo do Par\u00e1 anuncia ferrovia e comunidades temem &#8220;mais mortes e mais sofrimento&#8221;<\/a><\/p>\n\n\n\n<p>Para al\u00e9m dos leil\u00f5es este ano, para 2021 est\u00e3o previstos: o leil\u00e3o para a explora\u00e7\u00e3o, por 69 anos, da ferrovia que liga a regi\u00e3o central do Mato Grosso ao noroeste do Par\u00e1, chamada de&nbsp;<a href=\"https:\/\/www.brasildefato.com.br\/2019\/09\/11\/prioridade-de-bolsonaro-projeto-de-ferrovia-que-liga-mato-grosso-ao-para-e-retomado\" target=\"_blank\" rel=\"noreferrer noopener\">Ferrogr\u00e3o<\/a>, e que servir\u00e1 para escoar milho e soja; e tamb\u00e9m, no primeiro trimestre do ano que vem,&nbsp;a concess\u00e3o de rodovias e de explora\u00e7\u00e3o do terminal de gran\u00e9is no Porto de Santana, no Amap\u00e1.<\/p>\n\n\n\n<p>Para o segundo trimestre de 2021, a previs\u00e3o \u00e9 de se conceder \u00e0s empresas interessadas sete aeroportos em cinco estados da Regi\u00e3o Norte, al\u00e9m do terminal pesqueiro de Manaus, no Amazonas.<\/p>\n\n\n\n<p>Edi\u00e7\u00e3o: Rodrigo Chagas<\/p>\n","protected":false},"excerpt":{"rendered":"<p>Projeto do governo para regi\u00e3o conflita com cultura de popula\u00e7\u00f5es tradicionais e atende interesse do capital estrangeiro<\/p>\n","protected":false},"author":1,"featured_media":0,"comment_status":"closed","ping_status":"open","sticky":false,"template":"","format":"standard","meta":{"_exactmetrics_skip_tracking":false,"_exactmetrics_sitenote_active":false,"_exactmetrics_sitenote_note":"","_exactmetrics_sitenote_category":0,"jetpack_post_was_ever_published":false,"_jetpack_newsletter_access":"","_jetpack_dont_email_post_to_subs":false,"_jetpack_newsletter_tier_id":0,"_jetpack_memberships_contains_paywalled_content":false,"_jetpack_memberships_contains_paid_content":false,"footnotes":"","jetpack_publicize_message":"","jetpack_publicize_feature_enabled":true,"jetpack_social_post_already_shared":true,"jetpack_social_options":{"image_generator_settings":{"template":"highway","enabled":false},"version":2}},"categories":[1],"tags":[],"class_list":["post-29879","post","type-post","status-publish","format-standard","hentry","category-notas"],"jetpack_publicize_connections":[],"jetpack_sharing_enabled":true,"jetpack_featured_media_url":"","jetpack_shortlink":"https:\/\/wp.me\/p7wKYW-7LV","jetpack-related-posts":[],"_links":{"self":[{"href":"http:\/\/blogdalucianaoliveira.com.br\/blog\/wp-json\/wp\/v2\/posts\/29879","targetHints":{"allow":["GET"]}}],"collection":[{"href":"http:\/\/blogdalucianaoliveira.com.br\/blog\/wp-json\/wp\/v2\/posts"}],"about":[{"href":"http:\/\/blogdalucianaoliveira.com.br\/blog\/wp-json\/wp\/v2\/types\/post"}],"author":[{"embeddable":true,"href":"http:\/\/blogdalucianaoliveira.com.br\/blog\/wp-json\/wp\/v2\/users\/1"}],"replies":[{"embeddable":true,"href":"http:\/\/blogdalucianaoliveira.com.br\/blog\/wp-json\/wp\/v2\/comments?post=29879"}],"version-history":[{"count":1,"href":"http:\/\/blogdalucianaoliveira.com.br\/blog\/wp-json\/wp\/v2\/posts\/29879\/revisions"}],"predecessor-version":[{"id":29881,"href":"http:\/\/blogdalucianaoliveira.com.br\/blog\/wp-json\/wp\/v2\/posts\/29879\/revisions\/29881"}],"wp:attachment":[{"href":"http:\/\/blogdalucianaoliveira.com.br\/blog\/wp-json\/wp\/v2\/media?parent=29879"}],"wp:term":[{"taxonomy":"category","embeddable":true,"href":"http:\/\/blogdalucianaoliveira.com.br\/blog\/wp-json\/wp\/v2\/categories?post=29879"},{"taxonomy":"post_tag","embeddable":true,"href":"http:\/\/blogdalucianaoliveira.com.br\/blog\/wp-json\/wp\/v2\/tags?post=29879"}],"curies":[{"name":"wp","href":"https:\/\/api.w.org\/{rel}","templated":true}]}}