{"id":29882,"date":"2020-10-19T06:56:05","date_gmt":"2020-10-19T10:56:05","guid":{"rendered":"http:\/\/blogdalucianaoliveira.com.br\/blog\/?p=29882"},"modified":"2020-10-19T06:56:10","modified_gmt":"2020-10-19T10:56:10","slug":"eleicoes-na-bolivia-quem-e-luis-arce-ex-ministro-de-evo-morales-apontado-por-projecoes-como-novo-presidente-do-pais","status":"publish","type":"post","link":"http:\/\/blogdalucianaoliveira.com.br\/blog\/2020\/10\/19\/eleicoes-na-bolivia-quem-e-luis-arce-ex-ministro-de-evo-morales-apontado-por-projecoes-como-novo-presidente-do-pais\/","title":{"rendered":"Elei\u00e7\u00f5es na Bol\u00edvia: quem \u00e9 Luis Arce, ex-ministro de Evo Morales apontado por proje\u00e7\u00f5es como novo presidente do pa\u00eds"},"content":{"rendered":"\n<figure class=\"wp-block-image size-large\"><img data-recalc-dims=\"1\" loading=\"lazy\" decoding=\"async\" width=\"600\" height=\"338\" data-attachment-id=\"29883\" data-permalink=\"http:\/\/blogdalucianaoliveira.com.br\/blog\/2020\/10\/19\/eleicoes-na-bolivia-quem-e-luis-arce-ex-ministro-de-evo-morales-apontado-por-projecoes-como-novo-presidente-do-pais\/image-13-12\/\" data-orig-file=\"https:\/\/i0.wp.com\/blogdalucianaoliveira.com.br\/blog\/wp-content\/uploads\/2020\/10\/image-13.jpeg?fit=800%2C450\" data-orig-size=\"800,450\" data-comments-opened=\"0\" data-image-meta=\"{&quot;aperture&quot;:&quot;0&quot;,&quot;credit&quot;:&quot;&quot;,&quot;camera&quot;:&quot;&quot;,&quot;caption&quot;:&quot;&quot;,&quot;created_timestamp&quot;:&quot;0&quot;,&quot;copyright&quot;:&quot;&quot;,&quot;focal_length&quot;:&quot;0&quot;,&quot;iso&quot;:&quot;0&quot;,&quot;shutter_speed&quot;:&quot;0&quot;,&quot;title&quot;:&quot;&quot;,&quot;orientation&quot;:&quot;0&quot;}\" data-image-title=\"image-13\" data-image-description=\"\" data-image-caption=\"\" data-medium-file=\"https:\/\/i0.wp.com\/blogdalucianaoliveira.com.br\/blog\/wp-content\/uploads\/2020\/10\/image-13.jpeg?fit=300%2C169\" data-large-file=\"https:\/\/i0.wp.com\/blogdalucianaoliveira.com.br\/blog\/wp-content\/uploads\/2020\/10\/image-13.jpeg?fit=600%2C338\" src=\"https:\/\/i0.wp.com\/blogdalucianaoliveira.com.br\/blog\/wp-content\/uploads\/2020\/10\/image-13.jpeg?resize=600%2C338\" alt=\"\" class=\"wp-image-29883\" srcset=\"https:\/\/i0.wp.com\/blogdalucianaoliveira.com.br\/blog\/wp-content\/uploads\/2020\/10\/image-13.jpeg?w=800 800w, https:\/\/i0.wp.com\/blogdalucianaoliveira.com.br\/blog\/wp-content\/uploads\/2020\/10\/image-13.jpeg?resize=300%2C169 300w, https:\/\/i0.wp.com\/blogdalucianaoliveira.com.br\/blog\/wp-content\/uploads\/2020\/10\/image-13.jpeg?resize=768%2C432 768w, https:\/\/i0.wp.com\/blogdalucianaoliveira.com.br\/blog\/wp-content\/uploads\/2020\/10\/image-13.jpeg?resize=533%2C300 533w\" sizes=\"auto, (max-width: 600px) 100vw, 600px\" \/><\/figure>\n\n\n\n<p><strong>O homem considerado &#8220;pupilo&#8221; de Evo Morales e que teve o ex-presidente como seu coordenador de campanha pode estar se tornando o novo mandat\u00e1rio da Bol\u00edvia, de acordo com os resultados iniciais da apura\u00e7\u00e3o dos votos da elei\u00e7\u00e3o de domingo (19\/10).<\/strong><\/p>\n\n\n\n<!--more-->\n\n\n\n<p>BBC &#8211; De acordo com o resultado preliminar, Luis Arce Catacora, que \u00e9 ex-ministro da Economia, teria obtido ampla vantagem, de mais de 52% dos votos contra 31% de seu principal advers\u00e1rio, o ex-presidente Carlos Mesa.<\/p>\n\n\n\n<p>&#8220;Todos n\u00f3s bolivianos demos passos importantes, recuperamos a democracia e a esperan\u00e7a&#8221;, disse Arce, ap\u00f3s ficar sabendo das primeiras proje\u00e7\u00f5es de resultados.<\/p>\n\n\n\n<p>&#8220;De nossa parte, nosso compromisso, (\u00e9 o) de trabalhar, de cumprir nosso programa, e vamos governar para todos os bolivianos.&#8221;<\/p>\n\n\n\n<p>Uma das figuras-chave durante anos nos diferentes governos de Evo Morales, Arce \u00e9 visto como o arquiteto das reformas que levaram \u00e0 decolagem econ\u00f4mica da Bol\u00edvia durante os anos do Movimento pelo Socialismo (MAS).<\/p>\n\n\n\n<p>Na gest\u00e3o do MAS, o pa\u00eds sul-americano conseguiu n\u00e3o s\u00f3 reduzir a infla\u00e7\u00e3o e viver um boom econ\u00f4mico, mas tamb\u00e9m reduziu significativamente a pobreza.<\/p>\n\n\n\n<h2 class=\"wp-block-heading\" id=\"A-caminho-do-governo\">A caminho do governo<\/h2>\n\n\n\n<p>Nascido em 1963 em La Paz em uma fam\u00edlia de professores, Arce estudou Economia na Bol\u00edvia, fez mestrado no Reino Unido e no retorno ao seu pa\u00eds come\u00e7ou a trabalhar como funcion\u00e1rio p\u00fablico no Banco Central da Bol\u00edvia (BCP), onde ocupou diferentes cargos.<\/p>\n\n\n\n<p>Ele tamb\u00e9m se dedicou ao ensino e ministrou diversos cursos em universidades, incluindo Harvard, Columbia e a Universidade de Buenos Aires.<\/p>\n\n\n\n<p>Em diferentes ocasi\u00f5es, Arce destacou que, ao longo desse per\u00edodo, entre os anos 1980 e 1990, manteve suas ideias socialistas, apesar do consenso neoliberal prevalecente na pol\u00edtica e na academia da Bol\u00edvia.<\/p>\n\n\n\n<p>Por isso, o acad\u00eamico fez parte de grupos de an\u00e1lise pol\u00edtica, com diversas publica\u00e7\u00f5es em revistas especializadas.<\/p>\n\n\n\n<p>Embora se declarasse de esquerda na \u00e9poca, ele n\u00e3o era considerado um marxista ortodoxo ou um militante comunista tradicional. Durante esses anos, ele foi dando cada vez mais import\u00e2ncia ao estudo da macroeconomia.<\/p>\n\n\n\n<p>Em seguida, ele colocaria essa experi\u00eancia e essas ideias no programa de governo do partido, que, em 2005, colocou um plantador de coca no cargo mais importante do pa\u00eds.<\/p>\n\n\n\n<h2 class=\"wp-block-heading\" id=\"Governo-Morales\">Governo Morales<\/h2>\n\n\n\n<p>Apos \u00e0 ascens\u00e3o de Evo Morales ao poder, Arce foi nomeado em 2006 para chefiar o minist\u00e9rio da Fazenda, que foi rebatizado tr\u00eas anos depois de minist\u00e9rio da Economia e Finan\u00e7as P\u00fablicas.<\/p>\n\n\n\n<p>\u00c0 frente do minist\u00e9rio, Arce promoveu medidas de incentivo ao mercado interno, estabilidade cambial e promo\u00e7\u00e3o de pol\u00edticas de industrializa\u00e7\u00e3o de recursos naturais.<\/p>\n\n\n\n<p>Em um governo que contava com muitos pol\u00edticos, o economista se preocupava com a estabilidade macroecon\u00f4mica, o d\u00e9ficit fiscal e expans\u00e3o das reservas internacionais. J\u00e1 seus colegas de gabinete se dedicavam \u00e0 crise pol\u00edtica que Evo Morales enfrentou durante seus primeiros anos no cargo.<\/p>\n\n\n\n<p>Mas talvez uma de suas medidas mais importantes e pol\u00eamicas tenha sido a s\u00e9rie de &#8220;nacionaliza\u00e7\u00f5es&#8221;, principalmente no setor de hidrocarbonetos, cuja recupera\u00e7\u00e3o Arce considerou como um dos pilares da economia boliviana em todos esses anos.<\/p>\n\n\n\n<figure class=\"wp-block-image\"><img data-recalc-dims=\"1\" decoding=\"async\" src=\"https:\/\/i0.wp.com\/ichef.bbci.co.uk\/news\/640\/cpsprodpb\/DDFC\/production\/_110582865_bcdefe6a-1b5e-483f-aca4-f9bb559c00fd.jpg?w=600&#038;ssl=1\" alt=\"Arce Catacora con una mujer boliviana\"\/><figcaption>Legenda da foto,&nbsp;Arce esteve com Evo Morales durante a maior parte de seu governo<\/figcaption><\/figure>\n\n\n\n<p>O aumento das reservas internacionais, a expans\u00e3o da classe m\u00e9dia e, sobretudo, o fato de o pa\u00eds estar entre os que mais cresciam na regi\u00e3o, levaram o governo Morales a promover a ideia de &#8220;milagre econ\u00f4mico boliviano&#8221;.<\/p>\n\n\n\n<p>Essa narrativa foi rejeitada pela oposi\u00e7\u00e3o da \u00e9poca e agora pelo governo de transi\u00e7\u00e3o de Jeanine \u00c1\u00f1ez, que diz duvidar que a pobreza tenha realmente sido reduzida. A oposi\u00e7\u00e3o afirma que Arce desperdi\u00e7ou o momento em que houve maiores entradas de recursos na economia boliviana, quando os pre\u00e7os dos hidrocarbonetos e minerais estavam em alta.<\/p>\n\n\n\n<p>Outro questionamento \u00e9 que o governo anterior n\u00e3o cumpriu a promessa de diversificar a economia e industrializar os recursos naturais, mas depois de quase 14 anos deixou o pa\u00eds igualmente dependente de mat\u00e9rias-primas export\u00e1veis.<\/p>\n\n\n\n<h2 class=\"wp-block-heading\" id=\"A-caminho-da-Presid\u00eancia\">A caminho da Presid\u00eancia<\/h2>\n\n\n\n<p>Depois de sofrer um c\u00e2ncer renal, ele renunciou ao cargo de ministro em 2017 e, ap\u00f3s uma longa recupera\u00e7\u00e3o no Brasil, voltou \u00e0 Bol\u00edvia para retomar seu cargo, at\u00e9 a ren\u00fancia de Evo Morales, no ano passado.<\/p>\n\n\n\n<p>Em janeiro, o MAS o nomeou como seu candidato presidencial (e o ex-chanceler David Choquehuanca como companheiro de chapa) para as elei\u00e7\u00f5es que estavam inicialmente programadas para maio e que depois foram adiadas para outubro devido \u00e0 pandemia de coronav\u00edrus.<\/p>\n\n\n\n<p>Sua indica\u00e7\u00e3o provocou questionamentos at\u00e9 dentro do partido, pelo fato de Arce ser oriundo da classe m\u00e9dia urbana e n\u00e3o das organiza\u00e7\u00f5es sindicais e camponesas que comp\u00f5em grande parte das bases do MAS.<\/p>\n\n\n\n<p>Na hora de anunciar o candidato, Evo Morales \u2014 que vive na Argentina desde a crise que for\u00e7ou sua ren\u00fancia \u2014 destacou que Arce era o homem capaz de &#8220;garantir a economia nacional&#8221;.<\/p>\n\n\n\n<p>O ex-presidente lembrou das conquistas que atribui \u00e0 gest\u00e3o do ex-ministro, como o crescimento econ\u00f4mico, para embasar a decis\u00e3o tomada.<\/p>\n\n\n\n<figure class=\"wp-block-image\"><img data-recalc-dims=\"1\" decoding=\"async\" src=\"https:\/\/i0.wp.com\/ichef.bbci.co.uk\/news\/640\/cpsprodpb\/B648\/production\/_114946664_tv063824570.jpg?w=600&#038;ssl=1\" alt=\"Bolivia\"\/><figcaption>Legenda da foto,&nbsp;Arce \u00e9 visto como o &#8216;c\u00e9rebro&#8217; por tr\u00e1s do desenvolvimento econ\u00f4mico que a Bol\u00edvia viveu durante o governo Morales<\/figcaption><\/figure>\n\n\n\n<p>Como plano de governo, Arce tem defendido as empresas estatais, os recursos naturais do pa\u00eds, e diz querer voltar \u00e0s taxas de crescimento que a Bol\u00edvia tinha quando era ministro da Economia.<\/p>\n\n\n\n<p>Por\u00e9m, seu perfil \u00e9 bastante t\u00e9cnico e ele fez sua carreira \u00e0 sombra de personagens bem mais carism\u00e1ticos como Morales e o ex-vice-presidente \u00c1lvaro Garc\u00eda Linera. Isso, segundo seus cr\u00edticos, pode pesar contra ele.<\/p>\n","protected":false},"excerpt":{"rendered":"<p>O homem considerado &#8220;pupilo&#8221; de Evo Morales e que teve o ex-presidente como seu coordenador de campanha pode estar se tornando o novo mandat\u00e1rio da Bol\u00edvia, de acordo com os resultados iniciais da apura\u00e7\u00e3o dos votos da elei\u00e7\u00e3o de domingo (19\/10).<\/p>\n","protected":false},"author":1,"featured_media":0,"comment_status":"closed","ping_status":"open","sticky":false,"template":"","format":"standard","meta":{"_exactmetrics_skip_tracking":false,"_exactmetrics_sitenote_active":false,"_exactmetrics_sitenote_note":"","_exactmetrics_sitenote_category":0,"jetpack_post_was_ever_published":false,"_jetpack_newsletter_access":"","_jetpack_dont_email_post_to_subs":false,"_jetpack_newsletter_tier_id":0,"_jetpack_memberships_contains_paywalled_content":false,"_jetpack_memberships_contains_paid_content":false,"footnotes":"","jetpack_publicize_message":"","jetpack_publicize_feature_enabled":true,"jetpack_social_post_already_shared":true,"jetpack_social_options":{"image_generator_settings":{"template":"highway","enabled":false},"version":2}},"categories":[1],"tags":[],"class_list":["post-29882","post","type-post","status-publish","format-standard","hentry","category-notas"],"jetpack_publicize_connections":[],"jetpack_sharing_enabled":true,"jetpack_featured_media_url":"","jetpack_shortlink":"https:\/\/wp.me\/p7wKYW-7LY","jetpack-related-posts":[],"_links":{"self":[{"href":"http:\/\/blogdalucianaoliveira.com.br\/blog\/wp-json\/wp\/v2\/posts\/29882","targetHints":{"allow":["GET"]}}],"collection":[{"href":"http:\/\/blogdalucianaoliveira.com.br\/blog\/wp-json\/wp\/v2\/posts"}],"about":[{"href":"http:\/\/blogdalucianaoliveira.com.br\/blog\/wp-json\/wp\/v2\/types\/post"}],"author":[{"embeddable":true,"href":"http:\/\/blogdalucianaoliveira.com.br\/blog\/wp-json\/wp\/v2\/users\/1"}],"replies":[{"embeddable":true,"href":"http:\/\/blogdalucianaoliveira.com.br\/blog\/wp-json\/wp\/v2\/comments?post=29882"}],"version-history":[{"count":1,"href":"http:\/\/blogdalucianaoliveira.com.br\/blog\/wp-json\/wp\/v2\/posts\/29882\/revisions"}],"predecessor-version":[{"id":29884,"href":"http:\/\/blogdalucianaoliveira.com.br\/blog\/wp-json\/wp\/v2\/posts\/29882\/revisions\/29884"}],"wp:attachment":[{"href":"http:\/\/blogdalucianaoliveira.com.br\/blog\/wp-json\/wp\/v2\/media?parent=29882"}],"wp:term":[{"taxonomy":"category","embeddable":true,"href":"http:\/\/blogdalucianaoliveira.com.br\/blog\/wp-json\/wp\/v2\/categories?post=29882"},{"taxonomy":"post_tag","embeddable":true,"href":"http:\/\/blogdalucianaoliveira.com.br\/blog\/wp-json\/wp\/v2\/tags?post=29882"}],"curies":[{"name":"wp","href":"https:\/\/api.w.org\/{rel}","templated":true}]}}