{"id":29885,"date":"2020-10-19T07:06:39","date_gmt":"2020-10-19T11:06:39","guid":{"rendered":"http:\/\/blogdalucianaoliveira.com.br\/blog\/?p=29885"},"modified":"2020-10-19T07:06:42","modified_gmt":"2020-10-19T11:06:42","slug":"eleicoes-2020-brasil-tem-1479-milhoes-de-eleitores-aptos-a-votar","status":"publish","type":"post","link":"http:\/\/blogdalucianaoliveira.com.br\/blog\/2020\/10\/19\/eleicoes-2020-brasil-tem-1479-milhoes-de-eleitores-aptos-a-votar\/","title":{"rendered":"Elei\u00e7\u00f5es 2020: Brasil tem 147,9 milh\u00f5es de eleitores aptos a votar"},"content":{"rendered":"\n<figure class=\"wp-block-image size-large\"><img data-recalc-dims=\"1\" loading=\"lazy\" decoding=\"async\" width=\"554\" height=\"554\" data-attachment-id=\"29886\" data-permalink=\"http:\/\/blogdalucianaoliveira.com.br\/blog\/2020\/10\/19\/eleicoes-2020-brasil-tem-1479-milhoes-de-eleitores-aptos-a-votar\/image-14-12\/\" data-orig-file=\"https:\/\/i0.wp.com\/blogdalucianaoliveira.com.br\/blog\/wp-content\/uploads\/2020\/10\/image-14.jpeg?fit=554%2C554\" data-orig-size=\"554,554\" data-comments-opened=\"0\" data-image-meta=\"{&quot;aperture&quot;:&quot;0&quot;,&quot;credit&quot;:&quot;&quot;,&quot;camera&quot;:&quot;&quot;,&quot;caption&quot;:&quot;&quot;,&quot;created_timestamp&quot;:&quot;0&quot;,&quot;copyright&quot;:&quot;&quot;,&quot;focal_length&quot;:&quot;0&quot;,&quot;iso&quot;:&quot;0&quot;,&quot;shutter_speed&quot;:&quot;0&quot;,&quot;title&quot;:&quot;&quot;,&quot;orientation&quot;:&quot;0&quot;}\" data-image-title=\"image-14\" data-image-description=\"\" data-image-caption=\"\" data-medium-file=\"https:\/\/i0.wp.com\/blogdalucianaoliveira.com.br\/blog\/wp-content\/uploads\/2020\/10\/image-14.jpeg?fit=300%2C300\" data-large-file=\"https:\/\/i0.wp.com\/blogdalucianaoliveira.com.br\/blog\/wp-content\/uploads\/2020\/10\/image-14.jpeg?fit=554%2C554\" src=\"https:\/\/i0.wp.com\/blogdalucianaoliveira.com.br\/blog\/wp-content\/uploads\/2020\/10\/image-14.jpeg?resize=554%2C554\" alt=\"\" class=\"wp-image-29886\" srcset=\"https:\/\/i0.wp.com\/blogdalucianaoliveira.com.br\/blog\/wp-content\/uploads\/2020\/10\/image-14.jpeg?w=554 554w, https:\/\/i0.wp.com\/blogdalucianaoliveira.com.br\/blog\/wp-content\/uploads\/2020\/10\/image-14.jpeg?resize=300%2C300 300w, https:\/\/i0.wp.com\/blogdalucianaoliveira.com.br\/blog\/wp-content\/uploads\/2020\/10\/image-14.jpeg?resize=150%2C150 150w\" sizes=\"auto, (max-width: 554px) 100vw, 554px\" \/><\/figure>\n\n\n\n<p>No UOL &#8211; Mulher, com ensino m\u00e9dio e de 35 a 59 anos \u00e9 o perfil majorit\u00e1rio do eleitor que votar\u00e1 nas elei\u00e7\u00f5es de 2020, segundo o Tribunal Superior Eleitoral (TSE). Neste ano, 147.918.483 pessoas est\u00e3o aptas a votar, um crescimento de 2,66% em rela\u00e7\u00e3o \u00e0s elei\u00e7\u00f5es municipais de 2016.\u00a0<\/p>\n\n\n\n<!--more-->\n\n\n\n<p>O contingente eleger\u00e1 novos prefeitos e vereadores em 5.569 munic\u00edpios em\u00a015 de novembro. N\u00e3o participam da vota\u00e7\u00e3o neste ano os eleitores do Distrito Federal e de Fernando de Noronha, que n\u00e3o t\u00eam prefeito, e os brasileiros registrados no exterior, que s\u00f3 podem votar em tr\u00e2nsito nas elei\u00e7\u00f5es gerais a cada quatro anos.<\/p>\n\n\n\n<h2 class=\"wp-block-heading\">Biometria<\/h2>\n\n\n\n<p>Por causa da pandemia de covid-19, a Justi\u00e7a Eleitoral excluiu a biometria como meio de identifica\u00e7\u00e3o nas elei\u00e7\u00f5es deste ano. Mesmo assim, a coleta dos dados biom\u00e9tricos continuou a aumentar em 2020. Em dezembro do ano passado, pouco mais de 113,5 milh\u00f5es de pessoas tinham feito o procedimento, o equivalente a 76% do eleitorado. Em agosto deste ano, quando foi encerrado o registro para as elei\u00e7\u00f5es municipais, 117.594.975 pessoas estavam identificadas pela biometria, 79.5% do eleitorado.<\/p>\n\n\n\n<h2 class=\"wp-block-heading\">Perfil<\/h2>\n\n\n\n<p>Na divis\u00e3o por g\u00eaneros, as mulheres somam 77.649.569 eleitores (52,49%) do total. Os homens totalizam 70.228.457 eleitores (47,48%). Outras 40.457 pessoas n\u00e3o declararam o g\u00eanero, representando 0,03% do eleitorado. Um total de 9.985 pessoas usar\u00e3o o nome social no t\u00edtulo de eleitor, pr\u00e1tica autorizada pela Justi\u00e7a Eleitoral desde 2018.<\/p>\n\n\n\n<p>Em rela\u00e7\u00e3o ao grau de instru\u00e7\u00e3o, a maior parte dos eleitores informou&nbsp;ter&nbsp;o ensino m\u00e9dio completo, com&nbsp;37.681.635 (25,47%) pessoas nessa condi\u00e7\u00e3o. A faixa de menor escolaridade, com ensino fundamental incompleto, vem em segundo lugar, com 35.771.791 eleitores (24,18%), seguida pelo contingente com ensino m\u00e9dio incompleto, com&nbsp;22.900.434 (15,48%). Somente 10,68% do eleitorado, que somam 15.800.520 pessoas, t\u00eam n\u00edvel superior completo.<\/p>\n\n\n\n<p>Um total de 1.158.234 eleitores se declararam com alguma defici\u00eancia em 2020. O n\u00famero representa aumento de 93,58% na compara\u00e7\u00e3o com as 598.314 pessoas que haviam afirmado&nbsp;ter&nbsp;alguma limita\u00e7\u00e3o f\u00edsica em 2016. Segundo o TSE, o aumento n\u00e3o significa necessariamente alta na participa\u00e7\u00e3o de pessoas com defici\u00eancia, porque as estat\u00edsticas se baseiam em autodeclara\u00e7\u00f5es do cidad\u00e3o no momento do registro eleitoral.<\/p>\n\n\n\n<h2 class=\"wp-block-heading\">Estados e munic\u00edpios<\/h2>\n\n\n\n<p>Na compara\u00e7\u00e3o com 2016, o estado com maior incremento no eleitorado foi o Amazonas, cujo n\u00famero de eleitores ativos subiu 7,88%, para 2.503.269. O \u00fanico estado com redu\u00e7\u00e3o no total de eleitores foi o Tocantins, com queda de 0,17% nos \u00faltimos quatro anos, de 1.037.063 para 1.035.289.<\/p>\n\n\n\n<p>Maior col\u00e9gio eleitoral do pa\u00eds, o estado de S\u00e3o Paulo tem 33.565.294 eleitores aptos a votar em 2020, alta de 2,69% em rela\u00e7\u00e3o a 2016. Na compara\u00e7\u00e3o por munic\u00edpios, a capital paulista concentra o maior n\u00famero de eleitores, com 8.986.687 no total.<\/p>\n\n\n\n<p>O menor col\u00e9gio eleitoral do pa\u00eds \u00e9 Araguainha (MT), com 1.001 eleitores. A cidade, que estava nas mesmas condi\u00e7\u00f5es na vota\u00e7\u00e3o de 2016, havia perdido o posto para Serra da Saudade (MG) nas elei\u00e7\u00f5es gerais de 2018. Em 2020, o munic\u00edpio recuperou o t\u00edtulo. Tamb\u00e9m em Mato Grosso, o munic\u00edpio de Boa Esperan\u00e7a do Norte escolher\u00e1 prefeitos e vereadores pela primeira vez.<\/p>\n\n\n\n<h2 class=\"wp-block-heading\">Voto facultativo<\/h2>\n\n\n\n<p>Nestas elei\u00e7\u00f5es, 14.538.651 pessoas t\u00eam a op\u00e7\u00e3o do voto facultativo, permitido a eleitores com 16 e 17 anos e a idosos a partir de 70 anos. Desse total, 1.030.563 s\u00e3o jovens, 8.784.004 t\u00eam entre 70 e 79 anos, e 4.658.495 t\u00eam entre 80 e 99 anos. Existem 65.589 idosos com mais de 100 anos aptos a votar em 2020.<br><br>Mais informa\u00e7\u00f5es podem ser obtidas no censo do&nbsp;TSE com o&nbsp;<a href=\"https:\/\/www.tse.jus.br\/imprensa\/noticias-tse\/arquivos\/tse-eleicoes-2020-perfil-do-eleitorado\" rel=\"noreferrer noopener\" target=\"_blank\">perfil do eleitorado<\/a>brasileiro em 2020. O tribunal compilou os principais dados neste documento. Tamb\u00e9m \u00e9 poss\u00edvel acessar o&nbsp;<a href=\"https:\/\/www.tse.jus.br\/eleicoes\/estatisticas\/repositorio-de-dados-eleitorais-1\/repositorio-de-dados-eleitorais\" rel=\"noreferrer noopener\" target=\"_blank\">Reposit\u00f3rio<\/a>&nbsp;de Dados Eleitorais (RDE), que permite baixar tabelas com todos os dados do eleitorado e fazer cruzamentos estat\u00edsticos.<\/p>\n","protected":false},"excerpt":{"rendered":"<p>No UOL &#8211; Mulher, com ensino m\u00e9dio e de 35 a 59 anos \u00e9 o perfil majorit\u00e1rio do eleitor que votar\u00e1 nas elei\u00e7\u00f5es de 2020, segundo o Tribunal Superior Eleitoral (TSE). Neste ano, 147.918.483 pessoas est\u00e3o aptas a votar, um crescimento de 2,66% em rela\u00e7\u00e3o \u00e0s elei\u00e7\u00f5es municipais de 2016.\u00a0<\/p>\n","protected":false},"author":1,"featured_media":0,"comment_status":"closed","ping_status":"open","sticky":false,"template":"","format":"standard","meta":{"_exactmetrics_skip_tracking":false,"_exactmetrics_sitenote_active":false,"_exactmetrics_sitenote_note":"","_exactmetrics_sitenote_category":0,"jetpack_post_was_ever_published":false,"_jetpack_newsletter_access":"","_jetpack_dont_email_post_to_subs":false,"_jetpack_newsletter_tier_id":0,"_jetpack_memberships_contains_paywalled_content":false,"_jetpack_memberships_contains_paid_content":false,"footnotes":"","jetpack_publicize_message":"","jetpack_publicize_feature_enabled":true,"jetpack_social_post_already_shared":true,"jetpack_social_options":{"image_generator_settings":{"template":"highway","enabled":false},"version":2}},"categories":[1],"tags":[],"class_list":["post-29885","post","type-post","status-publish","format-standard","hentry","category-notas"],"jetpack_publicize_connections":[],"jetpack_sharing_enabled":true,"jetpack_featured_media_url":"","jetpack_shortlink":"https:\/\/wp.me\/p7wKYW-7M1","jetpack-related-posts":[],"_links":{"self":[{"href":"http:\/\/blogdalucianaoliveira.com.br\/blog\/wp-json\/wp\/v2\/posts\/29885","targetHints":{"allow":["GET"]}}],"collection":[{"href":"http:\/\/blogdalucianaoliveira.com.br\/blog\/wp-json\/wp\/v2\/posts"}],"about":[{"href":"http:\/\/blogdalucianaoliveira.com.br\/blog\/wp-json\/wp\/v2\/types\/post"}],"author":[{"embeddable":true,"href":"http:\/\/blogdalucianaoliveira.com.br\/blog\/wp-json\/wp\/v2\/users\/1"}],"replies":[{"embeddable":true,"href":"http:\/\/blogdalucianaoliveira.com.br\/blog\/wp-json\/wp\/v2\/comments?post=29885"}],"version-history":[{"count":1,"href":"http:\/\/blogdalucianaoliveira.com.br\/blog\/wp-json\/wp\/v2\/posts\/29885\/revisions"}],"predecessor-version":[{"id":29887,"href":"http:\/\/blogdalucianaoliveira.com.br\/blog\/wp-json\/wp\/v2\/posts\/29885\/revisions\/29887"}],"wp:attachment":[{"href":"http:\/\/blogdalucianaoliveira.com.br\/blog\/wp-json\/wp\/v2\/media?parent=29885"}],"wp:term":[{"taxonomy":"category","embeddable":true,"href":"http:\/\/blogdalucianaoliveira.com.br\/blog\/wp-json\/wp\/v2\/categories?post=29885"},{"taxonomy":"post_tag","embeddable":true,"href":"http:\/\/blogdalucianaoliveira.com.br\/blog\/wp-json\/wp\/v2\/tags?post=29885"}],"curies":[{"name":"wp","href":"https:\/\/api.w.org\/{rel}","templated":true}]}}