{"id":29888,"date":"2020-10-19T21:41:07","date_gmt":"2020-10-20T01:41:07","guid":{"rendered":"http:\/\/blogdalucianaoliveira.com.br\/blog\/?p=29888"},"modified":"2020-10-19T21:41:12","modified_gmt":"2020-10-20T01:41:12","slug":"o-desmatamento-da-amazonia-brasileira-3-por-que-o-desmatamento-e-importante","status":"publish","type":"post","link":"http:\/\/blogdalucianaoliveira.com.br\/blog\/2020\/10\/19\/o-desmatamento-da-amazonia-brasileira-3-por-que-o-desmatamento-e-importante\/","title":{"rendered":"O Desmatamento da Amaz\u00f4nia Brasileira: 3 \u2013 Por que o desmatamento \u00e9 importante?"},"content":{"rendered":"\n<figure class=\"wp-block-image size-large\"><img loading=\"lazy\" decoding=\"async\" width=\"1999\" height=\"1333\" data-attachment-id=\"29889\" data-permalink=\"http:\/\/blogdalucianaoliveira.com.br\/blog\/2020\/10\/19\/o-desmatamento-da-amazonia-brasileira-3-por-que-o-desmatamento-e-importante\/sobrevoo-no-para-foto-marizilda-cruppe-amazonia-real-17-09-20\/\" data-orig-file=\"https:\/\/i0.wp.com\/blogdalucianaoliveira.com.br\/blog\/wp-content\/uploads\/2020\/10\/image-15.jpeg?fit=1999%2C1333\" data-orig-size=\"1999,1333\" data-comments-opened=\"0\" data-image-meta=\"{&quot;aperture&quot;:&quot;0&quot;,&quot;credit&quot;:&quot;Marizilda Cruppe\\\/Amaz\\u00f4nia Real\\\/&quot;,&quot;camera&quot;:&quot;&quot;,&quot;caption&quot;:&quot;Amaz\\u00f4nia Real realizou um sobrevoo na regi\\u00e3o sudoeste do Par\\u00e1  em 17\\\/09\\\/2020, quinta-feira e detectou focos de fogo, desmatamento e garimpo em unidades de conserva\\u00e7\\u00e3o. Nesta foto, fogo na Floresta Nacional do Jamanxim, munic\\u00edpio de Novo Progresso. (Foto Marizilda Cruppe\\\/Amaz\\u00f4nia Real\\\/Amazon Watch\\\/17\\\/09\\\/2020)&quot;,&quot;created_timestamp&quot;:&quot;1600343758&quot;,&quot;copyright&quot;:&quot;Marizilda Cruppe\\\/Amaz\\u00f4nia Real\\\/17\\\/09\\\/2020 - Essa fotografia s\\u00f3 poder\\u00e1 ser usada para fins jornal\\u00edsticos, informativos, educa&quot;,&quot;focal_length&quot;:&quot;0&quot;,&quot;iso&quot;:&quot;0&quot;,&quot;shutter_speed&quot;:&quot;0&quot;,&quot;title&quot;:&quot;Sobrevoo no Par\\u00e1 (Foto Marizilda Cruppe\\\/Amaz\\u00f4nia Real\\\/17\\\/09\\\/20&quot;,&quot;orientation&quot;:&quot;1&quot;}\" data-image-title=\"Sobrevoo no Par\u00e1 (Foto Marizilda Cruppe\/Amaz\u00f4nia Real\/17\/09\/20\" data-image-description=\"\" data-image-caption=\"&lt;p&gt;Amaz\u00f4nia Real realizou um sobrevoo na regi\u00e3o sudoeste do Par\u00e1  em 17\/09\/2020, quinta-feira e detectou focos de fogo, desmatamento e garimpo em unidades de conserva\u00e7\u00e3o. Nesta foto, fogo na Floresta Nacional do Jamanxim, munic\u00edpio de Novo Progresso. (Foto Marizilda Cruppe\/Amaz\u00f4nia Real\/Amazon Watch\/17\/09\/2020)&lt;\/p&gt;\n\" data-medium-file=\"https:\/\/i0.wp.com\/blogdalucianaoliveira.com.br\/blog\/wp-content\/uploads\/2020\/10\/image-15.jpeg?fit=300%2C200\" data-large-file=\"https:\/\/i0.wp.com\/blogdalucianaoliveira.com.br\/blog\/wp-content\/uploads\/2020\/10\/image-15.jpeg?fit=600%2C400\" src=\"https:\/\/i2.wp.com\/blogdalucianaoliveira.com.br\/blog\/wp-content\/uploads\/2020\/10\/image-15.jpeg?fit=600%2C400\" alt=\"\" class=\"wp-image-29889\" srcset=\"https:\/\/i0.wp.com\/blogdalucianaoliveira.com.br\/blog\/wp-content\/uploads\/2020\/10\/image-15.jpeg?w=1999 1999w, https:\/\/i0.wp.com\/blogdalucianaoliveira.com.br\/blog\/wp-content\/uploads\/2020\/10\/image-15.jpeg?resize=300%2C200 300w, https:\/\/i0.wp.com\/blogdalucianaoliveira.com.br\/blog\/wp-content\/uploads\/2020\/10\/image-15.jpeg?resize=1024%2C683 1024w, https:\/\/i0.wp.com\/blogdalucianaoliveira.com.br\/blog\/wp-content\/uploads\/2020\/10\/image-15.jpeg?resize=768%2C512 768w, https:\/\/i0.wp.com\/blogdalucianaoliveira.com.br\/blog\/wp-content\/uploads\/2020\/10\/image-15.jpeg?resize=1536%2C1024 1536w, https:\/\/i0.wp.com\/blogdalucianaoliveira.com.br\/blog\/wp-content\/uploads\/2020\/10\/image-15.jpeg?resize=450%2C300 450w, https:\/\/i0.wp.com\/blogdalucianaoliveira.com.br\/blog\/wp-content\/uploads\/2020\/10\/image-15.jpeg?w=1200 1200w, https:\/\/i0.wp.com\/blogdalucianaoliveira.com.br\/blog\/wp-content\/uploads\/2020\/10\/image-15.jpeg?w=1800 1800w\" sizes=\"auto, (max-width: 600px) 100vw, 600px\" \/><figcaption>Amaz\u00f4nia Real realizou um sobrevoo na regi\u00e3o sudoeste do Par\u00e1  em 17\/09\/2020, quinta-feira e detectou focos de fogo, desmatamento e garimpo em unidades de conserva\u00e7\u00e3o. Nesta foto, fogo na Floresta Nacional do Jamanxim, munic\u00edpio de Novo Progresso. (Foto Marizilda Cruppe\/Amaz\u00f4nia Real\/Amazon Watch\/17\/09\/2020)<\/figcaption><\/figure>\n\n\n\n<p>Amaz\u00f4nia Real &#8211; O desmatamento na Amaz\u00f4nia brasileira \u00e9 importante para a vida em todo o mundo, tanto humana quanto n\u00e3o humana. Os impactos do desmatamento incluem a perda de servi\u00e7os ambientais que, embora essas perdas afetem o mundo inteiro, afetam mais o Brasil (e.g., [1, 2]).\u00a0<\/p>\n\n\n\n<!--more-->\n\n\n\n<p>Os servi\u00e7os ambientais da floresta amaz\u00f4nica incluem seus pap\u00e9is no armazenamento de carbono, evitando o aquecimento global (e.g., [3-5]), na reciclagem de \u00e1gua, que \u00e9 importante para a chuva n\u00e3o apenas na Amaz\u00f4nia mas tamb\u00e9m em regi\u00f5es n\u00e3o amaz\u00f4nicas, como S\u00e3o Paulo (e.g., [6]), e na manuten\u00e7\u00e3o da biodiversidade (e.g., [7]).&nbsp;<\/p>\n\n\n\n<p>Al\u00e9m disso, as florestas amaz\u00f4nicas fornecem uma grande variedade de produtos materiais, como madeira, borracha e castanha do Par\u00e1. Essas fun\u00e7\u00f5es de abastecimento atualmente sustentam as popula\u00e7\u00f5es locais e tamb\u00e9m s\u00e3o perdidas como oportunidades de uso sustent\u00e1vel quando as \u00e1reas s\u00e3o desmatadas.<\/p>\n\n\n\n<p>A vasta extens\u00e3o da Amaz\u00f4nia brasileira (Figura 1) confere especial import\u00e2ncia aos processos de desmatamento nesta regi\u00e3o. Em muitas outras partes do mundo que eram originalmente cobertas por florestas tropicais, o desmatamento atingiu o ponto em que apenas restos min\u00fasculos permanecem. Nessas \u00e1reas, a derrubada dos \u00faltimos hectares do que resta representa uma trag\u00e9dia para a biodiversidade.&nbsp;<\/p>\n\n\n\n<p>No caso da Amaz\u00f4nia, mesmo apesar da grande \u00e1rea de floresta remanescente, h\u00e1 um impacto significativo sobre a biodiversidade com o desmatamento, pois a distribui\u00e7\u00e3o das esp\u00e9cies n\u00e3o \u00e9 uniforme. Muitas esp\u00e9cies t\u00eam \u00e1reas de ocorr\u00eancia restritas a partes da regi\u00e3o onde a floresta j\u00e1 foi reduzida a pequenos fragmentos (e.g., [8, 9]. O desaparecimento de esp\u00e9cies end\u00eamicas de \u00e1reas fortemente desmatadas no leste e sul da Amaz\u00f4nia j\u00e1 est\u00e1 generalizado (e.g., [10]).<\/p>\n\n\n\n<figure class=\"wp-block-image\"><img data-recalc-dims=\"1\" height=\"463\" width=\"600\" decoding=\"async\" src=\"https:\/\/i0.wp.com\/amazoniareal.com.br\/wp-content\/uploads\/2020\/10\/Fig-1-Locations-1-1024x791.jpg?resize=600%2C463&#038;ssl=1\" alt=\"\" class=\"wp-image-62932\"\/><figcaption>Figura 1: A Amaz\u00f4nia Legal com os locais mencionados no texto.<\/figcaption><\/figure>\n\n\n\n<hr class=\"wp-block-separator\"\/>\n\n\n\n<p>A elimina\u00e7\u00e3o da floresta tem implica\u00e7\u00f5es diferentes para a biodiversidade e para o clima. Lutar para salvar os \u00faltimos remanescentes de floresta em \u00e1reas fortemente desmatadas \u00e9 essencial para a biodiversidade, mas do ponto de vista do clima a \u00e1rea cada vez menor de remanescentes florestais limita o impacto potencial de futuros desmatamentos.&nbsp;<\/p>\n\n\n\n<p>Embora o impacto no aquecimento global seja o mesmo quando um hectare de floresta \u00e9 desmatado em qualquer parte do mundo, presumindo que a biomassa florestal por hectare e outros par\u00e2metros relevantes sejam os mesmos, a equival\u00eancia \u00e9 restrita \u00e0 emiss\u00e3o de um ano para o outro. No caso da Amaz\u00f4nia, al\u00e9m desse impacto anual, a vasta extens\u00e3o de floresta remanescente d\u00e1 import\u00e2ncia adicional aos processos de desmatamento, pois podem resultar em emiss\u00f5es futuras muito maiores.&nbsp;<\/p>\n\n\n\n<p>Qualquer mudan\u00e7a nas pol\u00edticas p\u00fablicas no Brasil tem um impacto potencial muito maior, seja positivo ou negativo, em compara\u00e7\u00e3o com outros pa\u00edses tropicais. As v\u00e1rias maneiras pelas quais a floresta amaz\u00f4nica pode ser destru\u00edda, al\u00e9m da a\u00e7\u00e3o humana deliberada, d\u00e3o \u00e0 regi\u00e3o import\u00e2ncia adicional para o clima global.[11]<\/p>\n\n\n\n<p><em>A imagem que abre este artigo, mostra \u00e1rea de desmatamento na Floresta Nacional do Jamanxim, munic\u00edpio de Novo Progresso. (Foto Marizilda Cruppe\/Amaz\u00f4nia Real\/Amazon Watch\/17\/09\/2020)<\/em><\/p>\n","protected":false},"excerpt":{"rendered":"<p>Amaz\u00f4nia Real &#8211; O desmatamento na Amaz\u00f4nia brasileira \u00e9 importante para a vida em todo o mundo, tanto humana quanto n\u00e3o humana. Os impactos do desmatamento incluem a perda de servi\u00e7os ambientais que, embora essas perdas afetem o mundo inteiro, afetam mais o Brasil (e.g., [1, 2]).\u00a0<\/p>\n","protected":false},"author":1,"featured_media":0,"comment_status":"closed","ping_status":"open","sticky":false,"template":"","format":"standard","meta":{"_exactmetrics_skip_tracking":false,"_exactmetrics_sitenote_active":false,"_exactmetrics_sitenote_note":"","_exactmetrics_sitenote_category":0,"jetpack_post_was_ever_published":false,"_jetpack_newsletter_access":"","_jetpack_dont_email_post_to_subs":false,"_jetpack_newsletter_tier_id":0,"_jetpack_memberships_contains_paywalled_content":false,"_jetpack_memberships_contains_paid_content":false,"footnotes":"","jetpack_publicize_message":"","jetpack_publicize_feature_enabled":true,"jetpack_social_post_already_shared":true,"jetpack_social_options":{"image_generator_settings":{"template":"highway","enabled":false},"version":2}},"categories":[1],"tags":[],"class_list":["post-29888","post","type-post","status-publish","format-standard","hentry","category-notas"],"jetpack_publicize_connections":[],"jetpack_sharing_enabled":true,"jetpack_featured_media_url":"","jetpack_shortlink":"https:\/\/wp.me\/p7wKYW-7M4","jetpack-related-posts":[],"_links":{"self":[{"href":"http:\/\/blogdalucianaoliveira.com.br\/blog\/wp-json\/wp\/v2\/posts\/29888","targetHints":{"allow":["GET"]}}],"collection":[{"href":"http:\/\/blogdalucianaoliveira.com.br\/blog\/wp-json\/wp\/v2\/posts"}],"about":[{"href":"http:\/\/blogdalucianaoliveira.com.br\/blog\/wp-json\/wp\/v2\/types\/post"}],"author":[{"embeddable":true,"href":"http:\/\/blogdalucianaoliveira.com.br\/blog\/wp-json\/wp\/v2\/users\/1"}],"replies":[{"embeddable":true,"href":"http:\/\/blogdalucianaoliveira.com.br\/blog\/wp-json\/wp\/v2\/comments?post=29888"}],"version-history":[{"count":1,"href":"http:\/\/blogdalucianaoliveira.com.br\/blog\/wp-json\/wp\/v2\/posts\/29888\/revisions"}],"predecessor-version":[{"id":29890,"href":"http:\/\/blogdalucianaoliveira.com.br\/blog\/wp-json\/wp\/v2\/posts\/29888\/revisions\/29890"}],"wp:attachment":[{"href":"http:\/\/blogdalucianaoliveira.com.br\/blog\/wp-json\/wp\/v2\/media?parent=29888"}],"wp:term":[{"taxonomy":"category","embeddable":true,"href":"http:\/\/blogdalucianaoliveira.com.br\/blog\/wp-json\/wp\/v2\/categories?post=29888"},{"taxonomy":"post_tag","embeddable":true,"href":"http:\/\/blogdalucianaoliveira.com.br\/blog\/wp-json\/wp\/v2\/tags?post=29888"}],"curies":[{"name":"wp","href":"https:\/\/api.w.org\/{rel}","templated":true}]}}