{"id":2989,"date":"2016-08-10T08:32:40","date_gmt":"2016-08-10T12:32:40","guid":{"rendered":"http:\/\/blogdalucianaoliveira.com.br\/blog\/?p=2989"},"modified":"2016-08-10T08:32:40","modified_gmt":"2016-08-10T12:32:40","slug":"uma-coisa-e-um-pais-outra-uma-cicatriz","status":"publish","type":"post","link":"http:\/\/blogdalucianaoliveira.com.br\/blog\/2016\/08\/10\/uma-coisa-e-um-pais-outra-uma-cicatriz\/","title":{"rendered":"Uma coisa \u00e9 um pa\u00eds, outra uma cicatriz"},"content":{"rendered":"<p><img data-recalc-dims=\"1\" loading=\"lazy\" decoding=\"async\" data-attachment-id=\"2990\" data-permalink=\"http:\/\/blogdalucianaoliveira.com.br\/blog\/2016\/08\/10\/uma-coisa-e-um-pais-outra-uma-cicatriz\/image-692\/\" data-orig-file=\"https:\/\/i0.wp.com\/blogdalucianaoliveira.com.br\/blog\/wp-content\/uploads\/2016\/08\/image-59.jpeg?fit=354%2C262\" data-orig-size=\"354,262\" data-comments-opened=\"0\" data-image-meta=\"{&quot;aperture&quot;:&quot;0&quot;,&quot;credit&quot;:&quot;&quot;,&quot;camera&quot;:&quot;&quot;,&quot;caption&quot;:&quot;&quot;,&quot;created_timestamp&quot;:&quot;0&quot;,&quot;copyright&quot;:&quot;&quot;,&quot;focal_length&quot;:&quot;0&quot;,&quot;iso&quot;:&quot;0&quot;,&quot;shutter_speed&quot;:&quot;0&quot;,&quot;title&quot;:&quot;&quot;,&quot;orientation&quot;:&quot;0&quot;}\" data-image-title=\"image\" data-image-description=\"\" data-image-caption=\"\" data-medium-file=\"https:\/\/i0.wp.com\/blogdalucianaoliveira.com.br\/blog\/wp-content\/uploads\/2016\/08\/image-59.jpeg?fit=300%2C222\" data-large-file=\"https:\/\/i0.wp.com\/blogdalucianaoliveira.com.br\/blog\/wp-content\/uploads\/2016\/08\/image-59.jpeg?fit=354%2C262\" src=\"https:\/\/i0.wp.com\/blogdalucianaoliveira.com.br\/blog\/wp-content\/uploads\/2016\/08\/image-59.jpeg?resize=354%2C262\" alt=\"image\" width=\"354\" height=\"262\" class=\"alignnone size-full wp-image-2990\" srcset=\"https:\/\/i0.wp.com\/blogdalucianaoliveira.com.br\/blog\/wp-content\/uploads\/2016\/08\/image-59.jpeg?w=354 354w, https:\/\/i0.wp.com\/blogdalucianaoliveira.com.br\/blog\/wp-content\/uploads\/2016\/08\/image-59.jpeg?resize=300%2C222 300w\" sizes=\"auto, (max-width: 354px) 100vw, 354px\" \/><\/p>\n<p>Tudo est\u00e1 como est\u00e1, n\u00e3o s\u00f3 por a\u00e7\u00e3o conjunta de um Congresso Nacional emporcalhado, uma imprensa fajuta e um judici\u00e1rio omisso. <\/p>\n<p>Est\u00e1, porque o povo permitiu e se permitiu, merece o &#8216;novo&#8217; estado de coisas.<!--more--><\/p>\n<p>Celebremos o poder paralelo que sustenta um Estado de crime organizado em todos os poderes, n\u00e3o com armas, mas com decretos e leis e medidas provis\u00f3rias e emendas constitucionais. <\/p>\n<p>Quem primeiro provar\u00e1 do bolo da festa \u00e9 o povo, que aplaude a domina\u00e7\u00e3o por for\u00e7a da fuleiragem na pol\u00edtica. <\/p>\n<p>Temos que ver o povo, como descreveu o escritor Affonso Romano de Sant&#8217;Anna na d\u00e9cada de 70: <\/p>\n<p>Povo<br \/>\ntamb\u00e9m s\u00e3o os fals\u00e1rios<br \/>\ne n\u00e3o apenas os oper\u00e1rios,<\/p>\n<p>povo<br \/>\ntamb\u00e9m s\u00e3o os sifil\u00edticos<br \/>\nn\u00e3o s\u00f3 atletas e pol\u00edticos,<\/p>\n<p>povo<br \/>\ns\u00e3o as bichas, putas e artistas<br \/>\ne n\u00e3o s\u00f3 os escoteiros<br \/>\ne her\u00f3is de falsas lutas,<br \/>\ns\u00e3o as costureiras e dondocas<br \/>\ne os carcereiros<br \/>\ne os que est\u00e3o nos eitos e docas.<\/p>\n<p>Assim como uma religi\u00e3o n\u00e3o se faz s\u00f3 de missas<br \/>\nna matriz,<br \/>\nmas de m\u00e1rtires e esmolas, muito sangue e cicatriz,<br \/>\na escravid\u00e3o<br \/>\npara resgatar os ferros de seus ombros<br \/>\nrequer<br \/>\npoetas negros que refa\u00e7am seus palmares e<br \/>\nquilombos.<\/p>\n<p>Um pa\u00eds n\u00e3o pode ser s\u00f3 a soma<br \/>\nde censuras redondas e quil\u00f4metros<br \/>\nquadrados de aventura, e o povo<br \/>\nn\u00e3o \u00e9 nada novo<br \/>\n&#8211; \u00e9 um ovo<br \/>\nque ora gera e degenera<br \/>\nque pode ser coisa viva<br \/>\n&#8211; ou ave torta, depende de quem o p\u00f5e<br \/>\n&#8211; ou quem o gala.<\/p>\n","protected":false},"excerpt":{"rendered":"<p>Tudo est\u00e1 como est\u00e1, n\u00e3o s\u00f3 por a\u00e7\u00e3o conjunta de um Congresso Nacional emporcalhado, uma imprensa fajuta e um judici\u00e1rio omisso. Est\u00e1, porque o povo permitiu e se permitiu, merece o &#8216;novo&#8217; estado de coisas.<\/p>\n","protected":false},"author":1,"featured_media":0,"comment_status":"closed","ping_status":"open","sticky":false,"template":"","format":"standard","meta":{"_exactmetrics_skip_tracking":false,"_exactmetrics_sitenote_active":false,"_exactmetrics_sitenote_note":"","_exactmetrics_sitenote_category":0,"jetpack_post_was_ever_published":false,"_jetpack_newsletter_access":"","_jetpack_dont_email_post_to_subs":false,"_jetpack_newsletter_tier_id":0,"_jetpack_memberships_contains_paywalled_content":false,"_jetpack_memberships_contains_paid_content":false,"footnotes":"","jetpack_publicize_message":"","jetpack_publicize_feature_enabled":true,"jetpack_social_post_already_shared":true,"jetpack_social_options":{"image_generator_settings":{"template":"highway","enabled":false},"version":2}},"categories":[1],"tags":[39,14,181],"class_list":["post-2989","post","type-post","status-publish","format-standard","hentry","category-notas","tag-golpe","tag-impeachment","tag-senado"],"jetpack_publicize_connections":[],"jetpack_sharing_enabled":true,"jetpack_featured_media_url":"","jetpack_shortlink":"https:\/\/wp.me\/p7wKYW-Md","jetpack-related-posts":[],"_links":{"self":[{"href":"http:\/\/blogdalucianaoliveira.com.br\/blog\/wp-json\/wp\/v2\/posts\/2989","targetHints":{"allow":["GET"]}}],"collection":[{"href":"http:\/\/blogdalucianaoliveira.com.br\/blog\/wp-json\/wp\/v2\/posts"}],"about":[{"href":"http:\/\/blogdalucianaoliveira.com.br\/blog\/wp-json\/wp\/v2\/types\/post"}],"author":[{"embeddable":true,"href":"http:\/\/blogdalucianaoliveira.com.br\/blog\/wp-json\/wp\/v2\/users\/1"}],"replies":[{"embeddable":true,"href":"http:\/\/blogdalucianaoliveira.com.br\/blog\/wp-json\/wp\/v2\/comments?post=2989"}],"version-history":[{"count":1,"href":"http:\/\/blogdalucianaoliveira.com.br\/blog\/wp-json\/wp\/v2\/posts\/2989\/revisions"}],"predecessor-version":[{"id":2991,"href":"http:\/\/blogdalucianaoliveira.com.br\/blog\/wp-json\/wp\/v2\/posts\/2989\/revisions\/2991"}],"wp:attachment":[{"href":"http:\/\/blogdalucianaoliveira.com.br\/blog\/wp-json\/wp\/v2\/media?parent=2989"}],"wp:term":[{"taxonomy":"category","embeddable":true,"href":"http:\/\/blogdalucianaoliveira.com.br\/blog\/wp-json\/wp\/v2\/categories?post=2989"},{"taxonomy":"post_tag","embeddable":true,"href":"http:\/\/blogdalucianaoliveira.com.br\/blog\/wp-json\/wp\/v2\/tags?post=2989"}],"curies":[{"name":"wp","href":"https:\/\/api.w.org\/{rel}","templated":true}]}}