{"id":29891,"date":"2020-10-19T21:45:26","date_gmt":"2020-10-20T01:45:26","guid":{"rendered":"http:\/\/blogdalucianaoliveira.com.br\/blog\/?p=29891"},"modified":"2020-10-19T21:45:34","modified_gmt":"2020-10-20T01:45:34","slug":"lideres-latino-americanos-celebram-vitoria-de-arce-na-bolivia","status":"publish","type":"post","link":"http:\/\/blogdalucianaoliveira.com.br\/blog\/2020\/10\/19\/lideres-latino-americanos-celebram-vitoria-de-arce-na-bolivia\/","title":{"rendered":"L\u00edderes latino-americanos celebram vit\u00f3ria de Arce na Bol\u00edvia"},"content":{"rendered":"\n<figure class=\"wp-block-image size-large\"><img data-recalc-dims=\"1\" loading=\"lazy\" decoding=\"async\" width=\"600\" height=\"417\" data-attachment-id=\"29892\" data-permalink=\"http:\/\/blogdalucianaoliveira.com.br\/blog\/2020\/10\/19\/lideres-latino-americanos-celebram-vitoria-de-arce-na-bolivia\/image-16-12\/\" data-orig-file=\"https:\/\/i0.wp.com\/blogdalucianaoliveira.com.br\/blog\/wp-content\/uploads\/2020\/10\/image-16.jpeg?fit=768%2C534\" data-orig-size=\"768,534\" data-comments-opened=\"0\" data-image-meta=\"{&quot;aperture&quot;:&quot;0&quot;,&quot;credit&quot;:&quot;&quot;,&quot;camera&quot;:&quot;&quot;,&quot;caption&quot;:&quot;&quot;,&quot;created_timestamp&quot;:&quot;0&quot;,&quot;copyright&quot;:&quot;&quot;,&quot;focal_length&quot;:&quot;0&quot;,&quot;iso&quot;:&quot;0&quot;,&quot;shutter_speed&quot;:&quot;0&quot;,&quot;title&quot;:&quot;&quot;,&quot;orientation&quot;:&quot;0&quot;}\" data-image-title=\"image-16\" data-image-description=\"\" data-image-caption=\"\" data-medium-file=\"https:\/\/i0.wp.com\/blogdalucianaoliveira.com.br\/blog\/wp-content\/uploads\/2020\/10\/image-16.jpeg?fit=300%2C209\" data-large-file=\"https:\/\/i0.wp.com\/blogdalucianaoliveira.com.br\/blog\/wp-content\/uploads\/2020\/10\/image-16.jpeg?fit=600%2C417\" src=\"https:\/\/i0.wp.com\/blogdalucianaoliveira.com.br\/blog\/wp-content\/uploads\/2020\/10\/image-16.jpeg?resize=600%2C417\" alt=\"\" class=\"wp-image-29892\" srcset=\"https:\/\/i0.wp.com\/blogdalucianaoliveira.com.br\/blog\/wp-content\/uploads\/2020\/10\/image-16.jpeg?w=768 768w, https:\/\/i0.wp.com\/blogdalucianaoliveira.com.br\/blog\/wp-content\/uploads\/2020\/10\/image-16.jpeg?resize=300%2C209 300w, https:\/\/i0.wp.com\/blogdalucianaoliveira.com.br\/blog\/wp-content\/uploads\/2020\/10\/image-16.jpeg?resize=431%2C300 431w\" sizes=\"auto, (max-width: 600px) 100vw, 600px\" \/><\/figure>\n\n\n\n<p>Na AFP &#8211; Governos latino-americanos e representantes de organiza\u00e7\u00f5es internacionais parabenizaram nesta segunda-feira (19) Luis Arce pela vit\u00f3ria obtida segundo pesquisas privadas na elei\u00e7\u00e3o presidencial realizada domingo na Bol\u00edvia. Ele \u00e9 o candidato do Movimento ao Socialismo (MAS), partido comandado pelo ex-presidente Evo Morales.<\/p>\n\n\n\n<!--more-->\n\n\n\n<p>Enquanto a contagem oficial avan\u00e7a lentamente, as sauda\u00e7\u00f5es a Arce se multiplicam. At\u00e9 o ex-presidente Carlos Mesa, candidato centrista que estava forte na disputa, reconheceu sua derrota no primeiro turno.<\/p>\n\n\n\n<p>Os Estados Unidos parabenizaram Arce e ressaltaram que o presidente Donald Trump e seu governo &#8220;esperam trabalhar com o governo boliviano eleito&#8221;.<\/p>\n\n\n\n<p>\u201cSe est\u00e1 disposto a trabalhar conosco nas \u00e1reas nas quais compartilhamos interesses e valores, \u00e9 o que queremos\u201d, acrescentou o chefe da diplomacia para a Am\u00e9rica Latina, Michael Kozak. A Bol\u00edvia e os EUA n\u00e3o t\u00eam embaixadores desde 2008.<\/p>\n\n\n\n<p>L\u00edderes de esquerda e apoiadores do ex-presidente Morales foram os primeiros a comemorar. Entre elas, as autoridades da Argentina, onde o pol\u00edtico est\u00e1 refugiado desde o ano passado quando renunciou em meio a den\u00fancias de fraude eleitoral.<\/p>\n\n\n\n<p>O presidente Alberto Fern\u00e1ndez publicou uma mensagem nas redes sociais: \u201cA vit\u00f3ria de @BOmereceMAS na Bol\u00edvia n\u00e3o \u00e9 apenas uma boa not\u00edcia para aqueles de n\u00f3s que defendemos a democracia na Am\u00e9rica Latina, \u00e9 tamb\u00e9m um ato de justi\u00e7a diante das agress\u00f5es sofridas pelo povo boliviano. Parab\u00e9ns, @LuchoXBolivia!&#8221;, escreveu o presidente, que depois postou uma foto com Morales.<\/p>\n\n\n\n<p>A vice-presidente argentina Cristina Kirchner tamb\u00e9m se manifestou no Twitter: \u201cParab\u00e9ns a Lucho Arce e David Choquehuanca que, junto com Evo, constru\u00edram uma grande vit\u00f3ria popular na Bol\u00edvia\u201d.<\/p>\n\n\n\n<p>Antes mesmo de assumir o cargo, Fern\u00e1ndez facilitou no ano passado a sa\u00edda de Morales da Bol\u00edvia para o M\u00e9xico, onde pediu asilo inicialmente, antes do novo presidente oferecer ao boliviano ref\u00fagio ap\u00f3s sua posse em dezembro de 2019.<\/p>\n\n\n\n<p>O governo mexicano tamb\u00e9m saudou a vit\u00f3ria. \u201cOs mais sinceros parab\u00e9ns do M\u00e9xico ao povo boliviano pela extraordin\u00e1ria jornada democr\u00e1tica em que foi eleito Luis Alberto Arce, querido companheiro e amigo de nosso pa\u00eds\u201d, disse no Twitter o chanceler Marcelo Ebrard.<\/p>\n\n\n\n<p>As rela\u00e7\u00f5es entre os dois pa\u00edses se deterioraram depois que Jeanine \u00c1\u00f1ez, que formou um governo de transi\u00e7\u00e3o de direita, assumiu o poder na Bol\u00edvia.<\/p>\n\n\n\n<figure class=\"wp-block-image\"><img data-recalc-dims=\"1\" decoding=\"async\" src=\"https:\/\/i0.wp.com\/www.afp.com\/sites\/default\/files\/nfs\/diff-intra\/portugues\/jornal\/america-latina\/744cef31b71df2281ecf6b0b645eab86b36ff725.jpg?w=600&#038;ssl=1\" alt=\"\"\/><\/figure>\n\n\n\n<p>Venezuelan Presidency\/AFP \/ JHONN ZERPA<em><strong>O presidente da Venezuela, Nicol\u00e1s Maduro, em 10 de outubro de 2020, no pal\u00e1cio presidencial de Miraflores, em Caracas<\/strong><br><\/em><\/p>\n\n\n\n<p>Outro governo a comemorar foi o do presidente venezuelano Nicol\u00e1s Maduro. Ele \u201cparabeniza o povo irm\u00e3o boliviano pelo amplo e \u00edntegro triunfo do Movimento para o Socialismo (MAS)\u201d e Arce \u201cpela contundente vit\u00f3ria nas elei\u00e7\u00f5es presidenciais\u201d, afirma nota do Minist\u00e9rio de Rela\u00e7\u00f5es Exteriores.<\/p>\n\n\n\n<p>Maduro ainda celebrou no Twitter: \u201cGrande vit\u00f3ria! O povo boliviano unido e consciente derrotou com votos o golpe de Estado contra nosso irm\u00e3o Evo\u201d.<\/p>\n\n\n\n<p>O presidente cubano, Miguel D\u00edaz-Canel, foi na mesma linha, ao afirmar na rede social que o MAS \u201crecuperou nas urnas o poder que foi usurpado pela oligarquia, com a cumplicidade do #OEA e orienta\u00e7\u00e3o imperial&#8221;.<\/p>\n\n\n\n<p>Por sua vez, o governo do nicaraguense Daniel Ortega divulgou uma carta em que diz compartilhar &#8220;a alegria do povo boliviano, que hoje viu seus sonhos, seus anseios pela paz, democracia, dignidade, liberdade e fraternidade vencerem&#8221;. Ele cumprimenta o &#8220;querido companheiro&#8221; Evo Morales e os integrantes da chapa vencedora.<\/p>\n\n\n\n<p>Governos de outras vertentes ideol\u00f3gicas tamb\u00e9m deixaram seus cumprimentos.<\/p>\n\n\n\n<p>Mart\u00edn Vizcarra, presidente do Peru, enviou seus votos de &#8220;sucesso&#8221; a Arce e expressou a vontade de &#8220;continuar fortalecendo&#8221; as rela\u00e7\u00f5es.<\/p>\n\n\n\n<p>Em um tweet, o presidente chileno, Sebasti\u00e1n Pi\u00f1era, parabenizou Arce e disse estar certo de que os dois governos trabalhar\u00e3o para &#8220;avan\u00e7ar para uma nova etapa em nossa rela\u00e7\u00e3o bilateral e fortalecer a integra\u00e7\u00e3o regional&#8221;.<\/p>\n\n\n\n<p>J\u00e1 o Uruguai apontou as elei\u00e7\u00f5es &#8220;como uma prova da solidez do processo pol\u00edtico boliviano&#8221; e expressou confian\u00e7a de &#8220;que sua resolu\u00e7\u00e3o positiva por parte do povo boliviano consolida o caminho para a normaliza\u00e7\u00e3o institucional do pa\u00eds&#8221;, disse o Minist\u00e9rio das Rela\u00e7\u00f5es Exteriores em nota.<\/p>\n\n\n\n<p>&#8211; &#8220;Elei\u00e7\u00f5es pac\u00edficas&#8221; &#8211;<\/p>\n\n\n\n<figure class=\"wp-block-image\"><img data-recalc-dims=\"1\" decoding=\"async\" src=\"https:\/\/i0.wp.com\/www.afp.com\/sites\/default\/files\/nfs\/diff-intra\/portugues\/jornal\/america-latina\/919afd65aac5023fc7a04aa2c9e6343d3fd4c4e6.jpg?w=600&#038;ssl=1\" alt=\"\"\/><\/figure>\n\n\n\n<p>AFP \/ Nicolas RAMALLO<em><strong>Rea\u00e7\u00f5es ap\u00f3s a vit\u00f3ria de Luis Arce na Bol\u00edvia<\/strong><\/em><\/p>\n\n\n\n<p>Em 2019, uma auditoria da OEA encontrou uma &#8220;manipula\u00e7\u00e3o maliciosa&#8221; nas elei\u00e7\u00f5es presidenciais a favor do ent\u00e3o presidente Morales que levou \u00e0 sua anula\u00e7\u00e3o.&nbsp;<\/p>\n\n\n\n<p>Nesta segunda-feira, ap\u00f3s uma vota\u00e7\u00e3o sem den\u00fancias, Luis Almagro, secret\u00e1rio-geral da organiza\u00e7\u00e3o, enviou seus cumprimentos ao MAS. \u201cO povo boliviano se manifestou nas urnas. Parabenizamos Luis Arce e David Choquehuanca, desejando sucesso em seus empreendimentos futuros\u201d, escreveu no Twitter. &#8220;Reconhecimento ao povo boliviano&#8221;, adicionou.<\/p>\n\n\n\n<p>J\u00e1 o secret\u00e1rio-geral da ONU, Ant\u00f3nio Guterres, ofereceu seus parab\u00e9ns em comunicado divulgado pelo seu porta-voz, que destacou &#8220;a realiza\u00e7\u00e3o de elei\u00e7\u00f5es gerais pac\u00edficas e altamente participativas&#8221;.<\/p>\n\n\n\n<p>Ele tamb\u00e9m encorajou &#8220;todos os l\u00edderes pol\u00edticos e sociais a trabalharem juntos com o mesmo compromisso com a democracia, o respeito pelos direitos humanos e a reconcilia\u00e7\u00e3o nacional para enfrentar os desafios atuais&#8221; no pa\u00eds.<\/p>\n","protected":false},"excerpt":{"rendered":"<p>Na AFP &#8211; Governos latino-americanos e representantes de organiza\u00e7\u00f5es internacionais parabenizaram nesta segunda-feira (19) Luis Arce pela vit\u00f3ria obtida segundo pesquisas privadas na elei\u00e7\u00e3o presidencial realizada domingo na Bol\u00edvia. Ele \u00e9 o candidato do Movimento ao Socialismo (MAS), partido comandado pelo ex-presidente Evo Morales.<\/p>\n","protected":false},"author":1,"featured_media":0,"comment_status":"closed","ping_status":"open","sticky":false,"template":"","format":"standard","meta":{"_exactmetrics_skip_tracking":false,"_exactmetrics_sitenote_active":false,"_exactmetrics_sitenote_note":"","_exactmetrics_sitenote_category":0,"jetpack_post_was_ever_published":false,"_jetpack_newsletter_access":"","_jetpack_dont_email_post_to_subs":false,"_jetpack_newsletter_tier_id":0,"_jetpack_memberships_contains_paywalled_content":false,"_jetpack_memberships_contains_paid_content":false,"footnotes":"","jetpack_publicize_message":"","jetpack_publicize_feature_enabled":true,"jetpack_social_post_already_shared":true,"jetpack_social_options":{"image_generator_settings":{"template":"highway","enabled":false},"version":2}},"categories":[1],"tags":[],"class_list":["post-29891","post","type-post","status-publish","format-standard","hentry","category-notas"],"jetpack_publicize_connections":[],"jetpack_sharing_enabled":true,"jetpack_featured_media_url":"","jetpack_shortlink":"https:\/\/wp.me\/p7wKYW-7M7","jetpack-related-posts":[],"_links":{"self":[{"href":"http:\/\/blogdalucianaoliveira.com.br\/blog\/wp-json\/wp\/v2\/posts\/29891","targetHints":{"allow":["GET"]}}],"collection":[{"href":"http:\/\/blogdalucianaoliveira.com.br\/blog\/wp-json\/wp\/v2\/posts"}],"about":[{"href":"http:\/\/blogdalucianaoliveira.com.br\/blog\/wp-json\/wp\/v2\/types\/post"}],"author":[{"embeddable":true,"href":"http:\/\/blogdalucianaoliveira.com.br\/blog\/wp-json\/wp\/v2\/users\/1"}],"replies":[{"embeddable":true,"href":"http:\/\/blogdalucianaoliveira.com.br\/blog\/wp-json\/wp\/v2\/comments?post=29891"}],"version-history":[{"count":1,"href":"http:\/\/blogdalucianaoliveira.com.br\/blog\/wp-json\/wp\/v2\/posts\/29891\/revisions"}],"predecessor-version":[{"id":29893,"href":"http:\/\/blogdalucianaoliveira.com.br\/blog\/wp-json\/wp\/v2\/posts\/29891\/revisions\/29893"}],"wp:attachment":[{"href":"http:\/\/blogdalucianaoliveira.com.br\/blog\/wp-json\/wp\/v2\/media?parent=29891"}],"wp:term":[{"taxonomy":"category","embeddable":true,"href":"http:\/\/blogdalucianaoliveira.com.br\/blog\/wp-json\/wp\/v2\/categories?post=29891"},{"taxonomy":"post_tag","embeddable":true,"href":"http:\/\/blogdalucianaoliveira.com.br\/blog\/wp-json\/wp\/v2\/tags?post=29891"}],"curies":[{"name":"wp","href":"https:\/\/api.w.org\/{rel}","templated":true}]}}