{"id":29894,"date":"2020-10-20T19:32:51","date_gmt":"2020-10-20T23:32:51","guid":{"rendered":"http:\/\/blogdalucianaoliveira.com.br\/blog\/?p=29894"},"modified":"2020-10-20T19:32:59","modified_gmt":"2020-10-20T23:32:59","slug":"jose-mujica-deixa-cargo-de-senador-e-se-retira-da-linha-de-frente-da-politica-no-uruguai","status":"publish","type":"post","link":"http:\/\/blogdalucianaoliveira.com.br\/blog\/2020\/10\/20\/jose-mujica-deixa-cargo-de-senador-e-se-retira-da-linha-de-frente-da-politica-no-uruguai\/","title":{"rendered":"Jos\u00e9 Mujica deixa cargo de senador e se retira da &#8216;linha de frente&#8217; da pol\u00edtica no Uruguai"},"content":{"rendered":"\n<figure class=\"wp-block-image size-large\"><img data-recalc-dims=\"1\" loading=\"lazy\" decoding=\"async\" width=\"600\" height=\"421\" data-attachment-id=\"29895\" data-permalink=\"http:\/\/blogdalucianaoliveira.com.br\/blog\/2020\/10\/20\/jose-mujica-deixa-cargo-de-senador-e-se-retira-da-linha-de-frente-da-politica-no-uruguai\/image-17-12\/\" data-orig-file=\"https:\/\/i0.wp.com\/blogdalucianaoliveira.com.br\/blog\/wp-content\/uploads\/2020\/10\/image-17.jpeg?fit=984%2C690\" data-orig-size=\"984,690\" data-comments-opened=\"0\" data-image-meta=\"{&quot;aperture&quot;:&quot;0&quot;,&quot;credit&quot;:&quot;&quot;,&quot;camera&quot;:&quot;&quot;,&quot;caption&quot;:&quot;&quot;,&quot;created_timestamp&quot;:&quot;0&quot;,&quot;copyright&quot;:&quot;&quot;,&quot;focal_length&quot;:&quot;0&quot;,&quot;iso&quot;:&quot;0&quot;,&quot;shutter_speed&quot;:&quot;0&quot;,&quot;title&quot;:&quot;&quot;,&quot;orientation&quot;:&quot;0&quot;}\" data-image-title=\"image-17\" data-image-description=\"\" data-image-caption=\"\" data-medium-file=\"https:\/\/i0.wp.com\/blogdalucianaoliveira.com.br\/blog\/wp-content\/uploads\/2020\/10\/image-17.jpeg?fit=300%2C210\" data-large-file=\"https:\/\/i0.wp.com\/blogdalucianaoliveira.com.br\/blog\/wp-content\/uploads\/2020\/10\/image-17.jpeg?fit=600%2C421\" src=\"https:\/\/i0.wp.com\/blogdalucianaoliveira.com.br\/blog\/wp-content\/uploads\/2020\/10\/image-17.jpeg?resize=600%2C421\" alt=\"\" class=\"wp-image-29895\" srcset=\"https:\/\/i0.wp.com\/blogdalucianaoliveira.com.br\/blog\/wp-content\/uploads\/2020\/10\/image-17.jpeg?w=984 984w, https:\/\/i0.wp.com\/blogdalucianaoliveira.com.br\/blog\/wp-content\/uploads\/2020\/10\/image-17.jpeg?resize=300%2C210 300w, https:\/\/i0.wp.com\/blogdalucianaoliveira.com.br\/blog\/wp-content\/uploads\/2020\/10\/image-17.jpeg?resize=768%2C539 768w, https:\/\/i0.wp.com\/blogdalucianaoliveira.com.br\/blog\/wp-content\/uploads\/2020\/10\/image-17.jpeg?resize=428%2C300 428w\" sizes=\"auto, (max-width: 600px) 100vw, 600px\" \/><\/figure>\n\n\n\n<p><\/p>\n\n\n\n<h4 class=\"wp-block-heading\">Ele j\u00e1 havia deixado o posto de senador em 2018, antes de ser eleito novamente. Outro ex-presidente, Julio Mar\u00eda Sanguinetti, tamb\u00e9m renunciou \u00e0 cadeira no parlamento.<\/h4>\n\n\n\n<!--more-->\n\n\n\n<p>Por G1<\/p>\n\n\n\n<p>O ex-presidente do&nbsp;<a href=\"https:\/\/g1.globo.com\/tudo-sobre\/uruguai\/\">Uruguai<\/a>,&nbsp;<a href=\"https:\/\/g1.globo.com\/tudo-sobre\/jose-mujica\/\">Jos\u00e9 Mujica<\/a>, de 85 anos, renunciou ao seu mandato de senador pelo pa\u00eds nesta ter\u00e7a-feira (20). Ele disse que a pandemia de&nbsp;<a href=\"https:\/\/g1.globo.com\/bemestar\/coronavirus\/\">coronav\u00edrus<\/a>&nbsp;fez com que ele antecipasse a decis\u00e3o de por fim \u00e0 sua atua\u00e7\u00e3o num cargo que exige contato constante e direto com a popula\u00e7\u00e3o.&nbsp;<\/p>\n\n\n\n<p>&#8220;Esta situa\u00e7\u00e3o me obriga, com muito pesar, por minha profunda voca\u00e7\u00e3o pol\u00edtica, a solicitar que se tramite minha ren\u00fancia \u00e0 cadeira que os cidad\u00e3os me concederam&#8221;, escreveu Mujica, em uma carta lida em sess\u00e3o extraordin\u00e1ria do Senado.<\/p>\n\n\n\n<p>&#8220;Isso n\u00e3o significa o abandono da pol\u00edtica, mas sim o abandono da linha de frente por entender que um bom dirigente \u00e9 aquele que deixa pessoas que o superam com vantagem. Vou agradecido, com muitas recorda\u00e7\u00f5es e profunda nostalgia. A pandemia me derrubou&#8221;, disse.<\/p>\n\n\n\n<p>Mujica tem uma doen\u00e7a autoimune chamada S\u00edndrome de Strauss, que, junto com a idade avan\u00e7ada, o coloca no grupo de risco para a Covid-19. Em entrevista ao jornal \u201cEl Pais\u201d do Uruguai, ele disse que gosta da pol\u00edtica, mas gosta mais de poder viver o m\u00e1ximo que puder.&nbsp;<\/p>\n\n\n\n<p>Julio Mar\u00eda Sanguinetti, que foi presidente por dois mandatos, tamb\u00e9m deixou sua cadeira no parlamento uruguaio. Sanguinetti, de 84 anos, lembrou em sua carta que a ren\u00fancia estava prevista desde antes das elei\u00e7\u00f5es nacionais realizadas em 2019.&nbsp;<\/p>\n\n\n\n<blockquote class=\"wp-block-quote is-layout-flow wp-block-quote-is-layout-flow\"><p>&#8220;O que me motiva \u00e9 principalmente a necessidade de atender a secretaria-geral do Partido Colorado, minhas atividades jornal\u00edsticas e correspondentes editoriais&#8221;, escreveu Julio Mar\u00eda Sanguinetti.<\/p><\/blockquote>\n\n\n\n<figure class=\"wp-block-image size-large\"><img loading=\"lazy\" decoding=\"async\" width=\"984\" height=\"1425\" data-attachment-id=\"29896\" data-permalink=\"http:\/\/blogdalucianaoliveira.com.br\/blog\/2020\/10\/20\/jose-mujica-deixa-cargo-de-senador-e-se-retira-da-linha-de-frente-da-politica-no-uruguai\/image-18-12\/\" data-orig-file=\"https:\/\/i0.wp.com\/blogdalucianaoliveira.com.br\/blog\/wp-content\/uploads\/2020\/10\/image-18.jpeg?fit=984%2C1425\" data-orig-size=\"984,1425\" data-comments-opened=\"0\" data-image-meta=\"{&quot;aperture&quot;:&quot;0&quot;,&quot;credit&quot;:&quot;&quot;,&quot;camera&quot;:&quot;&quot;,&quot;caption&quot;:&quot;&quot;,&quot;created_timestamp&quot;:&quot;0&quot;,&quot;copyright&quot;:&quot;&quot;,&quot;focal_length&quot;:&quot;0&quot;,&quot;iso&quot;:&quot;0&quot;,&quot;shutter_speed&quot;:&quot;0&quot;,&quot;title&quot;:&quot;&quot;,&quot;orientation&quot;:&quot;0&quot;}\" data-image-title=\"image-18\" data-image-description=\"\" data-image-caption=\"\" data-medium-file=\"https:\/\/i0.wp.com\/blogdalucianaoliveira.com.br\/blog\/wp-content\/uploads\/2020\/10\/image-18.jpeg?fit=207%2C300\" data-large-file=\"https:\/\/i0.wp.com\/blogdalucianaoliveira.com.br\/blog\/wp-content\/uploads\/2020\/10\/image-18.jpeg?fit=600%2C869\" src=\"https:\/\/i0.wp.com\/blogdalucianaoliveira.com.br\/blog\/wp-content\/uploads\/2020\/10\/image-18.jpeg?fit=600%2C869\" alt=\"\" class=\"wp-image-29896\" srcset=\"https:\/\/i0.wp.com\/blogdalucianaoliveira.com.br\/blog\/wp-content\/uploads\/2020\/10\/image-18.jpeg?w=984 984w, https:\/\/i0.wp.com\/blogdalucianaoliveira.com.br\/blog\/wp-content\/uploads\/2020\/10\/image-18.jpeg?resize=207%2C300 207w, https:\/\/i0.wp.com\/blogdalucianaoliveira.com.br\/blog\/wp-content\/uploads\/2020\/10\/image-18.jpeg?resize=707%2C1024 707w, https:\/\/i0.wp.com\/blogdalucianaoliveira.com.br\/blog\/wp-content\/uploads\/2020\/10\/image-18.jpeg?resize=768%2C1112 768w\" sizes=\"auto, (max-width: 600px) 100vw, 600px\" \/><\/figure>\n","protected":false},"excerpt":{"rendered":"<p>Ele j\u00e1 havia deixado o posto de senador em 2018, antes de ser eleito novamente. Outro ex-presidente, Julio Mar\u00eda Sanguinetti, tamb\u00e9m renunciou \u00e0 cadeira no parlamento.<\/p>\n","protected":false},"author":1,"featured_media":0,"comment_status":"closed","ping_status":"open","sticky":false,"template":"","format":"standard","meta":{"_exactmetrics_skip_tracking":false,"_exactmetrics_sitenote_active":false,"_exactmetrics_sitenote_note":"","_exactmetrics_sitenote_category":0,"jetpack_post_was_ever_published":false,"_jetpack_newsletter_access":"","_jetpack_dont_email_post_to_subs":false,"_jetpack_newsletter_tier_id":0,"_jetpack_memberships_contains_paywalled_content":false,"_jetpack_memberships_contains_paid_content":false,"footnotes":"","jetpack_publicize_message":"","jetpack_publicize_feature_enabled":true,"jetpack_social_post_already_shared":true,"jetpack_social_options":{"image_generator_settings":{"template":"highway","enabled":false},"version":2}},"categories":[1],"tags":[],"class_list":["post-29894","post","type-post","status-publish","format-standard","hentry","category-notas"],"jetpack_publicize_connections":[],"jetpack_sharing_enabled":true,"jetpack_featured_media_url":"","jetpack_shortlink":"https:\/\/wp.me\/p7wKYW-7Ma","jetpack-related-posts":[],"_links":{"self":[{"href":"http:\/\/blogdalucianaoliveira.com.br\/blog\/wp-json\/wp\/v2\/posts\/29894","targetHints":{"allow":["GET"]}}],"collection":[{"href":"http:\/\/blogdalucianaoliveira.com.br\/blog\/wp-json\/wp\/v2\/posts"}],"about":[{"href":"http:\/\/blogdalucianaoliveira.com.br\/blog\/wp-json\/wp\/v2\/types\/post"}],"author":[{"embeddable":true,"href":"http:\/\/blogdalucianaoliveira.com.br\/blog\/wp-json\/wp\/v2\/users\/1"}],"replies":[{"embeddable":true,"href":"http:\/\/blogdalucianaoliveira.com.br\/blog\/wp-json\/wp\/v2\/comments?post=29894"}],"version-history":[{"count":1,"href":"http:\/\/blogdalucianaoliveira.com.br\/blog\/wp-json\/wp\/v2\/posts\/29894\/revisions"}],"predecessor-version":[{"id":29897,"href":"http:\/\/blogdalucianaoliveira.com.br\/blog\/wp-json\/wp\/v2\/posts\/29894\/revisions\/29897"}],"wp:attachment":[{"href":"http:\/\/blogdalucianaoliveira.com.br\/blog\/wp-json\/wp\/v2\/media?parent=29894"}],"wp:term":[{"taxonomy":"category","embeddable":true,"href":"http:\/\/blogdalucianaoliveira.com.br\/blog\/wp-json\/wp\/v2\/categories?post=29894"},{"taxonomy":"post_tag","embeddable":true,"href":"http:\/\/blogdalucianaoliveira.com.br\/blog\/wp-json\/wp\/v2\/tags?post=29894"}],"curies":[{"name":"wp","href":"https:\/\/api.w.org\/{rel}","templated":true}]}}