{"id":29902,"date":"2020-10-23T22:18:44","date_gmt":"2020-10-24T02:18:44","guid":{"rendered":"http:\/\/blogdalucianaoliveira.com.br\/blog\/?p=29902"},"modified":"2020-10-23T22:18:49","modified_gmt":"2020-10-24T02:18:49","slug":"rejeicao-a-vacina-mostra-que-a-xenofobia-contra-a-china-chegou-para-ficar","status":"publish","type":"post","link":"http:\/\/blogdalucianaoliveira.com.br\/blog\/2020\/10\/23\/rejeicao-a-vacina-mostra-que-a-xenofobia-contra-a-china-chegou-para-ficar\/","title":{"rendered":"Rejei\u00e7\u00e3o \u00e0 vacina mostra que a xenofobia contra a China chegou para ficar"},"content":{"rendered":"\n<figure class=\"wp-block-image size-large\"><img data-recalc-dims=\"1\" loading=\"lazy\" decoding=\"async\" width=\"600\" height=\"400\" data-attachment-id=\"29903\" data-permalink=\"http:\/\/blogdalucianaoliveira.com.br\/blog\/2020\/10\/23\/rejeicao-a-vacina-mostra-que-a-xenofobia-contra-a-china-chegou-para-ficar\/image-20-12\/\" data-orig-file=\"https:\/\/i0.wp.com\/blogdalucianaoliveira.com.br\/blog\/wp-content\/uploads\/2020\/10\/image-20.jpeg?fit=640%2C427\" data-orig-size=\"640,427\" data-comments-opened=\"0\" data-image-meta=\"{&quot;aperture&quot;:&quot;0&quot;,&quot;credit&quot;:&quot;&quot;,&quot;camera&quot;:&quot;&quot;,&quot;caption&quot;:&quot;&quot;,&quot;created_timestamp&quot;:&quot;0&quot;,&quot;copyright&quot;:&quot;&quot;,&quot;focal_length&quot;:&quot;0&quot;,&quot;iso&quot;:&quot;0&quot;,&quot;shutter_speed&quot;:&quot;0&quot;,&quot;title&quot;:&quot;&quot;,&quot;orientation&quot;:&quot;0&quot;}\" data-image-title=\"image-20\" data-image-description=\"\" data-image-caption=\"\" data-medium-file=\"https:\/\/i0.wp.com\/blogdalucianaoliveira.com.br\/blog\/wp-content\/uploads\/2020\/10\/image-20.jpeg?fit=300%2C200\" data-large-file=\"https:\/\/i0.wp.com\/blogdalucianaoliveira.com.br\/blog\/wp-content\/uploads\/2020\/10\/image-20.jpeg?fit=600%2C400\" src=\"https:\/\/i0.wp.com\/blogdalucianaoliveira.com.br\/blog\/wp-content\/uploads\/2020\/10\/image-20.jpeg?resize=600%2C400\" alt=\"\" class=\"wp-image-29903\" srcset=\"https:\/\/i0.wp.com\/blogdalucianaoliveira.com.br\/blog\/wp-content\/uploads\/2020\/10\/image-20.jpeg?w=640 640w, https:\/\/i0.wp.com\/blogdalucianaoliveira.com.br\/blog\/wp-content\/uploads\/2020\/10\/image-20.jpeg?resize=300%2C200 300w, https:\/\/i0.wp.com\/blogdalucianaoliveira.com.br\/blog\/wp-content\/uploads\/2020\/10\/image-20.jpeg?resize=450%2C300 450w\" sizes=\"auto, (max-width: 600px) 100vw, 600px\" \/><\/figure>\n\n\n\n<p>Bolsonaro n\u00e3o ser\u00e1 o \u00faltimo pol\u00edtico brasileiro a fomentar um sentimento anti-China entre seus seguidores.<\/p>\n\n\n\n<!--more-->\n\n\n\n<p><a href=\"https:\/\/brasil.elpais.com\/autor\/oliver-stuenkel\/\">OLIVER STUENKEL<\/a> El Pa\u00eds<\/p>\n\n\n\n<p>A\u00a0<a rel=\"noreferrer noopener\" href=\"https:\/\/brasil.elpais.com\/brasil\/2020-10-21\/bolsonaro-desautoriza-pazuello-sobre-vacina-e-entra-em-atrito-com-seu-terceiro-ministro-da-saude-seguido.html\" target=\"_blank\">oposi\u00e7\u00e3o de Jair Bolsonaro<\/a>\u00a0\u00e0 aquisi\u00e7\u00e3o da vacina desenvolvida pela\u00a0<a rel=\"noreferrer noopener\" href=\"https:\/\/brasil.elpais.com\/ciencia\/2020-09-25\/por-dentro-do-sinovac-laboratorio-chines-parceiro-do-butantan-que-esta-no-centro-da-corrida-pela-vacina.html\" target=\"_blank\">empresa chinesa Sinovac<\/a>\u00a0em parceria com o Instituto Butantan, questionando a credibilidade do imunizante \u201cpela sua origem\u201d, simboliza a transforma\u00e7\u00e3o irrevers\u00edvel da rela\u00e7\u00e3o bilateral entre o Brasil e o\u00a0<a rel=\"noreferrer noopener\" href=\"https:\/\/brasil.elpais.com\/economia\/2020-09-27\/em-meio-a-pandemia-a-economia-chinesa-e-a-vencedora-no-jogo-do-tabuleiro-economico-mundial.html\" target=\"_blank\">gigante asi\u00e1tico<\/a>.<\/p>\n\n\n\n<p>At\u00e9 recentemente, a China \u2015o maior parceiro comercial do Brasil h\u00e1 mais de uma d\u00e9cada \u2015vinha conseguindo evitar a politiza\u00e7\u00e3o de sua crescente presen\u00e7a no pa\u00eds. Apostando em um perfil discreto, os diplomatas chineses ficavam longe dos assuntos internos e eram h\u00e1beis em se manter fora do radar do debate p\u00fablico brasileiro \u2015uma estrat\u00e9gia facilitada pela constante superexposi\u00e7\u00e3o dos Estados Unidos na discuss\u00e3o local.<\/p>\n\n\n\n<p>A situa\u00e7\u00e3o mudou em 2018, quando um pol\u00edtico brasileiro com proje\u00e7\u00e3o nacional\u00a0<a rel=\"noreferrer noopener\" href=\"https:\/\/brasil.elpais.com\/brasil\/2018\/10\/28\/internacional\/1540749270_085357.html\" target=\"_blank\">farejou a oportunidade<\/a>\u00a0de pintar a ascens\u00e3o chinesa como uma amea\u00e7a a fim de mobilizar seus seguidores. Em mar\u00e7o daquele ano, o ent\u00e3o presidenci\u00e1vel Jair Bolsonaro visitou Taiwan e\u00a0<a href=\"https:\/\/twitter.com\/jairbolsonaro\/status\/970666824835784704?lang=en\">tuitou<\/a>\u00a0que suas recentes viagens internacionais deixaram \u201ccada vez mais claro o norte que queremos para o\u00a0<\/p>\n\n\n\n<p>nosso Brasil, algo bem diferente do que foram os governos anteriores, simp\u00e1ticos a regimes comunistas (&#8230;)\u201d. Acusou a China de querer \u201ccomprar o Brasil\u201d e escolheu Ernesto Ara\u00fajo como chanceler, que alertou para os perigos da \u201cChina mao\u00edsta\u201d e de seus planos de domina\u00e7\u00e3o mundial.<\/p>\n\n\n\n<p>A ideia de ati\u00e7ar o sentimento antichin\u00eas est\u00e1 longe de ser inovadora: \u00e9 um velho truque, usado antes mesmo do pa\u00eds se tornar comunista. Em 1882, por exemplo, o China Exclusion Act proibiu a imigra\u00e7\u00e3o de cidad\u00e3os chineses para os Estados Unidos em meio a uma onda de sinofobia na Calif\u00f3rnia, que envolveu frequentes ataques contra os rec\u00e9m-chegados. Apesar de surtir pouco efeito, a medida foi popular entre americanos que temiam a concorr\u00eancia de imigrantes chineses. Mais de cem anos depois, a sinofobia foi central para a vit\u00f3ria de Donald Trump em 2016. Na \u00c1frica, populistas em busca de um bicho-pap\u00e3o usam esse mesmo roteiro h\u00e1 anos. Em 2006, o candidato populista \u00e0 presid\u00eancia da Z\u00e2mbia Michael Sata atacou a China de maneira t\u00e3o feroz que o ent\u00e3o embaixador chin\u00eas&nbsp;<a href=\"https:\/\/www.ft.com\/content\/d6d5d176-3d0a-11db-8239-0000779e2340\">amea\u00e7ou<\/a>&nbsp;cortar la\u00e7os diplom\u00e1ticos caso ele vencesse. Em seus discursos, Sata prometia se aproximar de Taiwan e chamava os investidores chineses de \u201c<a href=\"http:\/\/www.chinadaily.com.cn\/china\/2006-09\/05\/content_682036.htm\">infestadores<\/a>\u201d. Ele foi derrotado em 2006, mas acabou chegando ao poder em 2011.<\/p>\n\n\n\n<p>Nos primeiros meses do governo Bolsonaro,&nbsp;<a href=\"https:\/\/brasil.elpais.com\/brasil\/2019\/05\/13\/opinion\/1557764948_144679.html\" target=\"_blank\" rel=\"noreferrer noopener\">Hamilton Mour\u00e3o<\/a>&nbsp;e Tereza Cristina conseguiram a duras penas remendar o estrago do presidente. Juntos, o vice-presidente e a ministra da Agricultura se tornaram a Guarda Pretoriana da rela\u00e7\u00e3o bilateral. Mas a diplomacia chinesa nunca se iludiu com a efic\u00e1cia desses panos quentes. Mesmo no auge dessa aparente harmonia, quando o presidente Xi Jinping veio a Bras\u00edlia para a d\u00e9cima-primeira c\u00fapula dos Brics, era evidente que o bolsonarismo continuava fomentando um discurso anti-China entre seus seguidores e trabalhando para enraizar a sinofobia na pol\u00edtica nacional.<\/p>\n\n\n\n<p>Ap\u00f3s as tentativas de&nbsp;<a href=\"https:\/\/brasil.elpais.com\/brasil\/2020-03-19\/esforco-de-eduardo-bolsonaro-para-demonizar-china-copia-trump-e-ameaca-elo-estrategico-do-brasil.html\" target=\"_blank\" rel=\"noreferrer noopener\">Eduardo Bolsonaro<\/a>&nbsp;e do ent\u00e3o ministro da Educa\u00e7\u00e3o Abraham Weintraub de culparem a China pela pandemia, em abril deste ano, Pequim deixou as sutilezas diplom\u00e1ticas para tr\u00e1s e partiu para o contra-ataque. Os coment\u00e1rios daquelas duas figuras centrais do governo foram o primeiro passo da estrat\u00e9gia para eximir Bolsonaro das responsabilidades pela crise econ\u00f4mica que j\u00e1 chegou e ainda deve se aprofundar.<\/p>\n\n\n\n<p>Em artigo para o jornal O Globo, endere\u00e7ado ao filho do presidente, o c\u00f4nsul-geral chin\u00eas perguntou se o deputado tinha recebido \u201cuma lavagem cerebral dos Estados Unidos\u201d, chamou-o de \u201cignorante\u201d e amea\u00e7ou: \u201cSe algum pa\u00eds insistir em ser inimigo da China, n\u00f3s seremos o seu inimigo mais qualificado!\u201d. Mais tarde, o ministro-conselheiro Qu Yuhui acusou Bolsonaro e Weintraub de terem feito \u201cdeclara\u00e7\u00f5es irrespons\u00e1veis\u201d relacionando seu pa\u00eds ao novo coronav\u00edrus e de terem jogado \u201cgasolina na fogueira da xenofobia\u201d.<\/p>\n\n\n\n<p>Se os la\u00e7os econ\u00f4micos e pol\u00edticos com os Estados Unidos j\u00e1 t\u00eam um longo hist\u00f3rico de politiza\u00e7\u00e3o, a rela\u00e7\u00e3o com a China estava \u00e0 salvo dessa interfer\u00eancia at\u00e9 pouco tempo. Enquanto acordos com Washington sempre renderam a pecha de entreguismo por parte de alguns opositores, negociar com a China costumavam representar um risco menor. O bolsonarismo encerrou essa fase. Basta lembrar do modo como&nbsp;<a href=\"https:\/\/brasil.elpais.com\/noticias\/olavo-luiz-pimentel-de-carvalho\/\" target=\"_blank\" rel=\"noreferrer noopener\">Olavo de Carvalho<\/a>&nbsp;atacou uma comitiva de parlamentares do PSL por ter visitado a sede da empresa chinesa Huawei, em janeiro de 2019. Do mesmo modo, Hamilton Mour\u00e3o \u00e9 rotineiramente chamado de \u201ccomunista\u201d por bolsonaristas radicais desde que tentou salvar as rela\u00e7\u00f5es com Pequim.<\/p>\n\n\n\n<p>Como ocorre h\u00e1 muitos anos com o antiamericanismo, a sinofobia ser\u00e1 uma ferramenta de mobiliza\u00e7\u00e3o atraente demais para que populistas a deixem de lado. Essa proje\u00e7\u00e3o de amea\u00e7as reais ou imagin\u00e1rias complicar\u00e1 as decis\u00f5es estrat\u00e9gicas que os governos brasileiros ter\u00e3o de tomar no futuro pr\u00f3ximo, afetando quest\u00f5es pr\u00e1ticas como a constru\u00e7\u00e3o da rede de telecomunica\u00e7\u00e3o 5G.<\/p>\n\n\n\n<p>Neste novo cen\u00e1rio, sempre haver\u00e1 um risco pol\u00edtico em qualquer articula\u00e7\u00e3o com a pot\u00eancia asi\u00e1tica. A decis\u00e3o inesperada de Bolsonaro&nbsp;<a href=\"https:\/\/brasil.elpais.com\/brasil\/2020-10-22\/brasil-desperdica-expertise-do-sus-e-mergulha-corrida-pela-vacina-em-caos-politico.html\" target=\"_blank\" rel=\"noreferrer noopener\">em rela\u00e7\u00e3o \u00e0 vacina<\/a>&nbsp;\u00e9 um exemplo brutal de um fen\u00f4meno que ainda deve se repetir muitas vezes.<\/p>\n\n\n\n<p>Pol\u00edticos e empres\u00e1rios brasileiros e chineses ter\u00e3o de levar essa nova realidade em considera\u00e7\u00e3o. A tend\u00eancia trar\u00e1 complica\u00e7\u00f5es adicionais a casos como o da Embraer, por exemplo, que busca um parceiro alternativo na China ap\u00f3s o fracasso da fus\u00e3o com a Boeing. O aumento da influ\u00eancia econ\u00f4mica chinesa na Am\u00e9rica Latina e as tens\u00f5es cada vez mais agudas entre Washington e Pequim devem agravar esse quadro nos pr\u00f3ximos anos.<\/p>\n\n\n\n<p>Em abril, Pequim aprendeu que respostas duras aos ataques do governo brasileiro dificilmente resolver\u00e3o o problema. Pelo contr\u00e1rio: para ministros do governo brasileiro, falar mal da China tornou-se uma esp\u00e9cie de prova de lealdade ao bolsonarismo radical, e procurar briga com o pa\u00eds pode at\u00e9 ajudar ministros em apuros a manterem seus cargos. Assim como atacar os Estados Unidos j\u00e1 foi a melhor forma de galgar posi\u00e7\u00f5es no governo chavista da Venezuela, provocar a China tem sido a primeira tentativa de figuras como&nbsp;<a href=\"https:\/\/brasil.elpais.com\/noticias\/abraham-braganca-de-vasconcellos-weintraub\/\" target=\"_blank\" rel=\"noreferrer noopener\">Weintraub&nbsp;<\/a>quando est\u00e3o prestes a perder apoio.<\/p>\n\n\n\n<p>Muito mais do que uma aberra\u00e7\u00e3o, a recente politiza\u00e7\u00e3o das rela\u00e7\u00f5es com a China \u00e9 o novo normal. Esta semana, o monstro despertado por Bolsonaro pressionou o presidente pelo cancelamento da vacina. A franja lun\u00e1tica que comp\u00f5e parte importante de sua base gostou da moda sinof\u00f3bica e j\u00e1 n\u00e3o se deixa controlar nem pelo presidente, nem pela pandemia. Mesmo se Bolsonaro optasse por parar de demonizar o pa\u00eds asi\u00e1tico, j\u00e1 n\u00e3o haveria volta.<\/p>\n","protected":false},"excerpt":{"rendered":"<p>Bolsonaro n\u00e3o ser\u00e1 o \u00faltimo pol\u00edtico brasileiro a fomentar um sentimento anti-China entre seus seguidores.<\/p>\n","protected":false},"author":1,"featured_media":0,"comment_status":"closed","ping_status":"open","sticky":false,"template":"","format":"standard","meta":{"_exactmetrics_skip_tracking":false,"_exactmetrics_sitenote_active":false,"_exactmetrics_sitenote_note":"","_exactmetrics_sitenote_category":0,"jetpack_post_was_ever_published":false,"_jetpack_newsletter_access":"","_jetpack_dont_email_post_to_subs":false,"_jetpack_newsletter_tier_id":0,"_jetpack_memberships_contains_paywalled_content":false,"_jetpack_memberships_contains_paid_content":false,"footnotes":"","jetpack_publicize_message":"","jetpack_publicize_feature_enabled":true,"jetpack_social_post_already_shared":true,"jetpack_social_options":{"image_generator_settings":{"template":"highway","enabled":false},"version":2}},"categories":[1],"tags":[],"class_list":["post-29902","post","type-post","status-publish","format-standard","hentry","category-notas"],"jetpack_publicize_connections":[],"jetpack_sharing_enabled":true,"jetpack_featured_media_url":"","jetpack_shortlink":"https:\/\/wp.me\/p7wKYW-7Mi","jetpack-related-posts":[],"_links":{"self":[{"href":"http:\/\/blogdalucianaoliveira.com.br\/blog\/wp-json\/wp\/v2\/posts\/29902","targetHints":{"allow":["GET"]}}],"collection":[{"href":"http:\/\/blogdalucianaoliveira.com.br\/blog\/wp-json\/wp\/v2\/posts"}],"about":[{"href":"http:\/\/blogdalucianaoliveira.com.br\/blog\/wp-json\/wp\/v2\/types\/post"}],"author":[{"embeddable":true,"href":"http:\/\/blogdalucianaoliveira.com.br\/blog\/wp-json\/wp\/v2\/users\/1"}],"replies":[{"embeddable":true,"href":"http:\/\/blogdalucianaoliveira.com.br\/blog\/wp-json\/wp\/v2\/comments?post=29902"}],"version-history":[{"count":1,"href":"http:\/\/blogdalucianaoliveira.com.br\/blog\/wp-json\/wp\/v2\/posts\/29902\/revisions"}],"predecessor-version":[{"id":29904,"href":"http:\/\/blogdalucianaoliveira.com.br\/blog\/wp-json\/wp\/v2\/posts\/29902\/revisions\/29904"}],"wp:attachment":[{"href":"http:\/\/blogdalucianaoliveira.com.br\/blog\/wp-json\/wp\/v2\/media?parent=29902"}],"wp:term":[{"taxonomy":"category","embeddable":true,"href":"http:\/\/blogdalucianaoliveira.com.br\/blog\/wp-json\/wp\/v2\/categories?post=29902"},{"taxonomy":"post_tag","embeddable":true,"href":"http:\/\/blogdalucianaoliveira.com.br\/blog\/wp-json\/wp\/v2\/tags?post=29902"}],"curies":[{"name":"wp","href":"https:\/\/api.w.org\/{rel}","templated":true}]}}