{"id":29905,"date":"2020-10-25T09:25:38","date_gmt":"2020-10-25T13:25:38","guid":{"rendered":"http:\/\/blogdalucianaoliveira.com.br\/blog\/?p=29905"},"modified":"2020-10-25T09:25:47","modified_gmt":"2020-10-25T13:25:47","slug":"contra-desmatamento-invasoes-e-paralisacao-nas-demarcacoes-candidaturas-indigenas-crescem-28","status":"publish","type":"post","link":"http:\/\/blogdalucianaoliveira.com.br\/blog\/2020\/10\/25\/contra-desmatamento-invasoes-e-paralisacao-nas-demarcacoes-candidaturas-indigenas-crescem-28\/","title":{"rendered":"Contra desmatamento, invas\u00f5es e paralisa\u00e7\u00e3o nas demarca\u00e7\u00f5es, candidaturas ind\u00edgenas crescem 28%"},"content":{"rendered":"\n<figure class=\"wp-block-image size-large\"><img data-recalc-dims=\"1\" loading=\"lazy\" decoding=\"async\" width=\"600\" height=\"583\" data-attachment-id=\"29906\" data-permalink=\"http:\/\/blogdalucianaoliveira.com.br\/blog\/2020\/10\/25\/contra-desmatamento-invasoes-e-paralisacao-nas-demarcacoes-candidaturas-indigenas-crescem-28\/image-21-12\/\" data-orig-file=\"https:\/\/i0.wp.com\/blogdalucianaoliveira.com.br\/blog\/wp-content\/uploads\/2020\/10\/image-21.jpeg?fit=640%2C622\" data-orig-size=\"640,622\" data-comments-opened=\"0\" data-image-meta=\"{&quot;aperture&quot;:&quot;0&quot;,&quot;credit&quot;:&quot;&quot;,&quot;camera&quot;:&quot;&quot;,&quot;caption&quot;:&quot;&quot;,&quot;created_timestamp&quot;:&quot;0&quot;,&quot;copyright&quot;:&quot;&quot;,&quot;focal_length&quot;:&quot;0&quot;,&quot;iso&quot;:&quot;0&quot;,&quot;shutter_speed&quot;:&quot;0&quot;,&quot;title&quot;:&quot;&quot;,&quot;orientation&quot;:&quot;0&quot;}\" data-image-title=\"image-21\" data-image-description=\"\" data-image-caption=\"\" data-medium-file=\"https:\/\/i0.wp.com\/blogdalucianaoliveira.com.br\/blog\/wp-content\/uploads\/2020\/10\/image-21.jpeg?fit=300%2C292\" data-large-file=\"https:\/\/i0.wp.com\/blogdalucianaoliveira.com.br\/blog\/wp-content\/uploads\/2020\/10\/image-21.jpeg?fit=600%2C583\" src=\"https:\/\/i0.wp.com\/blogdalucianaoliveira.com.br\/blog\/wp-content\/uploads\/2020\/10\/image-21.jpeg?resize=600%2C583\" alt=\"\" class=\"wp-image-29906\" srcset=\"https:\/\/i0.wp.com\/blogdalucianaoliveira.com.br\/blog\/wp-content\/uploads\/2020\/10\/image-21.jpeg?w=640 640w, https:\/\/i0.wp.com\/blogdalucianaoliveira.com.br\/blog\/wp-content\/uploads\/2020\/10\/image-21.jpeg?resize=300%2C292 300w, https:\/\/i0.wp.com\/blogdalucianaoliveira.com.br\/blog\/wp-content\/uploads\/2020\/10\/image-21.jpeg?resize=309%2C300 309w\" sizes=\"auto, (max-width: 600px) 100vw, 600px\" \/><\/figure>\n\n\n\n<p>Resposta \u00e0 amea\u00e7as e trabalho de fomento pol\u00edtico levam ind\u00edgenas a deixarem de ser a ra\u00e7a menos representada nas elei\u00e7\u00f5es. Cria\u00e7\u00e3o de partido pr\u00f3prio ainda n\u00e3o \u00e9 consenso.<\/p>\n\n\n\n<!--more-->\n\n\n\n<p>El Pa\u00eds, <a href=\"https:\/\/brasil.elpais.com\/autor\/joana-carolina-lopes-de-oliveira\/\">JOANA OLIVEIRA<\/a><\/p>\n\n\n\n<p>O\u00a0<a rel=\"noreferrer noopener\" href=\"https:\/\/brasil.elpais.com\/brasil\/2020-10-10\/numero-de-alertas-de-desmatamento-na-amazonia-em-setembro-e-o-segundo-pior-desde-2015.html\" target=\"_blank\">aumento do desmatamento<\/a>, das invas\u00f5es de garimpeiros ilegais em seus territ\u00f3rios, a paralisa\u00e7\u00e3o das demarca\u00e7\u00f5es sob o Governo Bolsonaro e o\u00a0<a rel=\"noreferrer noopener\" href=\"https:\/\/brasil.elpais.com\/internacional\/2020-05-06\/os-indigenas-da-amazonia-lancam-um-sos-para-pedir-protecao-ante-a-pandemia.html\" target=\"_blank\">avan\u00e7o da covid-19 nas comunidades origin\u00e1rias<\/a>\u00a0s\u00e3o o pano de fundo de um\u00a0<em>boom\u00a0<\/em>de candidaturas ind\u00edgenas no Brasil nas elei\u00e7\u00f5es municipais deste ano. O n\u00famero de candidaturas dos que se declaram ind\u00edgenas cresceu 28% em rela\u00e7\u00e3o ao pleito de 2016<strong>.\u00a0<\/strong>Na ocasi\u00e3o, foram 1715. Hoje,\u00a0<a rel=\"noreferrer noopener\" href=\"http:\/\/inter04.tse.jus.br\/ords\/dwtse\/f?p=EST_ELEICAO:HOME\" target=\"_blank\">s\u00e3o 2.194, de acordo com o Tribunal Superior Eleitoral (TSE)<\/a>. Com esses n\u00fameros, os ind\u00edgenas ultrapassam os candidatos que se declaram amarelos (1.959, ou 0,35% do total) e deixam assim de ser a ra\u00e7a menos representada na disputa por cargos eletivos.<\/p>\n\n\n\n<p>A Articula\u00e7\u00e3o dos Povos Ind\u00edgenas do Brasil (Apib) atribui parte desse resultado ao trabalho feito nos \u00faltimos anos para fomentar a forma\u00e7\u00e3o pol\u00edtica nas aldeias. Em 2017, a organiza\u00e7\u00e3o publicou a carta-manifesto\u00a0<em>Por um parlamento cada vez mais ind\u00edgena\u00a0<\/em>e, em 2018, o movimento dos povos origin\u00e1rios conseguiu eleger a deputada federal\u00a0<a rel=\"noreferrer noopener\" href=\"https:\/\/brasil.elpais.com\/brasil\/2018\/10\/08\/politica\/1539035477_870212.html\" target=\"_blank\">Jo\u00eania Wapichana (Rede &#8211; RR), a primeira mulher ind\u00edgena a conquistar uma vaga no Congresso Nacional<\/a>.<\/p>\n\n\n\n<p>\u201cA retirada de direitos fundamentais dos nossos povos acontece a partir de articula\u00e7\u00f5es no Congresso, ent\u00e3o \u00e9 importante que estejamos nesses lugares. Mas se quisermos chegar l\u00e1 ou mesmo \u00e0 Presid\u00eancia, temos que aumentar a base na esfera municipal\u201d, afirma\u00a0<a rel=\"noreferrer noopener\" href=\"https:\/\/brasil.elpais.com\/brasil\/2018\/10\/07\/politica\/1538876524_657617.html\" target=\"_blank\">S\u00f4nia Guajajara, presidente da Apib, que concorreu \u00e0 vice-presid\u00eancia<\/a>\u00a0em 2018, ao lado de Guilherme Boulos (PSOL). Em 2016, 167 ind\u00edgenas foram eleitos vereadores. Para S\u00f4nia, \u201c\u00e9 muito pouco\u201d. Este ano, dos 545.437 candidatos registrados no TSE, 0,40% s\u00e3o ind\u00edgenas, uma quantidade percentualmente pr\u00f3xima ao tamanho demogr\u00e1fico de povos origin\u00e1rios no Brasil: eles s\u00e3o\u00a0<\/p>\n\n\n\n<p>pelo menos 900 mil, cerca de 0,43% de uma popula\u00e7\u00e3o de 209 milh\u00f5es.<\/p>\n\n\n\n<p>\u201cNossa estrat\u00e9gia \u00e9 diminuir o n\u00famero de candidatos para concentrar os votos, porque a verdade \u00e9 que n\u00e3o podemos contar com os votos dos n\u00e3o-ind\u00edgenas. E tamb\u00e9m n\u00e3o somos prioridade dentro dos partidos. Nenhum partido, por mais alinhado que esteja com nossas pautas, compreende bem nossas demandas\u201d, diz S\u00f4nia.<\/p>\n\n\n\n<p>Por isso, o cacique Ram\u00f3n Tupinamb\u00e1, de 35 anos, que concorre a vereador na cidade de Ilh\u00e9us, no extremo sul baiano, pelo PSOL, diz que o ideal seria ter um partido ind\u00edgena a n\u00edvel nacional. \u201cA\u00ed poder\u00edamos trazer para o jogo nossa vis\u00e3o de governo participativo, algo comum na gest\u00e3o de nossas aldeias, por exemplo\u201d, diz ele, que j\u00e1 disputou o pleito municipal em 2016 e concorreu como deputado estadual em 2018, sem \u00eaxito em ambas ocasi\u00f5es.<\/p>\n\n\n\n<p>Descendente dos primeiros povos a enfrentar&nbsp;<a href=\"https:\/\/brasil.elpais.com\/brasil\/2016\/07\/13\/actualidad\/1468422915_764996.html\" target=\"_blank\" rel=\"noreferrer noopener\">a viol\u00eancia da coloniza\u00e7\u00e3o no Brasil<\/a>, Ram\u00f3n pretende atuar na esfera municipal pela demarca\u00e7\u00e3o dos territ\u00f3rios tupinamb\u00e1 na regi\u00e3o de Ilh\u00e9us, autorizada desde 2009 pelo Supremo Tribunal Federal (STF), mas barrada pelo ex-ministro da Justi\u00e7a, Sergio Moro, que em janeiro deste ano devolveu \u00e0 Funai (Funda\u00e7\u00e3o Nacional do \u00cdndio) 17 processos de demarca\u00e7\u00e3o. \u201cVivemos um constante enfrentamento com grandes imobili\u00e1rias, que constroem resorts e condom\u00ednios perto nas nossas aldeias\u201d, lamenta Ram\u00f3n.<\/p>\n\n\n\n<p>Apesar de concordar com ele que os partidos existentes n\u00e3o d\u00e3o conta das reivindica\u00e7\u00f5es dos povos origin\u00e1rios, S\u00f4nia Guajajara tem d\u00favidas sobre a cria\u00e7\u00e3o de uma legenda nacional ind\u00edgena. \u201cN\u00e3o tenho convic\u00e7\u00e3o de que isso resolveria. Afinal, somos 305 povos diferentes em todo o Brasil, ent\u00e3o \u00e9 poss\u00edvel que acabasse caindo na l\u00f3gica dos partidos tradicionais\u201d, argumenta.<\/p>\n\n\n\n<h3 class=\"wp-block-heading\">Mais mulheres<\/h3>\n\n\n\n<p>O pleito municipal de 2020 tamb\u00e9m ter\u00e1 um recorde de mulheres candidatas entre os ind\u00edgenas: elas passaram de 27,5%, em 2016, para 32,4% do total, de acordo com os dados do TSE. Uma delas \u00e9 Kandara Patax\u00f3, de 39 anos, candidata a vereadora em Santa Cruz Cabr\u00e1lia (BA), pelo PSD. Filha de duas lideran\u00e7as ind\u00edgenas \u2014sua m\u00e3e foi a primeira mulher chefe de sua aldeia\u2014, Kandara atua na comunidade desde os 16 anos como defensora dos direitos das mulheres, reivindicando que mais delas ocupem espa\u00e7os de decis\u00e3o nas tribos. Apesar dessa trajet\u00f3ria, diz que o convite para candidatar-se foi inesperado.<\/p>\n\n\n\n<p>\u201cVenho buscando pol\u00edticas p\u00fablicas, mas n\u00e3o venho de uma vida p\u00fablica. Hesitei quando me propuseram a candidatura. Pensei: V\u00e3o mandar me matar.&nbsp;<a href=\"https:\/\/brasil.elpais.com\/brasil\/2019\/03\/14\/politica\/1552562116_307529.html\" target=\"_blank\" rel=\"noreferrer noopener\">N\u00e3o quero ser mais uma Marielle<\/a>\u201d, conta Kandara, que, depois de perceber o apoio de seu povo, decidiu aceitar o desafio. \u201cA maioria de n\u00f3s n\u00e3o entende muito de partido. Nossa luta n\u00e3o \u00e9 partid\u00e1ria, \u00e9 por espa\u00e7o. Sempre fomos usados de volume nos partidos para apoiar candidatos n\u00e3o-ind\u00edgenas que prometem defender nossas pautas, mas, chegando l\u00e1, somos os primeiros a ser esquecidos\u201d, acrescenta.<\/p>\n\n\n\n<p>Foi essa disputa por espa\u00e7o que motivou Ariene Susui, membro do povo wapichana, de apenas 23 anos, a candidatar-se a vereadora em Boa Vista (RR) pela Rede. A cidade, apesar de contar com cerca de 20.000 ind\u00edgenas, nunca teve representa\u00e7\u00e3o dos povos origin\u00e1rios em sua Assembleia. Ariene conta que sua comunidade come\u00e7ou a fazer reuni\u00f5es para discutir pol\u00edtica partid\u00e1ria em 2017, na \u00e9poca em que<a href=\"https:\/\/brasil.elpais.com\/brasil\/2018\/04\/27\/politica\/1524790843_850691.html\" target=\"_blank\" rel=\"noreferrer noopener\">&nbsp;o povo wapichana preparava a candidatura da deputada Jo\u00eania.<\/a>&nbsp;\u201cDepois que ela foi eleita, n\u00e3o paramos mais. Foi uma chama necess\u00e1ria\u201d.<\/p>\n\n\n\n<p>Ariene diz que a pol\u00edtica partid\u00e1ria nunca foi uma prioridade dos povos ind\u00edgenas, porque eles sempre tiveram que lutar pelo mais primordial, seus territ\u00f3rios. O retrocesso nos direitos desses povos nos \u00faltimos anos, no entanto, motivaram-na a entrar para a pol\u00edtica. \u201cPara mim, o estopim foi ver que\u00a0<a rel=\"noreferrer noopener\" href=\"https:\/\/brasil.elpais.com\/planeta_futuro\/2020-04-23\/a-dupla-ameaca-para-os-povos-da-amazonia.html\" target=\"_blank\">garimpeiros e madeireiros n\u00e3o t\u00eam mais medo e invadem cada vez mais nossos territ\u00f3rios<\/a>, justamente porque se sentem arroupados pelo discurso do Governo Federal\u201d, afirma.<\/p>\n\n\n\n<p>Para Val Eloy, de 39 anos, que milita pelo povo Terena da Terra Ind\u00edgena Taunay-Ipegue (MS), desde os 11 anos, apresentar-se nas elei\u00e7\u00f5es \u00e9 uma forma de participar de um plano de governo em uma das capitais onde a bancada ruralista \u00e9 mais forte. Ela \u00e9 candidata a co-prefeita de Campo Grande pelo PSOL, ao lado de Cris Duarte. \u201cAqui, os pol\u00edticos n\u00e3o se intimidam e n\u00e3o se envergonham em afirmar que n\u00e3o gostam mesmo dos povos ind\u00edgenas\u201d, diz.<\/p>\n\n\n\n<p>De uma linhagem pol\u00edtica \u2014seus av\u00f3s fundaram sua aldeia e seu irm\u00e3o, o advogado Eloy Terena, que conseguiu no STF a&nbsp;<a href=\"https:\/\/brasil.elpais.com\/brasil\/2020-08-20\/congresso-derruba-vetos-de-bolsonaro-e-obriga-governo-a-garantir-utis-a-indigenas-na-pandemia.html\" target=\"_blank\" rel=\"noreferrer noopener\">decis\u00e3o que obrigou o Governo Bolsonaro a adotar medidas de prote\u00e7\u00e3o dos povos ind\u00edgenas contra a covid-19<\/a>\u2014, Val n\u00e3o hesitou em abra\u00e7ar a candidatura. Na sua regi\u00e3o, ela foi uma das lideran\u00e7as que coordenaram a constru\u00e7\u00e3o de barreiras sanit\u00e1rias nas aldeias, diante da falta de assist\u00eancia governamental. \u201cPerdemos muitas vidas, mas se pensaram que isso nos faria abaixar a cabe\u00e7a, s\u00f3 nos incentivou a mostrar que n\u00e3o esperaremos mais por uma pol\u00edtica branca que fale por n\u00f3s\u201d, declara.<\/p>\n\n\n\n<p><\/p>\n","protected":false},"excerpt":{"rendered":"<p>Resposta \u00e0 amea\u00e7as e trabalho de fomento pol\u00edtico levam ind\u00edgenas a deixarem de ser a ra\u00e7a menos representada nas elei\u00e7\u00f5es. Cria\u00e7\u00e3o de partido pr\u00f3prio ainda n\u00e3o \u00e9 consenso.<\/p>\n","protected":false},"author":1,"featured_media":0,"comment_status":"closed","ping_status":"open","sticky":false,"template":"","format":"standard","meta":{"_exactmetrics_skip_tracking":false,"_exactmetrics_sitenote_active":false,"_exactmetrics_sitenote_note":"","_exactmetrics_sitenote_category":0,"jetpack_post_was_ever_published":false,"_jetpack_newsletter_access":"","_jetpack_dont_email_post_to_subs":false,"_jetpack_newsletter_tier_id":0,"_jetpack_memberships_contains_paywalled_content":false,"_jetpack_memberships_contains_paid_content":false,"footnotes":"","jetpack_publicize_message":"","jetpack_publicize_feature_enabled":true,"jetpack_social_post_already_shared":true,"jetpack_social_options":{"image_generator_settings":{"template":"highway","enabled":false},"version":2}},"categories":[1],"tags":[],"class_list":["post-29905","post","type-post","status-publish","format-standard","hentry","category-notas"],"jetpack_publicize_connections":[],"jetpack_sharing_enabled":true,"jetpack_featured_media_url":"","jetpack_shortlink":"https:\/\/wp.me\/p7wKYW-7Ml","jetpack-related-posts":[],"_links":{"self":[{"href":"http:\/\/blogdalucianaoliveira.com.br\/blog\/wp-json\/wp\/v2\/posts\/29905","targetHints":{"allow":["GET"]}}],"collection":[{"href":"http:\/\/blogdalucianaoliveira.com.br\/blog\/wp-json\/wp\/v2\/posts"}],"about":[{"href":"http:\/\/blogdalucianaoliveira.com.br\/blog\/wp-json\/wp\/v2\/types\/post"}],"author":[{"embeddable":true,"href":"http:\/\/blogdalucianaoliveira.com.br\/blog\/wp-json\/wp\/v2\/users\/1"}],"replies":[{"embeddable":true,"href":"http:\/\/blogdalucianaoliveira.com.br\/blog\/wp-json\/wp\/v2\/comments?post=29905"}],"version-history":[{"count":1,"href":"http:\/\/blogdalucianaoliveira.com.br\/blog\/wp-json\/wp\/v2\/posts\/29905\/revisions"}],"predecessor-version":[{"id":29907,"href":"http:\/\/blogdalucianaoliveira.com.br\/blog\/wp-json\/wp\/v2\/posts\/29905\/revisions\/29907"}],"wp:attachment":[{"href":"http:\/\/blogdalucianaoliveira.com.br\/blog\/wp-json\/wp\/v2\/media?parent=29905"}],"wp:term":[{"taxonomy":"category","embeddable":true,"href":"http:\/\/blogdalucianaoliveira.com.br\/blog\/wp-json\/wp\/v2\/categories?post=29905"},{"taxonomy":"post_tag","embeddable":true,"href":"http:\/\/blogdalucianaoliveira.com.br\/blog\/wp-json\/wp\/v2\/tags?post=29905"}],"curies":[{"name":"wp","href":"https:\/\/api.w.org\/{rel}","templated":true}]}}