{"id":29908,"date":"2020-10-27T07:19:35","date_gmt":"2020-10-27T11:19:35","guid":{"rendered":"http:\/\/blogdalucianaoliveira.com.br\/blog\/?p=29908"},"modified":"2020-10-27T07:19:43","modified_gmt":"2020-10-27T11:19:43","slug":"lula-completa-75-anos-em-busca-de-justica-e-recebe-homenagens-no-brasil-e-no-mundo","status":"publish","type":"post","link":"http:\/\/blogdalucianaoliveira.com.br\/blog\/2020\/10\/27\/lula-completa-75-anos-em-busca-de-justica-e-recebe-homenagens-no-brasil-e-no-mundo\/","title":{"rendered":"Lula completa 75 anos em busca de Justi\u00e7a e recebe homenagens no Brasil e no mundo"},"content":{"rendered":"\n<figure class=\"wp-block-image size-large\"><img data-recalc-dims=\"1\" loading=\"lazy\" decoding=\"async\" width=\"600\" height=\"374\" data-attachment-id=\"29909\" data-permalink=\"http:\/\/blogdalucianaoliveira.com.br\/blog\/2020\/10\/27\/lula-completa-75-anos-em-busca-de-justica-e-recebe-homenagens-no-brasil-e-no-mundo\/image-22-12\/\" data-orig-file=\"https:\/\/i0.wp.com\/blogdalucianaoliveira.com.br\/blog\/wp-content\/uploads\/2020\/10\/image-22.jpeg?fit=610%2C380\" data-orig-size=\"610,380\" data-comments-opened=\"0\" data-image-meta=\"{&quot;aperture&quot;:&quot;0&quot;,&quot;credit&quot;:&quot;&quot;,&quot;camera&quot;:&quot;&quot;,&quot;caption&quot;:&quot;&quot;,&quot;created_timestamp&quot;:&quot;0&quot;,&quot;copyright&quot;:&quot;&quot;,&quot;focal_length&quot;:&quot;0&quot;,&quot;iso&quot;:&quot;0&quot;,&quot;shutter_speed&quot;:&quot;0&quot;,&quot;title&quot;:&quot;&quot;,&quot;orientation&quot;:&quot;0&quot;}\" data-image-title=\"image-22\" data-image-description=\"\" data-image-caption=\"\" data-medium-file=\"https:\/\/i0.wp.com\/blogdalucianaoliveira.com.br\/blog\/wp-content\/uploads\/2020\/10\/image-22.jpeg?fit=300%2C187\" data-large-file=\"https:\/\/i0.wp.com\/blogdalucianaoliveira.com.br\/blog\/wp-content\/uploads\/2020\/10\/image-22.jpeg?fit=600%2C374\" src=\"https:\/\/i0.wp.com\/blogdalucianaoliveira.com.br\/blog\/wp-content\/uploads\/2020\/10\/image-22.jpeg?resize=600%2C374\" alt=\"\" class=\"wp-image-29909\" srcset=\"https:\/\/i0.wp.com\/blogdalucianaoliveira.com.br\/blog\/wp-content\/uploads\/2020\/10\/image-22.jpeg?w=610 610w, https:\/\/i0.wp.com\/blogdalucianaoliveira.com.br\/blog\/wp-content\/uploads\/2020\/10\/image-22.jpeg?resize=300%2C187 300w, https:\/\/i0.wp.com\/blogdalucianaoliveira.com.br\/blog\/wp-content\/uploads\/2020\/10\/image-22.jpeg?resize=482%2C300 482w\" sizes=\"auto, (max-width: 600px) 100vw, 600px\" \/><\/figure>\n\n\n\n<p><strong>Do Comit\u00ea Lula Livre \u2013&nbsp;<\/strong>Nesta ter\u00e7a-feira, 27 de outubro, militantes da esquerda brasileira e internacional, al\u00e9m dos dirigentes do&nbsp;<a href=\"https:\/\/pt.org.br\/tag\/partido-dos-trabalhadores\/\" target=\"_blank\" rel=\"noreferrer noopener\">Partido dos Trabalhadores<\/a>, promovem no&nbsp;<a href=\"https:\/\/pt.org.br\/tag\/brasil\/\" target=\"_blank\" rel=\"noreferrer noopener\">Brasil<\/a>&nbsp;e no mundo o \u2018&nbsp;<a href=\"https:\/\/pt.org.br\/tag\/lula\/\" target=\"_blank\" rel=\"noreferrer noopener\">Lula<\/a>&nbsp;Day\u2019, em comemora\u00e7\u00e3o ao anivers\u00e1rio do ex-presidente Luiz In\u00e1cio&nbsp;<a href=\"https:\/\/pt.org.br\/lula\" target=\"_blank\" rel=\"noreferrer noopener\">Lula<\/a>&nbsp;da Silva. Ser\u00e3o realizadas atividades dentro e fora do Brasil para celebrar a vida e a hist\u00f3ria de Lula. O dia tamb\u00e9m marca a luta pela restitui\u00e7\u00e3o dos direitos pol\u00edticos de Lula e a defesa de um julgamento justo dos processos ilegais das quais foi v\u00edtima.<\/p>\n\n\n\n<!--more-->\n\n\n\n<p>No Brasil, ativistas est\u00e3o organizando a\u00e7\u00f5es nas redes e nas ruas como oportunidade denunciar a&nbsp;<a href=\"https:\/\/pt.org.br\/tag\/politica-2\/\" target=\"_blank\" rel=\"noreferrer noopener\">pol\u00edtica<\/a>&nbsp;genocida de Jair&nbsp;<a href=\"https:\/\/pt.org.br\/tag\/bolsonaro\/\" target=\"_blank\" rel=\"noreferrer noopener\">Bolsonaro<\/a>&nbsp;e denunciar a persegui\u00e7\u00e3o de Lula, condenado de maneira injusta e ilegal em um processo repleto de ilegalidades cometidas por integrantes do&nbsp;<a href=\"https:\/\/pt.org.br\/tag\/ministerio-publico\/\" target=\"_blank\" rel=\"noreferrer noopener\">Minist\u00e9rio P\u00fablico<\/a>Federal e do ex-juiz&nbsp;<a href=\"https:\/\/pt.org.br\/tag\/sergio-moro\/\" target=\"_blank\" rel=\"noreferrer noopener\">S\u00e9rgio Moro<\/a>.<\/p>\n\n\n\n<p>J\u00e1 no exterior, o Lula Day come\u00e7ou no s\u00e1bado e contar\u00e1 at\u00e9 ter\u00e7a-feira com atividades organizadas pelos Comit\u00eas\u00a0<a rel=\"noreferrer noopener\" href=\"https:\/\/pt.org.br\/tag\/lula-livre\/\" target=\"_blank\">Lula Livre<\/a>, n\u00facleos do\u00a0<a rel=\"noreferrer noopener\" href=\"https:\/\/pt.org.br\/tag\/pt\/\" target=\"_blank\">PT<\/a>\u00a0e coletivos variados em 12 pa\u00edses. O evento global teve arte,\u00a0<a rel=\"noreferrer noopener\" href=\"https:\/\/pt.org.br\/tag\/cultura\/\" target=\"_blank\">cultura<\/a>, debate pol\u00edtico e lutas. No mundo e no Brasil a agita\u00e7\u00e3o nas\u00a0<a rel=\"noreferrer noopener\" href=\"https:\/\/pt.org.br\/tag\/redes-sociais\/\" target=\"_blank\">redes sociais<\/a>\u00a0j\u00e1 come\u00e7ou, com uma campanha de envios de v\u00eddeos de felicita\u00e7\u00f5es para Lula com as tags #ParabensLula e #Lula75Anos.<\/p>\n\n\n\n<p>Estes conte\u00fados ser\u00e3o parte da mobiliza\u00e7\u00e3o nas redes no dia 27, que conta ainda com algumas atividades presenciais pelo pa\u00eds, sempre seguindo todas as recomenda\u00e7\u00f5es sanit\u00e1rias em fun\u00e7\u00e3o da&nbsp;<a href=\"https:\/\/pt.org.br\/tag\/pandemia\/\" target=\"_blank\" rel=\"noreferrer noopener\">pandemia<\/a>. No final desta ter\u00e7a-feira, um programa especial \u201cAnivers\u00e1rio de Lula\u201d ser\u00e1 realizado nas redes do&nbsp;<a href=\"https:\/\/pt.org.br\/tag\/comite-lula-livre\/\" target=\"_blank\" rel=\"noreferrer noopener\">Comit\u00ea Lula Livre<\/a>, do&nbsp;<a href=\"https:\/\/pt.org.br\/tag\/instituto-lula\/\" target=\"_blank\" rel=\"noreferrer noopener\">Instituto Lula<\/a>, do PT e outros parceiros sobre a vida do ex-presidente.<\/p>\n\n\n\n<p>Nesta ter\u00e7a-feira, nos\u00a0<a rel=\"noreferrer noopener\" href=\"https:\/\/pt.org.br\/tag\/eua\/\" target=\"_blank\">EUA<\/a>, o Coletivo BRADO-NY\u00a0<a rel=\"noreferrer noopener\" href=\"https:\/\/pt.org.br\/tag\/entrevista\/\" target=\"_blank\">entrevista<\/a>\u00a0o escritor\u00a0<a rel=\"noreferrer noopener\" href=\"https:\/\/pt.org.br\/tag\/fernando-morais\/\" target=\"_blank\">Fernando Morais<\/a>, que escreve livro sobre a trajet\u00f3ria de Lula, e promove interven\u00e7\u00e3o urbana com obras do fot\u00f3grafo Ricardo Stuckert. Ambos est\u00e3o produzindo um v\u00eddeo com Lula falando sobre diferentes assuntos e situa\u00e7\u00f5es que enfrentou durante toda a sua trajet\u00f3ria e que ser\u00e1 exibido dia 27.<\/p>\n\n\n\n<p>Na Espanha, o Comit\u00ea Lula Libre Madrid convoca a o bate-papo \u201c&nbsp;<a href=\"https:\/\/pt.org.br\/tag\/lawfare\/\" target=\"_blank\" rel=\"noreferrer noopener\">Lawfare<\/a>\u201d, com Gerardo Pisarello, jurista e vice-prefeito de Barcelona entire 2015 \u2013 2019, Rafael Valim, jurista, e Gabriela Brochner, cientista pol\u00edtica.<\/p>\n\n\n\n<p>O Comite Lula Livre UK \u2013 FREE LULA do Reino Unido e o FIRMES da Espanha organizam um debate online com&nbsp;<a href=\"https:\/\/pt.org.br\/tag\/enio-verri\/\" target=\"_blank\" rel=\"noreferrer noopener\">Enio Verri<\/a>, l\u00edder do&nbsp;<a href=\"https:\/\/pt.org.br\/tag\/pt-na-camara\/\" target=\"_blank\" rel=\"noreferrer noopener\">PT na C\u00e2mara<\/a>,&nbsp;<a href=\"https:\/\/pt.org.br\/tag\/paulo-pimenta\/\" target=\"_blank\" rel=\"noreferrer noopener\">Paulo Pimenta<\/a>, deputado federal PT, e Nathalia Urban, jornalista da TV 247. A Organiza\u00e7\u00e3o conta com o apoio do Comite Lula Livre England_Oxford, Brazil Liberation Front \u2013 Manchester, Brazil Solidarity Initiative, PT Londres e PT&nbsp;<a href=\"https:\/\/pt.org.br\/tag\/china\/\" target=\"_blank\" rel=\"noreferrer noopener\">China<\/a>.<\/p>\n\n\n\n<p>Na Irlanda, o N\u00facleo PT Irlanda realiza a atividade \u201cLawfare \u2013 Vencer essa guerra para restabelecer a&nbsp;<a href=\"https:\/\/pt.org.br\/tag\/democracia\/\" target=\"_blank\" rel=\"noreferrer noopener\">democracia<\/a>!\u201d, uma live com&nbsp;<a href=\"https:\/\/pt.org.br\/tag\/wadih-damous\/\" target=\"_blank\" rel=\"noreferrer noopener\">Wadih Damous<\/a>, advogado de Lula, ex-presidente da&nbsp;<a href=\"https:\/\/pt.org.br\/tag\/oab-2\/\" target=\"_blank\" rel=\"noreferrer noopener\">OAB<\/a>&nbsp;<a href=\"https:\/\/pt.org.br\/tag\/rio-de-janeiro\/\" target=\"_blank\" rel=\"noreferrer noopener\">Rio de Janeiro<\/a>.<\/p>\n\n\n\n<p>Na It\u00e1lia, o Comit\u00ea Italiano Lula Livre organiza debate virtual sobre a import\u00e2ncia do poder legislativo para a democracia, com o jornalista Breno Altman, Preta Ferreira, artista e ativista, e Marco Consolo, l\u00edder do partido italiano Rifondazione Comunista. De forma presencial, o N\u00facleo PT Bolonha promove apresenta\u00e7\u00e3o do m\u00fasico Rog\u00e9rio Tavares, que cantar\u00e1 m\u00fasicas de&nbsp;<a href=\"https:\/\/pt.org.br\/tag\/chico-buarque\/\" target=\"_blank\" rel=\"noreferrer noopener\">Chico Buarque<\/a>&nbsp;em homenagem a Lula.<\/p>\n\n\n\n<p>Em Alagoas, a&nbsp;<a href=\"https:\/\/pt.org.br\/tag\/militancia\/\" target=\"_blank\" rel=\"noreferrer noopener\">milit\u00e2ncia<\/a>&nbsp;Lula Livre se re\u00fane em ato simb\u00f3lico em frente ao antigo Produban, com bolo, faixas e um boneco do Lula em tamanho real para estimular fotos que v\u00e3o para as redes sociais.<\/p>\n\n\n\n<p>No Distrito Federal, o Comit\u00ea DF Lula Livre realiza o Ato #AnulaSTF em frente ao Supremo, exigindo \u201cvota logo HC\u201d. Como em momentos anteriores, ser\u00e1 no formato imag\u00e9tico, tamb\u00e9m com distribui\u00e7\u00e3o de m\u00e1scaras com a tag #AnulaSTF.<\/p>\n\n\n\n<p>No Esp\u00edrito Santo, vai ter Serenata na sacada do hotel na Pra\u00e7a Vermelha, com oficinas entre 12h e 15h, tel\u00e3o com fotos do Lula no ES historicamente e muita m\u00fasica. Tem tamb\u00e9m \u201cFaixa\u00e7o\u201d rel\u00e2mpagos com megafone em v\u00e1rios pontos nos munic\u00edpios de Cachoeiro do Itapemirim, Serra, Vila Velha, Cariacica, Viana, al\u00e9m de Vit\u00f3ria.<\/p>\n\n\n\n<p>Em Goi\u00e2nia, est\u00e1 previsto um ato com faixas por \u201cLula Livre\u201d e \u201cAnula&nbsp;<a href=\"https:\/\/pt.org.br\/tag\/stf\/\" target=\"_blank\" rel=\"noreferrer noopener\">STF<\/a>\u201d e megafone, em frente ao teatro Goi\u00e2nia.<\/p>\n\n\n\n<p>Porto Alegre prepara um grande abra\u00e7o \u00e0 dist\u00e2ncia ao aniversariante, organizando atividades nos munic\u00edpios e regi\u00f5es com divulga\u00e7\u00e3o nas redes com as tags #LulaInocente #AnulaSTF. \u00c0s 12h, no Largo Gl\u00eanio Peres, ocorre um breve ato com os partidos, centrais,&nbsp;<a href=\"https:\/\/pt.org.br\/tag\/mst\/\" target=\"_blank\" rel=\"noreferrer noopener\">MST<\/a>&nbsp;e outros movimentos com direito a falas, bolo e \u201cParab\u00e9ns a voc\u00ea\u201d pro Lula.<\/p>\n\n\n\n<p>No Paran\u00e1, a milit\u00e2ncia dos comit\u00eas Lula Livre est\u00e3o mobilizando v\u00eddeos para as ocupar massivamente as redes sociais com mensagens de celebra\u00e7\u00e3o a Lula, mas desejando sua plena liberdade e a volta de seus direitos pol\u00edticos e civis.<\/p>\n\n\n\n<p>No&nbsp;<a href=\"https:\/\/pt.org.br\/tag\/rio-grande-do-norte\/\" target=\"_blank\" rel=\"noreferrer noopener\">Rio Grande do Norte<\/a>&nbsp;vai rolar um Happy hour, a partir das 16 horas, com um Drive Thru entregando 200 fatias de bolo.<\/p>\n\n\n\n<p>No Rio de Janeiro, vai ter comemora\u00e7\u00e3o em grande estilo, com bolo na praia do Flamengo<\/p>\n\n\n\n<p>Em Santa Catarina, vai haver celebra\u00e7\u00e3o de 1 ano do&nbsp;<a href=\"https:\/\/pt.org.br\/tag\/festival-lula-livre\/\" target=\"_blank\" rel=\"noreferrer noopener\">Festival Lula Livre<\/a>&nbsp;SC e muito engajamento nas redes com v\u00eddeos de personalidades e candidatos por Lula Livre.<\/p>\n\n\n\n<h5 class=\"wp-block-heading\">Atos no estado de S\u00e3o Paulo<\/h5>\n\n\n\n<p>Em&nbsp;<a href=\"https:\/\/pt.org.br\/tag\/sao-paulo\/\" target=\"_blank\" rel=\"noreferrer noopener\">S\u00e3o Paulo<\/a>&nbsp;a programa\u00e7\u00e3o acontece na capital e no interior. Haver\u00e1 uma live Sarau Lula Livre \u00e0s 16hs, organizada pelo Comit\u00ea Jabaquara. As proje\u00e7\u00f5es do CCD-LL e Coletivo CorA\u00e7\u00e3o encerram o dia na capital paulista.<\/p>\n\n\n\n<p>Em Jundia\u00ed, tem Ato na Bar\u00e3o, em frente do Santander, com direito a bolo e bexigas vermelhas. Al\u00e9m de assistirem v\u00eddeos do Lula, os militantes v\u00e3o ouvir musica e cantar parab\u00e9ns em plena rua.<\/p>\n\n\n\n<p>Em Piracicaba, o Comit\u00ea realiza panfletagem no Terminal Central de Integra\u00e7\u00e3o, com participa\u00e7\u00e3o de candidatos e celebrando a vida e a liberdade para Lula.<\/p>\n\n\n\n<p>Em Mar\u00edlia, haver\u00e1 ato com plantio de \u00e1rvore, homenageando Lula, seu anivers\u00e1rio, sua futura e pr\u00f3xima liberdade, com palavras de ordem como #AnulaSTF, #LulaLivre e #LulaInocente.<\/p>\n\n\n\n<p>Em Mogi Mirim, tem muito ativismo digital do dia 22 ao dia 27 e outros Comit\u00eas tamb\u00e9m j\u00e1 se somam no envio de v\u00eddeos, como Ilhabela, Comit\u00ea Rua Jo\u00e3o Moura, Comit\u00ea de Santos C\u00e9lia e Carlos Riesco e o Conselho Municipal Lula Livre SP.<\/p>\n\n\n\n<p>Na Baixada Santista, militantes celebram com bolos em casa preservando as regras de distanciamento social, mas animados e em luta por Lula Livre e \u201cAnula STF\u201d, com agita\u00e7\u00e3o das fotos nas redes sociais.<\/p>\n\n\n\n<p>Em S\u00e3o Jos\u00e9 do Rio Preto, vai ter&nbsp;<a href=\"https:\/\/pt.org.br\/tag\/mobilizacoes\/\" target=\"_blank\" rel=\"noreferrer noopener\">mobiliza\u00e7\u00f5es<\/a>&nbsp;nas redes com as tags #ParabensLula #Gratid\u00e3oParaLula, bem como coleta de v\u00eddeos nos bairros da cidade com felicita\u00e7\u00f5es para Lula.<\/p>\n\n\n\n<p>Em Mar\u00edlia, cidade do interior de S\u00e3o Paulo, haver\u00e1 plantio de \u00e1rvore. \u201cVamos comemorar esta data plantando uma \u00e1rvore que significa vida, renascimento, num parque com o simb\u00f3lico nome de \u201cAmor e Liberdade\u201d, disse a lideran\u00e7a do Comit\u00ea.<\/p>\n","protected":false},"excerpt":{"rendered":"<p>Do Comit\u00ea Lula Livre \u2013&nbsp;Nesta ter\u00e7a-feira, 27 de outubro, militantes da esquerda brasileira e internacional, al\u00e9m dos dirigentes do&nbsp;Partido dos Trabalhadores, promovem no&nbsp;Brasil&nbsp;e no mundo o \u2018&nbsp;Lula&nbsp;Day\u2019, em comemora\u00e7\u00e3o ao anivers\u00e1rio do ex-presidente Luiz In\u00e1cio&nbsp;Lula&nbsp;da Silva. Ser\u00e3o realizadas atividades dentro e fora do Brasil para celebrar a vida e a hist\u00f3ria de Lula. O dia&#8230;<a class=\"more-link\" href=\"http:\/\/blogdalucianaoliveira.com.br\/blog\/2020\/10\/27\/lula-completa-75-anos-em-busca-de-justica-e-recebe-homenagens-no-brasil-e-no-mundo\/\">Continue a leitura <span class=\"meta-nav\">&raquo;<\/span><\/a><\/p>\n","protected":false},"author":1,"featured_media":0,"comment_status":"closed","ping_status":"open","sticky":false,"template":"","format":"standard","meta":{"_exactmetrics_skip_tracking":false,"_exactmetrics_sitenote_active":false,"_exactmetrics_sitenote_note":"","_exactmetrics_sitenote_category":0,"jetpack_post_was_ever_published":false,"_jetpack_newsletter_access":"","_jetpack_dont_email_post_to_subs":false,"_jetpack_newsletter_tier_id":0,"_jetpack_memberships_contains_paywalled_content":false,"_jetpack_memberships_contains_paid_content":false,"footnotes":"","jetpack_publicize_message":"","jetpack_publicize_feature_enabled":true,"jetpack_social_post_already_shared":true,"jetpack_social_options":{"image_generator_settings":{"template":"highway","enabled":false},"version":2}},"categories":[1],"tags":[],"class_list":["post-29908","post","type-post","status-publish","format-standard","hentry","category-notas"],"jetpack_publicize_connections":[],"jetpack_sharing_enabled":true,"jetpack_featured_media_url":"","jetpack_shortlink":"https:\/\/wp.me\/p7wKYW-7Mo","jetpack-related-posts":[],"_links":{"self":[{"href":"http:\/\/blogdalucianaoliveira.com.br\/blog\/wp-json\/wp\/v2\/posts\/29908","targetHints":{"allow":["GET"]}}],"collection":[{"href":"http:\/\/blogdalucianaoliveira.com.br\/blog\/wp-json\/wp\/v2\/posts"}],"about":[{"href":"http:\/\/blogdalucianaoliveira.com.br\/blog\/wp-json\/wp\/v2\/types\/post"}],"author":[{"embeddable":true,"href":"http:\/\/blogdalucianaoliveira.com.br\/blog\/wp-json\/wp\/v2\/users\/1"}],"replies":[{"embeddable":true,"href":"http:\/\/blogdalucianaoliveira.com.br\/blog\/wp-json\/wp\/v2\/comments?post=29908"}],"version-history":[{"count":1,"href":"http:\/\/blogdalucianaoliveira.com.br\/blog\/wp-json\/wp\/v2\/posts\/29908\/revisions"}],"predecessor-version":[{"id":29910,"href":"http:\/\/blogdalucianaoliveira.com.br\/blog\/wp-json\/wp\/v2\/posts\/29908\/revisions\/29910"}],"wp:attachment":[{"href":"http:\/\/blogdalucianaoliveira.com.br\/blog\/wp-json\/wp\/v2\/media?parent=29908"}],"wp:term":[{"taxonomy":"category","embeddable":true,"href":"http:\/\/blogdalucianaoliveira.com.br\/blog\/wp-json\/wp\/v2\/categories?post=29908"},{"taxonomy":"post_tag","embeddable":true,"href":"http:\/\/blogdalucianaoliveira.com.br\/blog\/wp-json\/wp\/v2\/tags?post=29908"}],"curies":[{"name":"wp","href":"https:\/\/api.w.org\/{rel}","templated":true}]}}