{"id":29913,"date":"2020-10-28T14:47:54","date_gmt":"2020-10-28T18:47:54","guid":{"rendered":"http:\/\/blogdalucianaoliveira.com.br\/blog\/?p=29913"},"modified":"2020-10-28T14:47:59","modified_gmt":"2020-10-28T18:47:59","slug":"marco-temporal-indigenas-questionam-interesse-por-tras-de-mais-um-adiamento-no-stf","status":"publish","type":"post","link":"http:\/\/blogdalucianaoliveira.com.br\/blog\/2020\/10\/28\/marco-temporal-indigenas-questionam-interesse-por-tras-de-mais-um-adiamento-no-stf\/","title":{"rendered":"\u201cMarco temporal\u201d: ind\u00edgenas questionam interesse por tr\u00e1s de mais um adiamento no STF"},"content":{"rendered":"\n<figure class=\"wp-block-image size-large\"><img data-recalc-dims=\"1\" loading=\"lazy\" decoding=\"async\" width=\"535\" height=\"350\" data-attachment-id=\"29914\" data-permalink=\"http:\/\/blogdalucianaoliveira.com.br\/blog\/2020\/10\/28\/marco-temporal-indigenas-questionam-interesse-por-tras-de-mais-um-adiamento-no-stf\/image-24-11\/\" data-orig-file=\"https:\/\/i0.wp.com\/blogdalucianaoliveira.com.br\/blog\/wp-content\/uploads\/2020\/10\/image-24.jpeg?fit=535%2C350\" data-orig-size=\"535,350\" data-comments-opened=\"0\" data-image-meta=\"{&quot;aperture&quot;:&quot;0&quot;,&quot;credit&quot;:&quot;&quot;,&quot;camera&quot;:&quot;&quot;,&quot;caption&quot;:&quot;&quot;,&quot;created_timestamp&quot;:&quot;0&quot;,&quot;copyright&quot;:&quot;&quot;,&quot;focal_length&quot;:&quot;0&quot;,&quot;iso&quot;:&quot;0&quot;,&quot;shutter_speed&quot;:&quot;0&quot;,&quot;title&quot;:&quot;&quot;,&quot;orientation&quot;:&quot;1&quot;}\" data-image-title=\"image-24\" data-image-description=\"\" data-image-caption=\"\" data-medium-file=\"https:\/\/i0.wp.com\/blogdalucianaoliveira.com.br\/blog\/wp-content\/uploads\/2020\/10\/image-24.jpeg?fit=300%2C196\" data-large-file=\"https:\/\/i0.wp.com\/blogdalucianaoliveira.com.br\/blog\/wp-content\/uploads\/2020\/10\/image-24.jpeg?fit=535%2C350\" src=\"https:\/\/i0.wp.com\/blogdalucianaoliveira.com.br\/blog\/wp-content\/uploads\/2020\/10\/image-24.jpeg?resize=535%2C350\" alt=\"\" class=\"wp-image-29914\" srcset=\"https:\/\/i0.wp.com\/blogdalucianaoliveira.com.br\/blog\/wp-content\/uploads\/2020\/10\/image-24.jpeg?w=535 535w, https:\/\/i0.wp.com\/blogdalucianaoliveira.com.br\/blog\/wp-content\/uploads\/2020\/10\/image-24.jpeg?resize=300%2C196 300w, https:\/\/i0.wp.com\/blogdalucianaoliveira.com.br\/blog\/wp-content\/uploads\/2020\/10\/image-24.jpeg?resize=459%2C300 459w\" sizes=\"auto, (max-width: 535px) 100vw, 535px\" \/><\/figure>\n\n\n\n<h4 class=\"wp-block-heading\">Julgamento s\u00f3 deve ocorrer ap\u00f3s a entrada do ministro Kassio Nunes, apoiado por ruralistas e indicado por Bolsonaro&nbsp;<\/h4>\n\n\n\n<!--more-->\n\n\n\n<p>Daniel Giovanaz &#8211; Brasil de Fato\u00a0<\/p>\n\n\n\n<p>O dia 28 de outubro de 2020&nbsp;<a href=\"https:\/\/www.brasildefators.com.br\/2020\/10\/23\/julgamento-historico-pode-definir-o-futuro-das-terras-indigenas-do-brasil\" target=\"_blank\" rel=\"noreferrer noopener\">poderia entrar para a hist\u00f3ria da&nbsp;luta&nbsp;pela demarca\u00e7\u00e3o&nbsp;de terras ind\u00edgenas no Brasil<\/a>. O&nbsp;julgamento sobre o chamado &#8220;marco temporal&#8221; era aguardado com expectativa por ind\u00edgenas e ruralistas, mas foi adiado mais uma vez no Supremo Tribunal Federal (STF), em decis\u00e3o publicada na \u00faltima quinta (22). O mesmo havia ocorrido em 10 de agosto.<\/p>\n\n\n\n<p>Enquanto n\u00e3o h\u00e1 nova&nbsp;data para julgamento, organiza\u00e7\u00f5es&nbsp;que acompanham o tema&nbsp;questionam as raz\u00f5es para a retirada&nbsp;da pauta&nbsp;pelo ministro Luiz Fux, presidente da Corte.<\/p>\n\n\n\n<p>A assessoria do Supremo informou que o adiamento n\u00e3o se deu em fun\u00e7\u00e3o de&nbsp;um pedido de vistas ao processo, mas devido ao ac\u00famulo de pautas.<\/p>\n\n\n\n<p>O que est\u00e1 em jogo<\/p>\n\n\n\n<p>O STF deve julgar o&nbsp;<a href=\"https:\/\/portal.stf.jus.br\/processos\/detalhe.asp?incidente=5109720\" target=\"_blank\" rel=\"noreferrer noopener\">recurso extraordin\u00e1rio 1.017.365<\/a>, referente a&nbsp;um pedido de reintegra\u00e7\u00e3o de posse&nbsp;movido pela Funda\u00e7\u00e3o do Meio Ambiente do Estado de Santa Catarina (Farma) contra a Funda\u00e7\u00e3o Nacional do \u00cdndio (Funai) e ind\u00edgenas do povo Xokleng. A decis\u00e3o&nbsp;se refere \u00e0&nbsp;Terra Ind\u00edgena Ibirama-Laklan\u00f5, \u00e1rea reivindicada e j\u00e1 identificada como parte de seu territ\u00f3rio tradicional.<\/p>\n\n\n\n<p>O recurso teve a repercuss\u00e3o geral reconhecida pelo plen\u00e1rio do Supremo em fevereiro de 2019. Ou seja, o que for julgado nesse caso valer\u00e1 para todos os demais que&nbsp;envolvam&nbsp;demarca\u00e7\u00f5es de terras ind\u00edgenas.<\/p>\n\n\n\n<p><strong>Leia tamb\u00e9m:&nbsp;<\/strong><a href=\"https:\/\/www.brasildefato.com.br\/2020\/10\/26\/mesmo-com-terra-reconhecida-pelo-stf-comunidade-indigena-de-sp-relata-apreensao\" target=\"_blank\" rel=\"noreferrer noopener\"><strong>Mesmo com terra reconhecida pelo STF, comunidade ind\u00edgena de SP relata apreens\u00e3o ::<\/strong><\/a><\/p>\n\n\n\n<p>H\u00e1 duas teses em disputa. A primeira, baseada na&nbsp;\u201cteoria do indigenato\u201d&nbsp;reconhece o direito territorial dos povos ind\u00edgenas como origin\u00e1rio, segundo os termos da Constitui\u00e7\u00e3o Federal. A segunda, apoiada por ruralistas, prop\u00f5e uma reinterpreta\u00e7\u00e3o&nbsp;do texto constitucional com base no chamado \u201cmarco temporal\u201d.<\/p>\n\n\n\n<p>Nesse \u00faltimo caso, os povos ind\u00edgenas s\u00f3 teriam direito \u00e0 demarca\u00e7\u00e3o das terras que estivessem sob sua posse no dia 5 de outubro de 1988, data de promulga\u00e7\u00e3o da Constitui\u00e7\u00e3o, ou que estivessem sob disputa f\u00edsica ou judicial comprovada nessa data.<\/p>\n\n\n\n<p>Questionamentos<\/p>\n\n\n\n<p>Dinaman Tux\u00e1, coordenador executivo da&nbsp;Articula\u00e7\u00e3o dos Povos Ind\u00edgenas do Brasil (Apib), critica&nbsp;a decis\u00e3o de Fux de retirar o julgamento da pauta do STF e&nbsp;afirma que a falta de justificativas abre margem para especula\u00e7\u00f5es.<\/p>\n\n\n\n<p>&#8220;Eles est\u00e3o lidando com vidas, n\u00e3o est\u00e3o lidando com m\u00e1quinas, com gado&#8221;, enfatiza. &#8220;H\u00e1 uma grande mobiliza\u00e7\u00e3o da parte contr\u00e1ria, que tem interesse em explorar as terras ind\u00edgenas&nbsp;e que tem um&nbsp;<em>lobby&nbsp;<\/em>muito grande. S\u00e3o grandes corpora\u00e7\u00f5es, \u00e9 o agroneg\u00f3cio, que vem atuando de forma muito intensa sobre o Legislativo e tamb\u00e9m sobre o Judici\u00e1rio.&#8221;&nbsp;<\/p>\n\n\n\n<figure class=\"wp-block-image\"><img data-recalc-dims=\"1\" decoding=\"async\" src=\"https:\/\/i0.wp.com\/cdn.brasildefato.com.br\/media\/f2fcd07b8d8c24e520d35e3af3ad4eb9.jpg?w=600&#038;ssl=1\" alt=\"\"\/><\/figure>\n\n\n\n<p><br>Julgamento sobre o \u201cmarco temporal\u201d \u00e9 considerado decisivo para a sobreviv\u00eancia dos povos ind\u00edgenas do Brasil \/ EBC<\/p>\n\n\n\n<p>O recurso com repercuss\u00e3o geral s\u00f3 deve voltar \u00e0 pauta do Supremo ap\u00f3s a posse de&nbsp;Kassio Nunes, em 5 de novembro. O novo ministro substituir\u00e1 Celso de Mello, juiz mais antigo da Corte, que est\u00e1 prestes a se aposentar.<\/p>\n\n\n\n<p>O coordenador da Apib lembra que Nunes foi&nbsp;<a href=\"https:\/\/www.brasildefato.com.br\/2020\/10\/02\/kassio-nunes-marques-e-o-indicado-de-bolsonaro-para-substituir-celso-de-mello-no-stf\" target=\"_blank\" rel=\"noreferrer noopener\">indicado por Jair Bolsonaro (sem partido)<\/a>, conhecido por ataques recorrentes aos povos ind\u00edgenas.<\/p>\n\n\n\n<p>&#8220;No nosso entendimento, h\u00e1 sim uma vincula\u00e7\u00e3o [do adiamento] com&nbsp;a espera desse novo ministro, que&nbsp;tem alinhamento com o atual presidente&#8221;, acrescenta. &#8220;O Celso [de Mello], por outro lado, tinha certo&nbsp;di\u00e1logo conosco, entende a import\u00e2ncia da pauta, \u00e9 um constitucionalista e tem preocupa\u00e7\u00e3o com o fortalecimento da nossa democracia.&#8221;<\/p>\n\n\n\n<p>A Frente Parlamentar da Agropecu\u00e1ria (FPA) apoiou a indica\u00e7\u00e3o de Kassio Nunes ao Supremo em uma&nbsp;<a href=\"https:\/\/agencia.fpagropecuaria.org.br\/2020\/10\/21\/nota-ofical-fpa-apoia-indicacao-de-kassio-nunes-ao-stf\/\" target=\"_blank\" rel=\"noreferrer noopener\">nota divulgada no dia 21 de outubro, que cita textualmente o julgamento do marco temporal<\/a>.&nbsp;<\/p>\n\n\n\n<p><a href=\"https:\/\/www.brasildefato.com.br\/2020\/08\/14\/prestes-a-ser-julgado-marco-temporal-pode-extinguir-povos-indigenas-diz-defensor\" target=\"_blank\" rel=\"noreferrer noopener\"><strong>:: Leia tamb\u00e9m: &#8220;Marco temporal&#8221; pode extinguir povos ind\u00edgenas, diz defensor<\/strong><\/a><\/p>\n\n\n\n<p>Juliana Batista, advogada do Instituto Socioambiental (ISA), explica que a retirada de processos da pauta do&nbsp;STF n\u00e3o \u00e9 um fen\u00f4meno raro&nbsp;e que cabe ao presidente do STF definir quando ser\u00e1 o julgamento.&nbsp;<\/p>\n\n\n\n<p>&#8220;Seria bom se houvesse uma justificativa do porqu\u00ea, se h\u00e1 expectativa de voltar para a pauta&#8221;, analisa.<\/p>\n\n\n\n<p>&#8220;A gente entende que tem que ser votado logo, porque \u00e9 uma pauta importante para conferir seguran\u00e7a jur\u00eddica para interpreta\u00e7\u00e3o do&nbsp;<a href=\"https:\/\/www.jusbrasil.com.br\/topicos\/10643688\/artigo-231-da-constituicao-federal-de-1988\" target=\"_blank\" rel=\"noreferrer noopener\">artigo 231 da Constitui\u00e7\u00e3o<\/a>&nbsp;e para termos uma palavra final do STF sobre o tema. Uma interpreta\u00e7\u00e3o equivocada pode gerar manobras contr\u00e1rias aos direitos ind\u00edgenas&#8221;, ressalta.<\/p>\n\n\n\n<p>O C\u00f3digo de Processo Civil orienta que casos de repercuss\u00e3o geral s\u00e3o priorit\u00e1rios e devem ser julgados em at\u00e9 um ano. &#8220;No caso do marco temporal, a pauta est\u00e1 aguardando h\u00e1 mais de um ano e meio&#8221;, ressalta Batista.&nbsp;<\/p>\n\n\n\n<p>Enquanto o recurso n\u00e3o \u00e9 julgado<\/p>\n\n\n\n<p>O ex-presidente Michel Temer (MDB)&nbsp;assinou, em julho de 2017, um parecer&nbsp;da Advocacia Geral da Uni\u00e3o (AGU)&nbsp;obrigando todos os \u00f3rg\u00e3os do Executivo a aplicar o marco temporal&nbsp;e a veda\u00e7\u00e3o \u00e0 revis\u00e3o dos limites de terras j\u00e1 demarcadas.&nbsp;Naquele ano, a Apib lan\u00e7ou a campanha&nbsp;\u201cNossa hist\u00f3ria n\u00e3o come\u00e7a em 88\u201d, em oposi\u00e7\u00e3o ao argumento defendido pela AGU, por Temer e pela FPA.<\/p>\n\n\n\n<p>Desde a assinatura de&nbsp;Temer, a tese do marco temporal&nbsp;<a href=\"https:\/\/cimi.org.br\/2020\/05\/mpf-recomenda-funai-devolva-mj-procedimentos-regularizacao-terras-indigenas\/\" target=\"_blank\" rel=\"noreferrer noopener\">inviabilizou a demarca\u00e7\u00e3o de pelo menos 27 terras ind\u00edgenas<\/a>, que tiveram seus processos devolvidos&nbsp;do Minist\u00e9rio da Justi\u00e7a e Seguran\u00e7a P\u00fablica para a Funai. Outras 310 terras ind\u00edgenas est\u00e3o com processos de demarca\u00e7\u00e3o paralisados.&nbsp;<\/p>\n\n\n\n<p>Em maio de 2020,&nbsp;o ministro do STF Edson Fachin suspendeu os efeitos do parecer da AGU e todas as a\u00e7\u00f5es judiciais de reintegra\u00e7\u00f5es de posse ou anula\u00e7\u00e3o de processos de demarca\u00e7\u00e3o de terras ind\u00edgenas enquanto durar a&nbsp;<a href=\"https:\/\/www.brasildefato.com.br\/publicidade\/bdfcd1aa-cd15-48ac-b4f7-9cb61f41e842\" target=\"_blank\" rel=\"noreferrer noopener\">pandemia de covid-19<\/a>&nbsp;ou at\u00e9 o julgamento final do recurso extraordin\u00e1rio n.\u00ba 1.017.365.&nbsp;<\/p>\n\n\n\n<p>A&nbsp;<a href=\"https:\/\/www.cnabrasil.org.br\/\" target=\"_blank\" rel=\"noreferrer noopener\">Confedera\u00e7\u00e3o da Agricultura e Pecu\u00e1ria do Brasil (CNA)<\/a>, assim como v\u00e1rias organiza\u00e7\u00f5es ind\u00edgenas, participou como&nbsp;<em>amicus curiae<\/em>&nbsp;(em portugu\u00eas, &#8220;amigo da Corte&#8221;] no julgamento. Ou seja, foi ouvida pelos ministros&nbsp;do STF&nbsp;para&nbsp;subsidiar a tomada de decis\u00e3o.<\/p>\n\n\n\n<p>Assessor jur\u00eddico da CNA, Rodrigo Kaufman&nbsp;<a href=\"https:\/\/www.cnabrasil.org.br\/noticias\/cna-defende-no-stf-marco-temporal-para-demarcacoes-de-terras-indigenas\" target=\"_blank\" rel=\"noreferrer noopener\">defendeu no dia 22 de maio&nbsp;o parecer da AGU e&nbsp;a tese do marco temporal<\/a>. Contr\u00e1ria&nbsp;\u00e0 suspens\u00e3o determinada por Fachin, a Confedera\u00e7\u00e3o \u2013 que re\u00fane lideran\u00e7as ruralistas de todo o pa\u00eds \u2013 sinalizou que considerava urgente&nbsp;de um posicionamento definitivo do STF para evitar &#8220;inseguran\u00e7a jur\u00eddica&#8221; e a &#8220;conflagra\u00e7\u00e3o de conflitos no setor rural.&#8221; A sustenta\u00e7\u00e3o oral ocorreu antes da indica\u00e7\u00e3o de Nunes por Bolsonaro.<\/p>\n\n\n\n<p>&#8220;Eu acredito que isso \u00e9 uma jogada&#8221;, diz Dinaman Tux\u00e1, sobre o fato de a CNA n\u00e3o ter se posicionado publicamente em defesa do adiamento da vota\u00e7\u00e3o.<\/p>\n\n\n\n<p>&#8220;Eles veem esse novo ministro [Kassio Nunes] como um aliado, em termos de entendimento sobre a pauta do agroneg\u00f3cio. A nota da FPA n\u00e3o foi em v\u00e3o. O Kassio ainda n\u00e3o se posicionou sobre o marco temporal, mas&nbsp;<a href=\"https:\/\/www.brasildefato.com.br\/2020\/09\/30\/desembargador-cotado-para-stf-decidiu-contra-terra-indigena-e-a-favor-dos-agrotoxicos\" target=\"_blank\" rel=\"noreferrer noopener\">j\u00e1 teve decis\u00f5es contra a pauta ind\u00edgena<\/a>, o que gera temores.&#8221;<\/p>\n\n\n\n<p>O&nbsp;<strong>Brasil de Fato&nbsp;<\/strong>entrou em contato com a CNA para entender como a organiza\u00e7\u00e3o reagiu ao adiamento do julgamento no Supremo, mas n\u00e3o houve resposta.<\/p>\n\n\n\n<p>Edi\u00e7\u00e3o: Leandro Melito<\/p>\n","protected":false},"excerpt":{"rendered":"<p>Julgamento s\u00f3 deve ocorrer ap\u00f3s a entrada do ministro Kassio Nunes, apoiado por ruralistas e indicado por Bolsonaro&nbsp;<\/p>\n","protected":false},"author":1,"featured_media":0,"comment_status":"closed","ping_status":"open","sticky":false,"template":"","format":"standard","meta":{"_exactmetrics_skip_tracking":false,"_exactmetrics_sitenote_active":false,"_exactmetrics_sitenote_note":"","_exactmetrics_sitenote_category":0,"jetpack_post_was_ever_published":false,"_jetpack_newsletter_access":"","_jetpack_dont_email_post_to_subs":false,"_jetpack_newsletter_tier_id":0,"_jetpack_memberships_contains_paywalled_content":false,"_jetpack_memberships_contains_paid_content":false,"footnotes":"","jetpack_publicize_message":"","jetpack_publicize_feature_enabled":true,"jetpack_social_post_already_shared":true,"jetpack_social_options":{"image_generator_settings":{"template":"highway","enabled":false},"version":2}},"categories":[1],"tags":[],"class_list":["post-29913","post","type-post","status-publish","format-standard","hentry","category-notas"],"jetpack_publicize_connections":[],"jetpack_sharing_enabled":true,"jetpack_featured_media_url":"","jetpack_shortlink":"https:\/\/wp.me\/p7wKYW-7Mt","jetpack-related-posts":[],"_links":{"self":[{"href":"http:\/\/blogdalucianaoliveira.com.br\/blog\/wp-json\/wp\/v2\/posts\/29913","targetHints":{"allow":["GET"]}}],"collection":[{"href":"http:\/\/blogdalucianaoliveira.com.br\/blog\/wp-json\/wp\/v2\/posts"}],"about":[{"href":"http:\/\/blogdalucianaoliveira.com.br\/blog\/wp-json\/wp\/v2\/types\/post"}],"author":[{"embeddable":true,"href":"http:\/\/blogdalucianaoliveira.com.br\/blog\/wp-json\/wp\/v2\/users\/1"}],"replies":[{"embeddable":true,"href":"http:\/\/blogdalucianaoliveira.com.br\/blog\/wp-json\/wp\/v2\/comments?post=29913"}],"version-history":[{"count":1,"href":"http:\/\/blogdalucianaoliveira.com.br\/blog\/wp-json\/wp\/v2\/posts\/29913\/revisions"}],"predecessor-version":[{"id":29915,"href":"http:\/\/blogdalucianaoliveira.com.br\/blog\/wp-json\/wp\/v2\/posts\/29913\/revisions\/29915"}],"wp:attachment":[{"href":"http:\/\/blogdalucianaoliveira.com.br\/blog\/wp-json\/wp\/v2\/media?parent=29913"}],"wp:term":[{"taxonomy":"category","embeddable":true,"href":"http:\/\/blogdalucianaoliveira.com.br\/blog\/wp-json\/wp\/v2\/categories?post=29913"},{"taxonomy":"post_tag","embeddable":true,"href":"http:\/\/blogdalucianaoliveira.com.br\/blog\/wp-json\/wp\/v2\/tags?post=29913"}],"curies":[{"name":"wp","href":"https:\/\/api.w.org\/{rel}","templated":true}]}}