{"id":29916,"date":"2020-10-28T14:54:12","date_gmt":"2020-10-28T18:54:12","guid":{"rendered":"http:\/\/blogdalucianaoliveira.com.br\/blog\/?p=29916"},"modified":"2020-10-28T14:54:21","modified_gmt":"2020-10-28T18:54:21","slug":"bolsonaro-prepara-a-privatizacao-das-unidades-basicas-de-saude","status":"publish","type":"post","link":"http:\/\/blogdalucianaoliveira.com.br\/blog\/2020\/10\/28\/bolsonaro-prepara-a-privatizacao-das-unidades-basicas-de-saude\/","title":{"rendered":"Bolsonaro prepara a privatiza\u00e7\u00e3o das unidades b\u00e1sicas de sa\u00fade"},"content":{"rendered":"\n<figure class=\"wp-block-image size-large\"><img loading=\"lazy\" decoding=\"async\" width=\"1200\" height=\"720\" data-attachment-id=\"29917\" data-permalink=\"http:\/\/blogdalucianaoliveira.com.br\/blog\/2020\/10\/28\/bolsonaro-prepara-a-privatizacao-das-unidades-basicas-de-saude\/image-25-11\/\" data-orig-file=\"https:\/\/i0.wp.com\/blogdalucianaoliveira.com.br\/blog\/wp-content\/uploads\/2020\/10\/image-25.jpeg?fit=1200%2C720\" data-orig-size=\"1200,720\" data-comments-opened=\"0\" data-image-meta=\"{&quot;aperture&quot;:&quot;0&quot;,&quot;credit&quot;:&quot;&quot;,&quot;camera&quot;:&quot;&quot;,&quot;caption&quot;:&quot;&quot;,&quot;created_timestamp&quot;:&quot;0&quot;,&quot;copyright&quot;:&quot;&quot;,&quot;focal_length&quot;:&quot;0&quot;,&quot;iso&quot;:&quot;0&quot;,&quot;shutter_speed&quot;:&quot;0&quot;,&quot;title&quot;:&quot;&quot;,&quot;orientation&quot;:&quot;0&quot;}\" data-image-title=\"image-25\" data-image-description=\"\" data-image-caption=\"\" data-medium-file=\"https:\/\/i0.wp.com\/blogdalucianaoliveira.com.br\/blog\/wp-content\/uploads\/2020\/10\/image-25.jpeg?fit=300%2C180\" data-large-file=\"https:\/\/i0.wp.com\/blogdalucianaoliveira.com.br\/blog\/wp-content\/uploads\/2020\/10\/image-25.jpeg?fit=600%2C360\" src=\"https:\/\/i0.wp.com\/blogdalucianaoliveira.com.br\/blog\/wp-content\/uploads\/2020\/10\/image-25.jpeg?fit=600%2C360\" alt=\"\" class=\"wp-image-29917\" srcset=\"https:\/\/i0.wp.com\/blogdalucianaoliveira.com.br\/blog\/wp-content\/uploads\/2020\/10\/image-25.jpeg?w=1200 1200w, https:\/\/i0.wp.com\/blogdalucianaoliveira.com.br\/blog\/wp-content\/uploads\/2020\/10\/image-25.jpeg?resize=300%2C180 300w, https:\/\/i0.wp.com\/blogdalucianaoliveira.com.br\/blog\/wp-content\/uploads\/2020\/10\/image-25.jpeg?resize=1024%2C614 1024w, https:\/\/i0.wp.com\/blogdalucianaoliveira.com.br\/blog\/wp-content\/uploads\/2020\/10\/image-25.jpeg?resize=768%2C461 768w, https:\/\/i0.wp.com\/blogdalucianaoliveira.com.br\/blog\/wp-content\/uploads\/2020\/10\/image-25.jpeg?resize=500%2C300 500w\" sizes=\"auto, (max-width: 600px) 100vw, 600px\" \/><\/figure>\n\n\n\n<p>Conselhos criticam modelo; Minist\u00e9rio da Economia fala em moderniza\u00e7\u00e3o das UBS<\/p>\n\n\n\n<!--more-->\n\n\n\n<p>Carta Capital <\/p>\n\n\n\n<p>O presidente\u00a0<strong><a href=\"https:\/\/www.cartacapital.com.br\/tag\/jair-bolsonaro\/\">Jair Bolsonaro<\/a><\/strong>\u00a0publicou um decreto na ter\u00e7a-feira 27 que autoriza\u00a0a equipe econ\u00f4mica a preparar modelo de privatiza\u00e7\u00e3o para unidades b\u00e1sicas de sa\u00fade (UBS).<\/p>\n\n\n\n<p>O decreto prev\u00ea a \u201celabora\u00e7\u00e3o de estudos de alternativas de parcerias com a iniciativa privada para a constru\u00e7\u00e3o, a moderniza\u00e7\u00e3o e a opera\u00e7\u00e3o de Unidades B\u00e1sicas de Sa\u00fade dos Estados, do Distrito Federal e dos Munic\u00edpios.\u201d<\/p>\n\n\n\n<p>O texto afirma que, inicialmente, a medida permitir\u00e1 a estrutura\u00e7\u00e3o de projetos pilotos, cuja sele\u00e7\u00e3o ser\u00e1 estabelecida em ato da Secretaria Especial do Programa de Parcerias de Investimentos do Minist\u00e9rio da Economia.<\/p>\n\n\n\n<p>O Minist\u00e9rio da Economia argumenta que \u201co principal ponto do projeto \u00e9 encontrar solu\u00e7\u00f5es para a quantidade significativa de Unidades B\u00e1sicas de Sa\u00fade inconclusas ou que n\u00e3o est\u00e3o em opera\u00e7\u00e3o no Pa\u00eds.<\/p>\n\n\n\n<p>Veja a&nbsp;<a href=\"https:\/\/www.in.gov.br\/en\/web\/dou\/-\/decreto-n-10.530-de-26-de-outubro-de-2020-284999568\">\u00edntegra do decreto<\/a>.<\/p>\n\n\n\n<h2 class=\"wp-block-heading\"><strong>Rea\u00e7\u00f5es<\/strong><\/h2>\n\n\n\n<p>Em nota, o Conselho Nacional de Sa\u00fade criticou a decis\u00e3o do governo e disse que a medida \u00e9 arbitr\u00e1ria e tem como objetivo privatizar as unidades b\u00e1sicas de sa\u00fade no pa\u00eds.<\/p>\n\n\n\n<p>\u201cN\u00f3s, do Conselho Nacional de Sa\u00fade, n\u00e3o aceitaremos a arbitrariedade do presidente da Rep\u00fablica, que no dia 26 editou um decreto publicado no dia 27, com a inten\u00e7\u00e3o de privatizar as unidades b\u00e1sicas de sa\u00fade em todo o Brasil. Nossa C\u00e2mara T\u00e9cnica de Aten\u00e7\u00e3o B\u00e1sica vai fazer uma avalia\u00e7\u00e3o mais aprofundada e tomar as medidas cab\u00edveis em um momento em que precisamos fortalecer o SUS, que tem salvado vidas. Estamos nos posicionando perante toda a sociedade brasileira como sempre nos posicionamos contra qualquer tipo de privatiza\u00e7\u00e3o, de retirada de direitos e de fragiliza\u00e7\u00e3o do SUS. Continuaremos defendendo a vida, defendendo o SUS, defendendo a democracia.\u201d A nota \u00e9 assinada pelo presidente do CNS, Fernando Pigatto.<\/p>\n\n\n\n<p>J\u00e1 o presidente Conselho Nacional de Secret\u00e1rios de Sa\u00fade (Conass), Carlos Eduardo Lula, disse que a medida promove uma completa mudan\u00e7a do modelo atual.<\/p>\n\n\n\n<p>\u201c\u00c9 uma loucura ter um decreto do Minist\u00e9rio da Economia para falar sobre aten\u00e7\u00e3o prim\u00e1ria. \u00c9 muito esquisito esse modelo, porque parece ser uma PPP (parceria p\u00fablico-privada), mas n\u00e3o deixa claro. Essa PPP s\u00f3 tem sentidio em grandes obras e n\u00e3o em pequenas obras como \u00e9 o caso de uma UBS. A UBS em tese n\u00e3o \u00e9 lucrativa para gerar investimento por parte da empresa para fazer isso\u201d, afirmou em entrevista ao Globo.<\/p>\n\n\n\n<p>\u201cO sentido da PPP \u00e9 a empresa construir porque o Estado n\u00e3o tem recurso para isso e ela administrar porque vai ter, em tese, um lucro durante determinado per\u00edodo de tempo. \u00d3bvio que isso acontece no caso de hospitais, mas no caso de UBS n\u00e3o faz nenhum sentido, porque a obra \u00e9 pequena, precisa de poucos recursos, e , segundo, n\u00e3o gera receita. \u00c9 um neg\u00f3cio esquisito e sem a participa\u00e7\u00e3o do Minist\u00e9rio da Sa\u00fade, o que deixa ainda mais esquisito. \u00c9 estranh\u00edssimo\u201d, completou.<\/p>\n","protected":false},"excerpt":{"rendered":"<p>Conselhos criticam modelo; Minist\u00e9rio da Economia fala em moderniza\u00e7\u00e3o das UBS<\/p>\n","protected":false},"author":1,"featured_media":0,"comment_status":"closed","ping_status":"open","sticky":false,"template":"","format":"standard","meta":{"_exactmetrics_skip_tracking":false,"_exactmetrics_sitenote_active":false,"_exactmetrics_sitenote_note":"","_exactmetrics_sitenote_category":0,"jetpack_post_was_ever_published":false,"_jetpack_newsletter_access":"","_jetpack_dont_email_post_to_subs":false,"_jetpack_newsletter_tier_id":0,"_jetpack_memberships_contains_paywalled_content":false,"_jetpack_memberships_contains_paid_content":false,"footnotes":"","jetpack_publicize_message":"","jetpack_publicize_feature_enabled":true,"jetpack_social_post_already_shared":true,"jetpack_social_options":{"image_generator_settings":{"template":"highway","enabled":false},"version":2}},"categories":[1],"tags":[],"class_list":["post-29916","post","type-post","status-publish","format-standard","hentry","category-notas"],"jetpack_publicize_connections":[],"jetpack_sharing_enabled":true,"jetpack_featured_media_url":"","jetpack_shortlink":"https:\/\/wp.me\/p7wKYW-7Mw","jetpack-related-posts":[],"_links":{"self":[{"href":"http:\/\/blogdalucianaoliveira.com.br\/blog\/wp-json\/wp\/v2\/posts\/29916","targetHints":{"allow":["GET"]}}],"collection":[{"href":"http:\/\/blogdalucianaoliveira.com.br\/blog\/wp-json\/wp\/v2\/posts"}],"about":[{"href":"http:\/\/blogdalucianaoliveira.com.br\/blog\/wp-json\/wp\/v2\/types\/post"}],"author":[{"embeddable":true,"href":"http:\/\/blogdalucianaoliveira.com.br\/blog\/wp-json\/wp\/v2\/users\/1"}],"replies":[{"embeddable":true,"href":"http:\/\/blogdalucianaoliveira.com.br\/blog\/wp-json\/wp\/v2\/comments?post=29916"}],"version-history":[{"count":1,"href":"http:\/\/blogdalucianaoliveira.com.br\/blog\/wp-json\/wp\/v2\/posts\/29916\/revisions"}],"predecessor-version":[{"id":29918,"href":"http:\/\/blogdalucianaoliveira.com.br\/blog\/wp-json\/wp\/v2\/posts\/29916\/revisions\/29918"}],"wp:attachment":[{"href":"http:\/\/blogdalucianaoliveira.com.br\/blog\/wp-json\/wp\/v2\/media?parent=29916"}],"wp:term":[{"taxonomy":"category","embeddable":true,"href":"http:\/\/blogdalucianaoliveira.com.br\/blog\/wp-json\/wp\/v2\/categories?post=29916"},{"taxonomy":"post_tag","embeddable":true,"href":"http:\/\/blogdalucianaoliveira.com.br\/blog\/wp-json\/wp\/v2\/tags?post=29916"}],"curies":[{"name":"wp","href":"https:\/\/api.w.org\/{rel}","templated":true}]}}