{"id":29919,"date":"2020-10-31T06:06:30","date_gmt":"2020-10-31T10:06:30","guid":{"rendered":"http:\/\/blogdalucianaoliveira.com.br\/blog\/?p=29919"},"modified":"2020-10-31T06:06:34","modified_gmt":"2020-10-31T10:06:34","slug":"as-incriveis-aventuras-do-ministro-astronauta","status":"publish","type":"post","link":"http:\/\/blogdalucianaoliveira.com.br\/blog\/2020\/10\/31\/as-incriveis-aventuras-do-ministro-astronauta\/","title":{"rendered":"AS INCR\u00cdVEIS AVENTURAS DO MINISTRO-ASTRONAUTA"},"content":{"rendered":"\n<figure class=\"wp-block-image size-large\"><img loading=\"lazy\" decoding=\"async\" width=\"1200\" height=\"700\" data-attachment-id=\"29920\" data-permalink=\"http:\/\/blogdalucianaoliveira.com.br\/blog\/2020\/10\/31\/as-incriveis-aventuras-do-ministro-astronauta\/image-26-11\/\" data-orig-file=\"https:\/\/i0.wp.com\/blogdalucianaoliveira.com.br\/blog\/wp-content\/uploads\/2020\/10\/image-26.jpeg?fit=1200%2C700\" data-orig-size=\"1200,700\" data-comments-opened=\"0\" data-image-meta=\"{&quot;aperture&quot;:&quot;0&quot;,&quot;credit&quot;:&quot;&quot;,&quot;camera&quot;:&quot;&quot;,&quot;caption&quot;:&quot;&quot;,&quot;created_timestamp&quot;:&quot;0&quot;,&quot;copyright&quot;:&quot;&quot;,&quot;focal_length&quot;:&quot;0&quot;,&quot;iso&quot;:&quot;0&quot;,&quot;shutter_speed&quot;:&quot;0&quot;,&quot;title&quot;:&quot;&quot;,&quot;orientation&quot;:&quot;0&quot;}\" data-image-title=\"image-26\" data-image-description=\"\" data-image-caption=\"\" data-medium-file=\"https:\/\/i0.wp.com\/blogdalucianaoliveira.com.br\/blog\/wp-content\/uploads\/2020\/10\/image-26.jpeg?fit=300%2C175\" data-large-file=\"https:\/\/i0.wp.com\/blogdalucianaoliveira.com.br\/blog\/wp-content\/uploads\/2020\/10\/image-26.jpeg?fit=600%2C350\" src=\"https:\/\/i0.wp.com\/blogdalucianaoliveira.com.br\/blog\/wp-content\/uploads\/2020\/10\/image-26.jpeg?fit=600%2C350\" alt=\"\" class=\"wp-image-29920\" srcset=\"https:\/\/i0.wp.com\/blogdalucianaoliveira.com.br\/blog\/wp-content\/uploads\/2020\/10\/image-26.jpeg?w=1200 1200w, https:\/\/i0.wp.com\/blogdalucianaoliveira.com.br\/blog\/wp-content\/uploads\/2020\/10\/image-26.jpeg?resize=300%2C175 300w, https:\/\/i0.wp.com\/blogdalucianaoliveira.com.br\/blog\/wp-content\/uploads\/2020\/10\/image-26.jpeg?resize=1024%2C597 1024w, https:\/\/i0.wp.com\/blogdalucianaoliveira.com.br\/blog\/wp-content\/uploads\/2020\/10\/image-26.jpeg?resize=768%2C448 768w, https:\/\/i0.wp.com\/blogdalucianaoliveira.com.br\/blog\/wp-content\/uploads\/2020\/10\/image-26.jpeg?resize=514%2C300 514w\" sizes=\"auto, (max-width: 600px) 100vw, 600px\" \/><\/figure>\n\n\n\n<h4 class=\"wp-block-heading\">Pontes nomeou para cargo de confian\u00e7a s\u00f3cia com quem mant\u00e9m rede de empresas para venda de bonecos, livros, palestras motivacionais e viagens ao espa\u00e7o&nbsp;<\/h4>\n\n\n\n<!--more-->\n\n\n\n<p><strong>MARTA SALOMON<\/strong>, Revista Piau\u00ed <\/p>\n\n\n\n<p><strong>A<\/strong>oportunidade de ver com os pr\u00f3prios olhos que a Terra \u00e9 redonda, num passeio at\u00e9 a estratosfera, \u00e9 uma das experi\u00eancias que a Marcos Pontes Aventuras Incr\u00edveis, ag\u00eancia de turismo do ministro-astronauta, oferece a bordo de um ca\u00e7a supers\u00f4nico MIG-29 na R\u00fassia. Quem se dispuser a pagar 33,3 mil d\u00f3lares pelo voo de 45 minutos ter\u00e1 direito, segundo documento sobre op\u00e7\u00f5es de pacotes de viagens, a um \u201cbriefing\u201d do ministro da Ci\u00eancia e Tecnologia e a um certificado assinado por ele. A passagem a\u00e9rea para a R\u00fassia n\u00e3o est\u00e1 inclu\u00edda no pre\u00e7o.<\/p>\n\n\n\n<p>Marcos Pontes continua s\u00f3cio da ag\u00eancia de turismo de aventuras e da Portally Servi\u00e7os e Com\u00e9rcio de Artigos Diversos, duas empresas que integram uma rede maior de CNPJs montada em torno da fama do primeiro brasileiro a ir ao espa\u00e7o. Pontes tamb\u00e9m levou sua s\u00f3cia, Christiane Gon\u00e7alves Corr\u00eaa, para a equipe do minist\u00e9rio. N\u00e3o h\u00e1 impedimento legal a que um ministro mantenha neg\u00f3cios privados ou leve um s\u00f3cio para trabalhar a seu lado no governo.&nbsp;<\/p>\n\n\n\n<p>S\u00f3 em di\u00e1rias para acompanhar o ministro em viagens de trabalho, pagas a Christiane Corr\u00eaa pelo contribuinte, o Portal da Transpar\u00eancia registrava, at\u00e9 23 de outubro, gastos de 266,6 mil reais. Esse dinheiro seria mais do que suficiente para pagar, mesmo com o d\u00f3lar em alta, pela experi\u00eancia de desfrutar de uma \u201cbonita vis\u00e3o da curvatura terrestre\u201d, anunciada pela ag\u00eancia de turismo do ministro e sua assistente.<\/p>\n\n\n\n<p>Na foto de apresenta\u00e7\u00e3o da empresa de turismo de aventura, em sua p\u00e1gina na internet, a s\u00f3cia aparece ao lado de Pontes. Ela tamb\u00e9m estava ao lado dele na entrevista em que o ministro comentou detalhes dos testes cl\u00ednicos com o verm\u00edfugo nitazoxanida no enfrentamento de casos precoces do novo coronav\u00edrus, no s\u00e1bado, 24. Os testes cl\u00ednicos mostraram n\u00e3o haver diferen\u00e7a na redu\u00e7\u00e3o dos sintomas ap\u00f3s cinco dias de terapia entre os volunt\u00e1rios que tomaram o rem\u00e9dio e os que tomaram um placebo, mas\u00a0<a href=\"https:\/\/piaui.folha.uol.com.br\/389516-2\/\">a propaganda estava feita<\/a>, com respaldo do Pal\u00e1cio do Planalto.<\/p>\n\n\n\n<p>A presen\u00e7a de Christiane Corr\u00eaa ao lado de Pontes \u00e9 constante. Mesmo sem ser fluente em ingl\u00eas ou espanhol, segundo informa seu curr\u00edculo acad\u00eamico na plataforma Lattes, a s\u00f3cia fez companhia ao chefe em viagens aos Estados Unidos, \u00cdndia, China, Israel e Espanha. Tamb\u00e9m visitou a Ant\u00e1rtica, em julho de 2019.<\/p>\n\n\n\n<p>Por integrar a comitiva do ministro em miss\u00e3o oficial \u00e0 Fran\u00e7a, \u00c1ustria, Emirados \u00c1rabes, Catar e Su\u00ed\u00e7a, \u201ccom o objetivo de participar de reuni\u00f5es com autoridades governamentais das \u00e1reas de ci\u00eancia, tecnologia e inova\u00e7\u00e3o, com dirigentes de institui\u00e7\u00f5es de pesquisa e com representantes de empresas inovadoras\u201d, na segunda quinzena de junho de 2019, a assessora recebeu 52,4 mil reais em di\u00e1rias. Christiane Corr\u00eaa n\u00e3o esclareceu \u00e0&nbsp;<strong>piau\u00ed<\/strong>qual teria sido sua participa\u00e7\u00e3o nesses eventos.<\/p>\n\n\n\n<p><strong>D<\/strong>uas semanas depois de ter a indica\u00e7\u00e3o para ministro anunciada pelo presidente Jair Bolsonaro, Pontes transferiu a administra\u00e7\u00e3o da ag\u00eancia de turismo de Christiane para um terceiro s\u00f3cio, Marcos Palhares, que tamb\u00e9m \u00e9 conselheiro da Funda\u00e7\u00e3o Astronauta Marcos Pontes e \u201cpalestrante motivacional\u201d como o ministro. Tanto Pontes como Christiane mantiveram direito a pr\u00f3-labore mensal da ag\u00eancia. Eles det\u00eam, juntos, 70% das a\u00e7\u00f5es da empresa de turismo.<\/p>\n\n\n\n<p>A s\u00f3cia transferiu-se para Bras\u00edlia com Marcos Pontes, em janeiro de 2019; e, antes de terminar o primeiro m\u00eas do governo Jair Bolsonaro, j\u00e1 fazia sua primeira viagem internacional a Israel. Inicialmente nomeada assessora especial do ministro, Christiane foi promovida em 11 de setembro deste ano a secret\u00e1ria de Articula\u00e7\u00e3o e Promo\u00e7\u00e3o da Ci\u00eancia&nbsp; \u2013 cargo de confian\u00e7a n\u00edvel seis, o mais alto no governo federal, com direito a sal\u00e1rio de 16.944,90 reais. Essa secretaria n\u00e3o existia at\u00e9 ent\u00e3o.&nbsp;<\/p>\n\n\n\n<p>Um decreto editado por Bolsonaro exige, nas nomea\u00e7\u00f5es para os n\u00edveis mais altos de cargos de confian\u00e7a, experi\u00eancia m\u00ednima de cinco anos em atividade correlata ou tr\u00eas anos em outro cargo de confian\u00e7a, ou, ainda, mestrado ou doutorado. A s\u00f3cia do ministro \u00e9 graduada em Comunica\u00e7\u00e3o Social e habilitada a exercer a atividade de rela\u00e7\u00f5es p\u00fablicas.&nbsp;Questionada sobre qual dos requisitos m\u00ednimos para ocupar o cargo ela preenchia, Christiane n\u00e3o respondeu \u00e0&nbsp;<strong>piau\u00ed<\/strong>.&nbsp;Consultada, a Controladoria Geral da Uni\u00e3o (CGU) informou que n\u00e3o deve permanecer no cargo em comiss\u00e3o ou fun\u00e7\u00e3o de confian\u00e7a pessoa que n\u00e3o preencha os requisitos definidos no decreto 9.727, de 2019. A nomea\u00e7\u00e3o foi assinada pelo chefe da Casa Civil, general Walter Braga Netto.<\/p>\n\n\n\n<p>Com base em dados da Receita Federal e em consulta a documentos arquivados na Junta Comercial de S\u00e3o Paulo, \u00e9 poss\u00edvel identificar Christiane como s\u00f3cia de quatro empresas que levam o nome do ministro ou t\u00eam parentes dele como s\u00f3cios. A pedido da&nbsp;<strong>piau\u00ed<\/strong>, a consultoria de intelig\u00eancia de dados Lagom Data tra\u00e7ou a teia de rela\u00e7\u00f5es empresariais que envolve o ministro Marcos Pontes, Christiane Corr\u00eaa e familiares de ambos.<\/p>\n\n\n\n<figure class=\"wp-block-image\"><a href=\"https:\/\/i0.wp.com\/piaui.folha.uol.com.br\/wp-content\/uploads\/2020\/10\/equipe-agencia-marcos-pontes_interna.jpg?ssl=1\"><img data-recalc-dims=\"1\" decoding=\"async\" src=\"https:\/\/i0.wp.com\/piaui.folha.uol.com.br\/wp-content\/uploads\/2020\/10\/equipe-agencia-marcos-pontes_interna.jpg?w=600&#038;ssl=1\" alt=\"\" class=\"wp-image-389878\"\/><\/a><\/figure>\n\n\n\n<p>Pontes e a equipe da ag\u00eancia de turismo; Christiane est\u00e1 de camiseta rosa \u2013 Foto: Divulga\u00e7\u00e3o<\/p>\n\n\n\n<p>Al\u00e9m da Ag\u00eancia Marcos Pontes de Turismo de Aventuras Ltda e da Portally Eventos e Produ\u00e7\u00f5es Ltda, que ainda t\u00eam Pontes entre os s\u00f3cios, a rede de empresas inclui a Marcos Pontes Engenharia e Eventos Ltda e a Chris McHilliard Editora Ltda. Pontes saiu das duas \u00faltimas empresas em 2012, deixando como s\u00f3cias em seu lugar a mulher, Francisca de F\u00e1tima Cavalcanti Pontes, e a filha, Ana Carolina Pontes. Christiane mant\u00e9m-se s\u00f3cia das quatro empresas. A assessora Christiane Corr\u00eaa foi questionada pela&nbsp;<strong>piau\u00ed&nbsp;<\/strong>sobre suas atividades empresariais, mas n\u00e3o respondeu \u00e0s perguntas. Pontes tampouco quis comentar.<\/p>\n\n\n\n<p>Enquanto a ag\u00eancia de turismo oferece pacotes exclusivos no espa\u00e7o, na terra, no ar e no mar, a Portally Eventos e Produ\u00e7\u00f5es cuida do com\u00e9rcio varejista de suvenires. A ag\u00eancia de turismo tamb\u00e9m oferece palestras motivacionais de Marcos Pontes, temporariamente suspensas. A p\u00e1gina na internet d\u00e1 acesso \u00e0 loja da Funda\u00e7\u00e3o Astronauta Marcos Pontes, a astroshop, onde s\u00e3o oferecidos bonecos Marquinhos, chaveiros, rel\u00f3gios com o nome de Marcos Pontes estampado e exemplares dos livros&nbsp;<em>\u00c9 poss\u00edvel<\/em>,&nbsp;<em>Miss\u00e3o Cumprida<\/em>,&nbsp;<em>Caminhando com Gagarin<\/em>&nbsp;e&nbsp;<em>O c\u00e9u n\u00e3o \u00e9 o limite<\/em>, entre outros escritos por Pontes e editados pela Chris McHillard Editora.<\/p>\n\n\n\n<p>As propostas de or\u00e7amento de viagens s\u00e3o assinadas pelo pr\u00f3prio Marcos Pontes. \u201cSeja bem-vindo \u00e0 minha Ag\u00eancia para Turismo de Aventuras, ou, como eu gosto de dizer, aventuras para a vida. Tenho certeza que sua vida ser\u00e1 outra depois dessa experi\u00eancia\u201d, diz a mensagem que antecede as op\u00e7\u00f5es de pacotes.<\/p>\n\n\n\n<p>Voar num ca\u00e7a subs\u00f4nico por aproximadamente meia hora custa entre 10,2 mil d\u00f3lares, na Eslov\u00e1quia, e 14,5 mil d\u00f3lares, na Su\u00ed\u00e7a, sem exig\u00eancia de brev\u00ea. Na R\u00fassia, a ag\u00eancia oferece voos de 45 minutos, com direito a manobras de combate, acrobacias e subida \u00e0 estratosfera, no ca\u00e7a supers\u00f4nico MIG-29. O pacote mais caro sai por 33,3 mil d\u00f3lares. A proposta de \u201cinvestimento\u201d inclui ainda uma op\u00e7\u00e3o de acompanhamento do astronauta Marcos Pontes, ao custo de 15 mil d\u00f3lares a di\u00e1ria, mais refei\u00e7\u00f5es, passagens e hospedagem.<\/p>\n\n\n\n<p>Pontes n\u00e3o \u00e9 o primeiro ministro do governo Bolsonaro com atividade empresarial paralela. Em fevereiro deste ano, a Comiss\u00e3o de \u00c9tica P\u00fablica do Planalto arquivou den\u00fancia contra o secret\u00e1rio especial de Comunica\u00e7\u00e3o Social, Fabio Wajngarten, por suposto conflito de interesse pela posse de 95% das a\u00e7\u00f5es da FW Comunica\u00e7\u00e3o &amp; Marketing. A empresa recebia dinheiro de emissoras de tev\u00ea e ag\u00eancias de publicidade contratadas pelo governo federal.<\/p>\n\n\n\n<p>Pontes foi ao espa\u00e7o em 2006 e, no mesmo ano, o ent\u00e3o tenente-coronel passou \u00e0 reserva. Em 2007, foi alvo de um inqu\u00e9rito policial militar para apurar o exerc\u00edcio ilegal de com\u00e9rcio, pr\u00e1tica proibida a militares, enquanto estava na ativa. Em agosto de 2018, o Supremo Tribunal Federal considerou prejudicado um recurso do Minist\u00e9rio P\u00fablico Militar para levar adiante a quebra dos sigilos banc\u00e1rio e fiscal do astronauta, porque o eventual crime j\u00e1 havia prescrito.<\/p>\n\n\n\n<p><\/p>\n","protected":false},"excerpt":{"rendered":"<p>Pontes nomeou para cargo de confian\u00e7a s\u00f3cia com quem mant\u00e9m rede de empresas para venda de bonecos, livros, palestras motivacionais e viagens ao espa\u00e7o&nbsp;<\/p>\n","protected":false},"author":1,"featured_media":0,"comment_status":"closed","ping_status":"open","sticky":false,"template":"","format":"standard","meta":{"_exactmetrics_skip_tracking":false,"_exactmetrics_sitenote_active":false,"_exactmetrics_sitenote_note":"","_exactmetrics_sitenote_category":0,"jetpack_post_was_ever_published":false,"_jetpack_newsletter_access":"","_jetpack_dont_email_post_to_subs":false,"_jetpack_newsletter_tier_id":0,"_jetpack_memberships_contains_paywalled_content":false,"_jetpack_memberships_contains_paid_content":false,"footnotes":"","jetpack_publicize_message":"","jetpack_publicize_feature_enabled":true,"jetpack_social_post_already_shared":true,"jetpack_social_options":{"image_generator_settings":{"template":"highway","enabled":false},"version":2}},"categories":[1],"tags":[],"class_list":["post-29919","post","type-post","status-publish","format-standard","hentry","category-notas"],"jetpack_publicize_connections":[],"jetpack_sharing_enabled":true,"jetpack_featured_media_url":"","jetpack_shortlink":"https:\/\/wp.me\/p7wKYW-7Mz","jetpack-related-posts":[],"_links":{"self":[{"href":"http:\/\/blogdalucianaoliveira.com.br\/blog\/wp-json\/wp\/v2\/posts\/29919","targetHints":{"allow":["GET"]}}],"collection":[{"href":"http:\/\/blogdalucianaoliveira.com.br\/blog\/wp-json\/wp\/v2\/posts"}],"about":[{"href":"http:\/\/blogdalucianaoliveira.com.br\/blog\/wp-json\/wp\/v2\/types\/post"}],"author":[{"embeddable":true,"href":"http:\/\/blogdalucianaoliveira.com.br\/blog\/wp-json\/wp\/v2\/users\/1"}],"replies":[{"embeddable":true,"href":"http:\/\/blogdalucianaoliveira.com.br\/blog\/wp-json\/wp\/v2\/comments?post=29919"}],"version-history":[{"count":1,"href":"http:\/\/blogdalucianaoliveira.com.br\/blog\/wp-json\/wp\/v2\/posts\/29919\/revisions"}],"predecessor-version":[{"id":29921,"href":"http:\/\/blogdalucianaoliveira.com.br\/blog\/wp-json\/wp\/v2\/posts\/29919\/revisions\/29921"}],"wp:attachment":[{"href":"http:\/\/blogdalucianaoliveira.com.br\/blog\/wp-json\/wp\/v2\/media?parent=29919"}],"wp:term":[{"taxonomy":"category","embeddable":true,"href":"http:\/\/blogdalucianaoliveira.com.br\/blog\/wp-json\/wp\/v2\/categories?post=29919"},{"taxonomy":"post_tag","embeddable":true,"href":"http:\/\/blogdalucianaoliveira.com.br\/blog\/wp-json\/wp\/v2\/tags?post=29919"}],"curies":[{"name":"wp","href":"https:\/\/api.w.org\/{rel}","templated":true}]}}